{"id":21617,"date":"2022-07-04T08:58:54","date_gmt":"2022-07-04T07:58:54","guid":{"rendered":"https:\/\/defenceforchildren.org\/fr\/?p=21617"},"modified":"2023-08-08T16:33:19","modified_gmt":"2023-08-08T15:33:19","slug":"she-leads-programme","status":"publish","type":"post","link":"https:\/\/defenceforchildren.org\/fr\/she-leads-programme\/","title":{"rendered":"She Leads Programme"},"content":{"rendered":"\t\t<div data-elementor-type=\"wp-post\" data-elementor-id=\"21617\" class=\"elementor elementor-21617\" data-elementor-post-type=\"post\">\n\t\t\t\t\t\t<section class=\"elementor-section elementor-top-section elementor-element elementor-element-2ff5e32 elementor-section-boxed elementor-section-height-default elementor-section-height-default\" data-id=\"2ff5e32\" data-element_type=\"section\" data-e-type=\"section\">\n\t\t\t\t\t\t<div class=\"elementor-container elementor-column-gap-default\">\n\t\t\t\t\t<div class=\"elementor-column elementor-col-100 elementor-top-column elementor-element elementor-element-7f7f70d\" data-id=\"7f7f70d\" data-element_type=\"column\" data-e-type=\"column\">\n\t\t\t<div class=\"elementor-widget-wrap elementor-element-populated\">\n\t\t\t\t\t\t<div class=\"elementor-element elementor-element-9226b18 elementor-widget elementor-widget-image\" data-id=\"9226b18\" data-element_type=\"widget\" data-e-type=\"widget\" data-widget_type=\"image.default\">\n\t\t\t\t<div class=\"elementor-widget-container\">\n\t\t\t\t\t\t\t\t\t\t\t\t\t\t\t<img fetchpriority=\"high\" decoding=\"async\" width=\"1536\" height=\"963\" src=\"https:\/\/defenceforchildren.org\/wp-content\/uploads\/2022\/07\/2023-07-03_She-Leads_\u00a9A-Tardy-Plan-International_credit-Antoine-Tardy-29-copia-1536x963.jpg\" class=\"attachment-1536x1536 size-1536x1536 wp-image-23730\" alt=\"\" srcset=\"https:\/\/defenceforchildren.org\/wp-content\/uploads\/2022\/07\/2023-07-03_She-Leads_\u00a9A-Tardy-Plan-International_credit-Antoine-Tardy-29-copia-1536x963.jpg 1536w, https:\/\/defenceforchildren.org\/wp-content\/uploads\/2022\/07\/2023-07-03_She-Leads_\u00a9A-Tardy-Plan-International_credit-Antoine-Tardy-29-copia-750x470.jpg 750w, https:\/\/defenceforchildren.org\/wp-content\/uploads\/2022\/07\/2023-07-03_She-Leads_\u00a9A-Tardy-Plan-International_credit-Antoine-Tardy-29-copia-1024x642.jpg 1024w, https:\/\/defenceforchildren.org\/wp-content\/uploads\/2022\/07\/2023-07-03_She-Leads_\u00a9A-Tardy-Plan-International_credit-Antoine-Tardy-29-copia-768x482.jpg 768w, https:\/\/defenceforchildren.org\/wp-content\/uploads\/2022\/07\/2023-07-03_She-Leads_\u00a9A-Tardy-Plan-International_credit-Antoine-Tardy-29-copia.jpg 1800w\" sizes=\"(max-width: 1536px) 100vw, 1536px\" \/>\t\t\t\t\t\t\t\t\t\t\t\t\t\t\t<\/div>\n\t\t\t\t<\/div>\n\t\t\t\t<div class=\"elementor-element elementor-element-39a76fa elementor-align-center elementor-widget elementor-widget-button\" data-id=\"39a76fa\" data-element_type=\"widget\" data-e-type=\"widget\" data-widget_type=\"button.default\">\n\t\t\t\t<div class=\"elementor-widget-container\">\n\t\t\t\t\t\t\t\t\t<div class=\"elementor-button-wrapper\">\n\t\t\t\t\t<a class=\"elementor-button elementor-size-sm\" role=\"button\">\n\t\t\t\t\t\t<span class=\"elementor-button-content-wrapper\">\n\t\t\t\t\t\t\t\t\t<span class=\"elementor-button-text\">She Leads<\/span>\n\t\t\t\t\t<\/span>\n\t\t\t\t\t<\/a>\n\t\t\t\t<\/div>\n\t\t\t\t\t\t\t\t<\/div>\n\t\t\t\t<\/div>\n\t\t\t\t\t<\/div>\n\t\t<\/div>\n\t\t\t\t\t<\/div>\n\t\t<\/section>\n\t\t\t\t<section class=\"elementor-section elementor-top-section elementor-element elementor-element-ccaf407 elementor-section-boxed elementor-section-height-default elementor-section-height-default\" data-id=\"ccaf407\" data-element_type=\"section\" data-e-type=\"section\">\n\t\t\t\t\t\t<div class=\"elementor-container elementor-column-gap-default\">\n\t\t\t\t\t<div class=\"elementor-column elementor-col-100 elementor-top-column elementor-element elementor-element-7c28baf\" data-id=\"7c28baf\" data-element_type=\"column\" data-e-type=\"column\">\n\t\t\t<div class=\"elementor-widget-wrap elementor-element-populated\">\n\t\t\t\t\t\t<div class=\"elementor-element elementor-element-65bb2fa elementor-widget elementor-widget-text-editor\" data-id=\"65bb2fa\" data-element_type=\"widget\" data-e-type=\"widget\" data-widget_type=\"text-editor.default\">\n\t\t\t\t<div class=\"elementor-widget-container\">\n\t\t\t\t\t\t\t\t\t<p><strong>She Leads est un consortium qui rassemble des organisations de d\u00e9fense des droits de l\u2019enfant, des organisations f\u00e9ministes\/de d\u00e9fense des droits des femmes et des groupes dirig\u00e9s par des filles et des jeunes femmes dans un effort commun pour accro\u00eetre l\u2019influence durable des filles et des jeunes femmes sur la prise de d\u00e9cision et la transformation des normes de genre dans les institutions formelles et informelles.<\/strong> She Leads a pour objectif de soutenir et d\u2019\u00e9quiper les filles et les jeunes femmes pour qu\u2019elles soient les moteurs du changement dans leur pays et travaille au niveau international pour faire \u00e9voluer les politiques sur la participation des filles et des jeunes femmes et pour donner aux filles et jeunes femmes les moyens d\u2019utiliser les syst\u00e8mes internationaux pour faire avancer leur plaidoyer.<\/p><p>\u00a0<\/p><p><strong><u>Objectifs<\/u><\/strong><\/p><p>She Leads est un programme quinquennal conjoint de Plan International Pays-Bas, Defence for Children \u2013 ECPAT Pays-Bas (DCI-ECPAT), African Women\u2019s Development and Communication Network (FEMNET), et Terre des Hommes (TdH) Pays-Bas, en partenariat avec le minist\u00e8re des Affaires \u00e9trang\u00e8res des Pays-Bas.<\/p><p>\u00a0<\/p><p>Ce programme est ax\u00e9 sur <strong>l\u2019Afrique de l\u2019Est (Ouganda, \u00c9thiopie et Kenya), l\u2019Afrique de l\u2019Ouest (Ghana, Mali, Sierra Leone et Liberia) et le Moyen-Orient (Liban et Jordanie).<\/strong> Le programme vise \u00e9galement \u00e0 cibler les institutions r\u00e9gionales, les m\u00e9canismes internationaux des droits de l\u2019homme et d\u2019autres parties prenantes, ainsi qu\u2019\u00e0 faciliter l\u2019acc\u00e8s des filles et des jeunes femmes aux plateformes r\u00e9gionales et internationales. L\u2019objectif du programme She Leads est <strong>d\u2019accro\u00eetre l\u2019influence durable des filles et des jeunes femmes sur la prise de d\u00e9cision et la transformation des normes de genre dans les institutions formelles et informelles.<\/strong><\/p><p>\u00a0<\/p><p>Pour atteindre cet objectif, les trois r\u00e9sultats suivants sont n\u00e9cessaires :<\/p><ol><li>Action et activisme collectifs des filles et des jeunes femmes dans une soci\u00e9t\u00e9 civile sensible au genre.<\/li><li>Une plus grande acceptation des normes sociales positives en mati\u00e8re de genre.<\/li><li>Les institutions politiques \u00e0 tous les niveaux permettent la participation pleine et enti\u00e8re des jeunes femmes et des hommes dans la prise de d\u00e9cision.<\/li><\/ol><p><strong>Ce programme est sp\u00e9cifique au contexte,<\/strong> car chaque pays pr\u00e9sente diff\u00e9rents facteurs (tels que l\u2019ouverture du syst\u00e8me politique, l\u2019espace civique disponible, les conflits et l\u2019instabilit\u00e9, la force de la soci\u00e9t\u00e9 civile et la pr\u00e9valence de normes n\u00e9fastes) qui fa\u00e7onnent les diff\u00e9rentes voies du changement. She Leads aide les groupes dirig\u00e9s par des filles et les partenaires locaux \u00e0 cr\u00e9er leur propre programme et \u00e0 prendre leurs propres d\u00e9cisions en mati\u00e8re de plaidoyer et de strat\u00e9gie.<\/p>\t\t\t\t\t\t\t\t<\/div>\n\t\t\t\t<\/div>\n\t\t\t\t\t<\/div>\n\t\t<\/div>\n\t\t\t\t\t<\/div>\n\t\t<\/section>\n\t\t\t\t<section class=\"elementor-section elementor-top-section elementor-element elementor-element-625e71e elementor-section-boxed elementor-section-height-default elementor-section-height-default\" data-id=\"625e71e\" data-element_type=\"section\" data-e-type=\"section\">\n\t\t\t\t\t\t<div class=\"elementor-container elementor-column-gap-default\">\n\t\t\t\t\t<div class=\"elementor-column elementor-col-50 elementor-top-column elementor-element elementor-element-8bd9c43\" data-id=\"8bd9c43\" data-element_type=\"column\" data-e-type=\"column\">\n\t\t\t<div class=\"elementor-widget-wrap elementor-element-populated\">\n\t\t\t\t\t\t<div class=\"elementor-element elementor-element-af495e8 elementor-widget elementor-widget-image\" data-id=\"af495e8\" data-element_type=\"widget\" data-e-type=\"widget\" data-widget_type=\"image.default\">\n\t\t\t\t<div class=\"elementor-widget-container\">\n\t\t\t\t\t\t\t\t\t\t\t\t<figure class=\"wp-caption\">\n\t\t\t\t\t\t\t\t\t\t<img decoding=\"async\" width=\"1545\" height=\"1002\" src=\"https:\/\/defenceforchildren.org\/wp-content\/uploads\/2021\/05\/2023-07-03_She-Leads_\u00a9A-Tardy-Plan-International_credit-Antoine-Tardy-2-e1786537334993.jpg\" class=\"attachment-2048x2048 size-2048x2048 wp-image-23708\" alt=\"\" srcset=\"https:\/\/defenceforchildren.org\/wp-content\/uploads\/2021\/05\/2023-07-03_She-Leads_\u00a9A-Tardy-Plan-International_credit-Antoine-Tardy-2-e1786537334993.jpg 1545w, https:\/\/defenceforchildren.org\/wp-content\/uploads\/2021\/05\/2023-07-03_She-Leads_\u00a9A-Tardy-Plan-International_credit-Antoine-Tardy-2-e1786537334993-750x486.jpg 750w, https:\/\/defenceforchildren.org\/wp-content\/uploads\/2021\/05\/2023-07-03_She-Leads_\u00a9A-Tardy-Plan-International_credit-Antoine-Tardy-2-e1786537334993-1024x664.jpg 1024w, https:\/\/defenceforchildren.org\/wp-content\/uploads\/2021\/05\/2023-07-03_She-Leads_\u00a9A-Tardy-Plan-International_credit-Antoine-Tardy-2-e1786537334993-768x498.jpg 768w, https:\/\/defenceforchildren.org\/wp-content\/uploads\/2021\/05\/2023-07-03_She-Leads_\u00a9A-Tardy-Plan-International_credit-Antoine-Tardy-2-e1786537334993-1536x996.jpg 1536w\" sizes=\"(max-width: 1545px) 100vw, 1545px\" \/>\t\t\t\t\t\t\t\t\t\t\t<figcaption class=\"widget-image-caption wp-caption-text\">@A-Tardy-Plan-International<\/figcaption>\n\t\t\t\t\t\t\t\t\t\t<\/figure>\n\t\t\t\t\t\t\t\t\t<\/div>\n\t\t\t\t<\/div>\n\t\t\t\t\t<\/div>\n\t\t<\/div>\n\t\t\t\t<div class=\"elementor-column elementor-col-50 elementor-top-column elementor-element elementor-element-464790c\" data-id=\"464790c\" data-element_type=\"column\" data-e-type=\"column\">\n\t\t\t<div class=\"elementor-widget-wrap elementor-element-populated\">\n\t\t\t\t\t\t<div class=\"elementor-element elementor-element-877eb8d elementor-widget elementor-widget-image\" data-id=\"877eb8d\" data-element_type=\"widget\" data-e-type=\"widget\" data-widget_type=\"image.default\">\n\t\t\t\t<div class=\"elementor-widget-container\">\n\t\t\t\t\t\t\t\t\t\t\t\t<figure class=\"wp-caption\">\n\t\t\t\t\t\t\t\t\t\t<img decoding=\"async\" width=\"1800\" height=\"1200\" src=\"https:\/\/defenceforchildren.org\/wp-content\/uploads\/2022\/07\/2023-07-03_She-Leads_\u00a9A-Tardy-Plan-International_credit-Antoine-Tardy-3.jpg\" class=\"attachment-2048x2048 size-2048x2048 wp-image-23718\" alt=\"\" srcset=\"https:\/\/defenceforchildren.org\/wp-content\/uploads\/2022\/07\/2023-07-03_She-Leads_\u00a9A-Tardy-Plan-International_credit-Antoine-Tardy-3.jpg 1800w, https:\/\/defenceforchildren.org\/wp-content\/uploads\/2022\/07\/2023-07-03_She-Leads_\u00a9A-Tardy-Plan-International_credit-Antoine-Tardy-3-750x500.jpg 750w, https:\/\/defenceforchildren.org\/wp-content\/uploads\/2022\/07\/2023-07-03_She-Leads_\u00a9A-Tardy-Plan-International_credit-Antoine-Tardy-3-1024x683.jpg 1024w, https:\/\/defenceforchildren.org\/wp-content\/uploads\/2022\/07\/2023-07-03_She-Leads_\u00a9A-Tardy-Plan-International_credit-Antoine-Tardy-3-768x512.jpg 768w, https:\/\/defenceforchildren.org\/wp-content\/uploads\/2022\/07\/2023-07-03_She-Leads_\u00a9A-Tardy-Plan-International_credit-Antoine-Tardy-3-1536x1024.jpg 1536w\" sizes=\"(max-width: 1800px) 100vw, 1800px\" \/>\t\t\t\t\t\t\t\t\t\t\t<figcaption class=\"widget-image-caption wp-caption-text\">@A-Tardy-Plan-International<\/figcaption>\n\t\t\t\t\t\t\t\t\t\t<\/figure>\n\t\t\t\t\t\t\t\t\t<\/div>\n\t\t\t\t<\/div>\n\t\t\t\t\t<\/div>\n\t\t<\/div>\n\t\t\t\t\t<\/div>\n\t\t<\/section>\n\t\t\t\t<section class=\"elementor-section elementor-top-section elementor-element elementor-element-d7fceee elementor-section-boxed elementor-section-height-default elementor-section-height-default\" data-id=\"d7fceee\" data-element_type=\"section\" data-e-type=\"section\">\n\t\t\t\t\t\t<div class=\"elementor-container elementor-column-gap-default\">\n\t\t\t\t\t<div class=\"elementor-column elementor-col-100 elementor-top-column elementor-element elementor-element-dd56ff5\" data-id=\"dd56ff5\" data-element_type=\"column\" data-e-type=\"column\">\n\t\t\t<div class=\"elementor-widget-wrap elementor-element-populated\">\n\t\t\t\t\t\t<div class=\"elementor-element elementor-element-9fcd7d2 elementor-widget elementor-widget-spacer\" data-id=\"9fcd7d2\" data-element_type=\"widget\" data-e-type=\"widget\" data-widget_type=\"spacer.default\">\n\t\t\t\t<div class=\"elementor-widget-container\">\n\t\t\t\t\t\t\t<div class=\"elementor-spacer\">\n\t\t\t<div class=\"elementor-spacer-inner\"><\/div>\n\t\t<\/div>\n\t\t\t\t\t\t<\/div>\n\t\t\t\t<\/div>\n\t\t\t\t\t<\/div>\n\t\t<\/div>\n\t\t\t\t\t<\/div>\n\t\t<\/section>\n\t\t\t\t<section class=\"elementor-section elementor-top-section elementor-element elementor-element-4f1fca1 elementor-section-boxed elementor-section-height-default elementor-section-height-default\" data-id=\"4f1fca1\" data-element_type=\"section\" data-e-type=\"section\">\n\t\t\t\t\t\t<div class=\"elementor-container elementor-column-gap-default\">\n\t\t\t\t\t<div class=\"elementor-column elementor-col-50 elementor-top-column elementor-element elementor-element-67df0fe\" data-id=\"67df0fe\" data-element_type=\"column\" data-e-type=\"column\">\n\t\t\t<div class=\"elementor-widget-wrap elementor-element-populated\">\n\t\t\t\t\t\t<div class=\"elementor-element elementor-element-61fec89 elementor-widget elementor-widget-accordion\" data-id=\"61fec89\" data-element_type=\"widget\" data-e-type=\"widget\" data-widget_type=\"accordion.default\">\n\t\t\t\t<div class=\"elementor-widget-container\">\n\t\t\t\t\t\t\t<div class=\"elementor-accordion\">\n\t\t\t\t\t\t\t<div class=\"elementor-accordion-item\">\n\t\t\t\t\t<div id=\"elementor-tab-title-1021\" class=\"elementor-tab-title\" data-tab=\"1\" role=\"button\" aria-controls=\"elementor-tab-content-1021\" aria-expanded=\"false\">\n\t\t\t\t\t\t\t\t\t\t\t\t\t<span class=\"elementor-accordion-icon elementor-accordion-icon-left\" aria-hidden=\"true\">\n\t\t\t\t\t\t\t\t\t\t\t\t\t\t\t<span class=\"elementor-accordion-icon-closed\"><i class=\"fas fa-plus\"><\/i><\/span>\n\t\t\t\t\t\t\t\t<span class=\"elementor-accordion-icon-opened\"><i class=\"fas fa-minus\"><\/i><\/span>\n\t\t\t\t\t\t\t\t\t\t\t\t\t\t<\/span>\n\t\t\t\t\t\t\t\t\t\t\t\t<a class=\"elementor-accordion-title\" tabindex=\"0\">Les 10 principes directeurs de She Leads<\/a>\n\t\t\t\t\t<\/div>\n\t\t\t\t\t<div id=\"elementor-tab-content-1021\" class=\"elementor-tab-content elementor-clearfix\" data-tab=\"1\" role=\"region\" aria-labelledby=\"elementor-tab-title-1021\"><ol><li>Les droits de l\u2019homme, l\u2019\u00e9galit\u00e9 des sexes et la justice sociale sont au c\u0153ur de notre travail et de notre programme commun.<\/li><li>L\u2019inclusion, l\u2019intersectionnalit\u00e9 et l\u2019acceptation de la diversit\u00e9 : la non-discrimination et l\u2019inclusion particuli\u00e8re des filles et des jeunes femmes qui sont g\u00e9n\u00e9ralement marginalis\u00e9s dans la soci\u00e9t\u00e9.<\/li><li>La lutte contre les in\u00e9galit\u00e9s de pouvoir dans les contextes dans lesquels nous travaillons et au sein de notre consortium.<\/li><li>Les voix des filles et des jeunes femmes sont au c\u0153ur du programme She Leads, dans sa conception et sa mise en \u0153uvre.<\/li><li>Le respect de l\u2019autonomie des organisations dirig\u00e9es par des filles et des jeunes.<\/li><li>La prise en charge de soi-m\u00eame et le bien-\u00eatre collectif sont essentiels, car notre travail de changement social est exigeant et a un impact n\u00e9gatif, en particulier sur les jeunes gens impliqu\u00e9s.<\/li><li>Un partenariat \u00e9galitaire aux diff\u00e9rents niveaux de notre consortium.<\/li><li>Responsabilit\u00e9 collective et transparence les uns envers les autres et envers nos donateurs.<\/li><li>D\u00e9centralisation de la prise de d\u00e9cision : partage du pouvoir et de l\u2019espace de d\u00e9cision, valorisation de chaque opinion, de l\u2019expertise de chaque personne et de chaque id\u00e9e.<\/li><li><p>Chaque partenaire ajoute sa valeur unique \u00e0 notre collaboration, quel que soit le lieu o\u00f9 nous sommes bas\u00e9s, la taille de nos organisations, le fait que nous soyons des entit\u00e9s dirig\u00e9es par des adultes ou des jeunes.<\/p><\/li><\/ol><\/div>\n\t\t\t\t<\/div>\n\t\t\t\t\t\t\t\t<\/div>\n\t\t\t\t\t\t<\/div>\n\t\t\t\t<\/div>\n\t\t\t\t\t<\/div>\n\t\t<\/div>\n\t\t\t\t<div class=\"elementor-column elementor-col-50 elementor-top-column elementor-element elementor-element-ffcb17f\" data-id=\"ffcb17f\" data-element_type=\"column\" data-e-type=\"column\">\n\t\t\t<div class=\"elementor-widget-wrap elementor-element-populated\">\n\t\t\t\t\t\t<div class=\"elementor-element elementor-element-1ff8290 elementor-widget elementor-widget-accordion\" data-id=\"1ff8290\" data-element_type=\"widget\" data-e-type=\"widget\" data-widget_type=\"accordion.default\">\n\t\t\t\t<div class=\"elementor-widget-container\">\n\t\t\t\t\t\t\t<div class=\"elementor-accordion\">\n\t\t\t\t\t\t\t<div class=\"elementor-accordion-item\">\n\t\t\t\t\t<div id=\"elementor-tab-title-3351\" class=\"elementor-tab-title\" data-tab=\"1\" role=\"button\" aria-controls=\"elementor-tab-content-3351\" aria-expanded=\"false\">\n\t\t\t\t\t\t\t\t\t\t\t\t\t<span class=\"elementor-accordion-icon elementor-accordion-icon-left\" aria-hidden=\"true\">\n\t\t\t\t\t\t\t\t\t\t\t\t\t\t\t<span class=\"elementor-accordion-icon-closed\"><i class=\"fas fa-plus\"><\/i><\/span>\n\t\t\t\t\t\t\t\t<span class=\"elementor-accordion-icon-opened\"><i class=\"fas fa-minus\"><\/i><\/span>\n\t\t\t\t\t\t\t\t\t\t\t\t\t\t<\/span>\n\t\t\t\t\t\t\t\t\t\t\t\t<a class=\"elementor-accordion-title\" tabindex=\"0\">Nos strat\u00e9gies<\/a>\n\t\t\t\t\t<\/div>\n\t\t\t\t\t<div id=\"elementor-tab-content-3351\" class=\"elementor-tab-content elementor-clearfix\" data-tab=\"1\" role=\"region\" aria-labelledby=\"elementor-tab-title-3351\"><p>\u00c0 l\u2019heure actuelle, <strong>nous constatons une augmentation des activit\u00e9s men\u00e9es par les filles et les jeunes qui remettent en cause l\u2019in\u00e9galit\u00e9 des sexes, l\u2019exclusion et l\u2019injustice dans le monde.<\/strong> Les jeunes femmes et les filles ont commenc\u00e9 \u00e0 se rassembler pour d\u00e9fendre leur droit \u00e0 l\u2019inclusion. L\u2019augmentation de l\u2019implication des jeunes femmes et des filles dans les espaces civiques a permis de r\u00e9aliser des perc\u00e9es mondiales en mati\u00e8re d\u2019\u00e9galit\u00e9 des sexes.<\/p><p>\u00a0<\/p><p>N\u00e9anmoins, le chemin \u00e0 parcourir est encore long, car la discrimination fond\u00e9e sur le sexe et les normes sociales li\u00e9es \u00e0 l\u2019\u00e2ge privent les filles et les jeunes femmes d\u2019espaces civiques et les limitent. Par cons\u00e9quent, <strong>les filles et les jeunes femmes voient leurs droits \u00e0 se d\u00e9placer librement, \u00e0 s\u2019exprimer et \u00e0 participer \u00e0 la sph\u00e8re publique restreints.<\/strong> Cette exclusion est encore exacerb\u00e9e lorsque les filles et les jeunes femmes subissent des formes de discrimination crois\u00e9es. Dans les sph\u00e8res politiques, de nombreux gouvernements font taire les voix des jeunes femmes, ce qui les emp\u00eache de participer et d\u2019exprimer leurs opinions.<\/p><p>\u00a0<\/p><p><strong>She Leads se consacre \u00e0 la d\u00e9fense des droits des jeunes femmes \u00e0 s\u2019exprimer librement, \u00e0 participer aux d\u00e9cisions publiques et \u00e0 faire entendre leur voix<\/strong>. Pour y parvenir, les six strat\u00e9gies cl\u00e9s suivantes ont \u00e9t\u00e9 mises en place :<\/p><ol><li>Financement et ressources pour l\u2019organisation, l\u2019action collective et le militantisme dirig\u00e9s par des filles\/jeunes f\u00e9ministes.<\/li><li>Plaidoyer et recherche fond\u00e9s sur des donn\u00e9es et des preuves.<\/li><li>Catalyser la croissance et la force des mouvements sociaux et des actions collectives pour les droits des filles.<\/li><li>Influence des m\u00e9dias et plaidoyer.<\/li><li>Plaider pour l\u2019acc\u00e8s des filles aux institutions internationales et aux m\u00e9canismes des droits de l\u2019homme.<\/li><li>Soutien au renforcement des capacit\u00e9s et apprentissage conjoint entre les organisations de la soci\u00e9t\u00e9 civile (OSC), les groupes dirig\u00e9s par des filles et les organisations de jeunes f\u00e9ministes.<\/li><\/ol><\/div>\n\t\t\t\t<\/div>\n\t\t\t\t\t\t\t\t<\/div>\n\t\t\t\t\t\t<\/div>\n\t\t\t\t<\/div>\n\t\t\t\t\t<\/div>\n\t\t<\/div>\n\t\t\t\t\t<\/div>\n\t\t<\/section>\n\t\t\t\t<section class=\"elementor-section elementor-top-section elementor-element elementor-element-65afa77 elementor-section-boxed elementor-section-height-default elementor-section-height-default\" data-id=\"65afa77\" data-element_type=\"section\" data-e-type=\"section\">\n\t\t\t\t\t\t<div class=\"elementor-container elementor-column-gap-default\">\n\t\t\t\t\t<div class=\"elementor-column elementor-col-100 elementor-top-column elementor-element elementor-element-8483c8f\" data-id=\"8483c8f\" data-element_type=\"column\" data-e-type=\"column\">\n\t\t\t<div class=\"elementor-widget-wrap elementor-element-populated\">\n\t\t\t\t\t\t<div class=\"elementor-element elementor-element-4e9f355 elementor-widget elementor-widget-spacer\" data-id=\"4e9f355\" data-element_type=\"widget\" data-e-type=\"widget\" data-widget_type=\"spacer.default\">\n\t\t\t\t<div class=\"elementor-widget-container\">\n\t\t\t\t\t\t\t<div class=\"elementor-spacer\">\n\t\t\t<div class=\"elementor-spacer-inner\"><\/div>\n\t\t<\/div>\n\t\t\t\t\t\t<\/div>\n\t\t\t\t<\/div>\n\t\t\t\t\t<\/div>\n\t\t<\/div>\n\t\t\t\t\t<\/div>\n\t\t<\/section>\n\t\t\t\t<\/div>\n\t\t","protected":false},"excerpt":{"rendered":"<p>She Leads She Leads est un consortium qui rassemble des organisations de d\u00e9fense des droits de l\u2019enfant, des organisations f\u00e9ministes\/de d\u00e9fense des droits des femmes et des groupes dirig\u00e9s par des filles et des jeunes femmes dans un effort commun pour accro\u00eetre l\u2019influence durable des filles et des jeunes femmes sur la prise de d\u00e9cision [&hellip;]<\/p>\n","protected":false},"author":4,"featured_media":21618,"comment_status":"closed","ping_status":"open","sticky":false,"template":"","format":"standard","meta":{"_acf_changed":false,"give_campaign_id":0,"_monsterinsights_skip_tracking":false,"_monsterinsights_sitenote_active":false,"_monsterinsights_sitenote_note":"","_monsterinsights_sitenote_category":0,"site-sidebar-layout":"default","site-content-layout":"default","ast-site-content-layout":"default","site-content-style":"default","site-sidebar-style":"default","ast-global-header-display":"","ast-banner-title-visibility":"","ast-main-header-display":"","ast-hfb-above-header-display":"","ast-hfb-below-header-display":"","ast-hfb-mobile-header-display":"","site-post-title":"disabled","ast-breadcrumbs-content":"","ast-featured-img":"disabled","footer-sml-layout":"","ast-disable-related-posts":"","theme-transparent-header-meta":"default","adv-header-id-meta":"","stick-header-meta":"","header-above-stick-meta":"","header-main-stick-meta":"","header-below-stick-meta":"","astra-migrate-meta-layouts":"default","ast-page-background-enabled":"default","ast-page-background-meta":{"desktop":{"background-color":"var(--ast-global-color-5)","background-image":"","background-repeat":"repeat","background-position":"center center","background-size":"auto","background-attachment":"scroll","background-type":"","background-media":"","overlay-type":"","overlay-color":"","overlay-opacity":"","overlay-gradient":""},"tablet":{"background-color":"","background-image":"","background-repeat":"repeat","background-position":"center center","background-size":"auto","background-attachment":"scroll","background-type":"","background-media":"","overlay-type":"","overlay-color":"","overlay-opacity":"","overlay-gradient":""},"mobile":{"background-color":"","background-image":"","background-repeat":"repeat","background-position":"center center","background-size":"auto","background-attachment":"scroll","background-type":"","background-media":"","overlay-type":"","overlay-color":"","overlay-opacity":"","overlay-gradient":""}},"ast-content-background-meta":{"desktop":{"background-color":"var(--ast-global-color-4)","background-image":"","background-repeat":"repeat","background-position":"center center","background-size":"auto","background-attachment":"scroll","background-type":"","background-media":"","overlay-type":"","overlay-color":"","overlay-opacity":"","overlay-gradient":""},"tablet":{"background-color":"var(--ast-global-color-4)","background-image":"","background-repeat":"repeat","background-position":"center center","background-size":"auto","background-attachment":"scroll","background-type":"","background-media":"","overlay-type":"","overlay-color":"","overlay-opacity":"","overlay-gradient":""},"mobile":{"background-color":"var(--ast-global-color-4)","background-image":"","background-repeat":"repeat","background-position":"center center","background-size":"auto","background-attachment":"scroll","background-type":"","background-media":"","overlay-type":"","overlay-color":"","overlay-opacity":"","overlay-gradient":""}},"footnotes":""},"categories":[275,745,773],"tags":[],"class_list":["post-21617","post","type-post","status-publish","format-standard","has-post-thumbnail","hentry","category-highlight-fr","category-news-fr-fr","category-projects"],"acf":[],"yoast_head":"<!-- This site is optimized with the Yoast SEO plugin v27.1.1 - https:\/\/yoast.com\/product\/yoast-seo-wordpress\/ -->\n<title>She Leads Programme - Defence for Children<\/title>\n<meta name=\"robots\" content=\"index, follow, max-snippet:-1, max-image-preview:large, max-video-preview:-1\" \/>\n<link rel=\"canonical\" href=\"https:\/\/defenceforchildren.org\/fr\/she-leads-programme\/\" \/>\n<meta name=\"twitter:label1\" content=\"\u00c9crit par\" \/>\n\t<meta name=\"twitter:data1\" content=\"Defence for Children\" \/>\n\t<meta name=\"twitter:label2\" content=\"Dur\u00e9e de lecture estim\u00e9e\" \/>\n\t<meta name=\"twitter:data2\" content=\"5 minutes\" \/>\n<script type=\"application\/ld+json\" class=\"yoast-schema-graph\">{\"@context\":\"https:\/\/schema.org\",\"@graph\":[{\"@type\":\"Article\",\"@id\":\"https:\/\/defenceforchildren.org\/fr\/she-leads-programme\/#article\",\"isPartOf\":{\"@id\":\"https:\/\/defenceforchildren.org\/fr\/she-leads-programme\/\"},\"author\":{\"name\":\"Defence for Children\",\"@id\":\"https:\/\/defenceforchildren.org\/#\/schema\/person\/9541019ea0377bfc30e2cbbbb9adc5e9\"},\"headline\":\"She Leads Programme\",\"datePublished\":\"2022-07-04T07:58:54+00:00\",\"dateModified\":\"2023-08-08T15:33:19+00:00\",\"mainEntityOfPage\":{\"@id\":\"https:\/\/defenceforchildren.org\/fr\/she-leads-programme\/\"},\"wordCount\":1060,\"publisher\":{\"@id\":\"https:\/\/defenceforchildren.org\/#organization\"},\"image\":{\"@id\":\"https:\/\/defenceforchildren.org\/fr\/she-leads-programme\/#primaryimage\"},\"thumbnailUrl\":\"https:\/\/defenceforchildren.org\/wp-content\/uploads\/2022\/07\/intro-1.png\",\"articleSection\":[\"Highlight @fr\",\"Nouvelles\",\"Projects\"],\"inLanguage\":\"fr-FR\"},{\"@type\":\"WebPage\",\"@id\":\"https:\/\/defenceforchildren.org\/fr\/she-leads-programme\/\",\"url\":\"https:\/\/defenceforchildren.org\/fr\/she-leads-programme\/\",\"name\":\"She Leads Programme - Defence for Children\",\"isPartOf\":{\"@id\":\"https:\/\/defenceforchildren.org\/#website\"},\"primaryImageOfPage\":{\"@id\":\"https:\/\/defenceforchildren.org\/fr\/she-leads-programme\/#primaryimage\"},\"image\":{\"@id\":\"https:\/\/defenceforchildren.org\/fr\/she-leads-programme\/#primaryimage\"},\"thumbnailUrl\":\"https:\/\/defenceforchildren.org\/wp-content\/uploads\/2022\/07\/intro-1.png\",\"datePublished\":\"2022-07-04T07:58:54+00:00\",\"dateModified\":\"2023-08-08T15:33:19+00:00\",\"breadcrumb\":{\"@id\":\"https:\/\/defenceforchildren.org\/fr\/she-leads-programme\/#breadcrumb\"},\"inLanguage\":\"fr-FR\",\"potentialAction\":[{\"@type\":\"ReadAction\",\"target\":[\"https:\/\/defenceforchildren.org\/fr\/she-leads-programme\/\"]}]},{\"@type\":\"ImageObject\",\"inLanguage\":\"fr-FR\",\"@id\":\"https:\/\/defenceforchildren.org\/fr\/she-leads-programme\/#primaryimage\",\"url\":\"https:\/\/defenceforchildren.org\/wp-content\/uploads\/2022\/07\/intro-1.png\",\"contentUrl\":\"https:\/\/defenceforchildren.org\/wp-content\/uploads\/2022\/07\/intro-1.png\",\"width\":765,\"height\":766},{\"@type\":\"BreadcrumbList\",\"@id\":\"https:\/\/defenceforchildren.org\/fr\/she-leads-programme\/#breadcrumb\",\"itemListElement\":[{\"@type\":\"ListItem\",\"position\":1,\"name\":\"Accueil\",\"item\":\"https:\/\/defenceforchildren.org\/fr\/homepage-v2\/\"},{\"@type\":\"ListItem\",\"position\":2,\"name\":\"She Leads Programme\"}]},{\"@type\":\"WebSite\",\"@id\":\"https:\/\/defenceforchildren.org\/#website\",\"url\":\"https:\/\/defenceforchildren.org\/\",\"name\":\"Defence for Children\",\"description\":\"\",\"publisher\":{\"@id\":\"https:\/\/defenceforchildren.org\/#organization\"},\"potentialAction\":[{\"@type\":\"SearchAction\",\"target\":{\"@type\":\"EntryPoint\",\"urlTemplate\":\"https:\/\/defenceforchildren.org\/?s={search_term_string}\"},\"query-input\":{\"@type\":\"PropertyValueSpecification\",\"valueRequired\":true,\"valueName\":\"search_term_string\"}}],\"inLanguage\":\"fr-FR\"},{\"@type\":\"Organization\",\"@id\":\"https:\/\/defenceforchildren.org\/#organization\",\"name\":\"Defence for Children\",\"url\":\"https:\/\/defenceforchildren.org\/\",\"logo\":{\"@type\":\"ImageObject\",\"inLanguage\":\"fr-FR\",\"@id\":\"https:\/\/defenceforchildren.org\/#\/schema\/logo\/image\/\",\"url\":\"https:\/\/defenceforchildren.org\/wp-content\/uploads\/2020\/07\/cropped-INT.-SEC-EN-claim.jpg\",\"contentUrl\":\"https:\/\/defenceforchildren.org\/wp-content\/uploads\/2020\/07\/cropped-INT.-SEC-EN-claim.jpg\",\"width\":1431,\"height\":449,\"caption\":\"Defence for Children\"},\"image\":{\"@id\":\"https:\/\/defenceforchildren.org\/#\/schema\/logo\/image\/\"},\"sameAs\":[\"https:\/\/fr.wikipedia.org\/wiki\/Defence_for_Children_International\"]},{\"@type\":\"Person\",\"@id\":\"https:\/\/defenceforchildren.org\/#\/schema\/person\/9541019ea0377bfc30e2cbbbb9adc5e9\",\"name\":\"Defence for Children\",\"image\":{\"@type\":\"ImageObject\",\"inLanguage\":\"fr-FR\",\"@id\":\"https:\/\/defenceforchildren.org\/#\/schema\/person\/image\/\",\"url\":\"https:\/\/secure.gravatar.com\/avatar\/10eb139d73f78549568375f543efd2ed773063735b6ea6a975066b2f03004b44?s=96&d=mm&r=g\",\"contentUrl\":\"https:\/\/secure.gravatar.com\/avatar\/10eb139d73f78549568375f543efd2ed773063735b6ea6a975066b2f03004b44?s=96&d=mm&r=g\",\"caption\":\"Defence for Children\"},\"url\":\"https:\/\/defenceforchildren.org\/fr\/author\/defence4c\/\"}]}<\/script>\n<!-- \/ Yoast SEO plugin. -->","yoast_head_json":{"title":"She Leads Programme - Defence for Children","robots":{"index":"index","follow":"follow","max-snippet":"max-snippet:-1","max-image-preview":"max-image-preview:large","max-video-preview":"max-video-preview:-1"},"canonical":"https:\/\/defenceforchildren.org\/fr\/she-leads-programme\/","twitter_misc":{"\u00c9crit par":"Defence for Children","Dur\u00e9e de lecture estim\u00e9e":"5 minutes"},"schema":{"@context":"https:\/\/schema.org","@graph":[{"@type":"Article","@id":"https:\/\/defenceforchildren.org\/fr\/she-leads-programme\/#article","isPartOf":{"@id":"https:\/\/defenceforchildren.org\/fr\/she-leads-programme\/"},"author":{"name":"Defence for Children","@id":"https:\/\/defenceforchildren.org\/#\/schema\/person\/9541019ea0377bfc30e2cbbbb9adc5e9"},"headline":"She Leads Programme","datePublished":"2022-07-04T07:58:54+00:00","dateModified":"2023-08-08T15:33:19+00:00","mainEntityOfPage":{"@id":"https:\/\/defenceforchildren.org\/fr\/she-leads-programme\/"},"wordCount":1060,"publisher":{"@id":"https:\/\/defenceforchildren.org\/#organization"},"image":{"@id":"https:\/\/defenceforchildren.org\/fr\/she-leads-programme\/#primaryimage"},"thumbnailUrl":"https:\/\/defenceforchildren.org\/wp-content\/uploads\/2022\/07\/intro-1.png","articleSection":["Highlight @fr","Nouvelles","Projects"],"inLanguage":"fr-FR"},{"@type":"WebPage","@id":"https:\/\/defenceforchildren.org\/fr\/she-leads-programme\/","url":"https:\/\/defenceforchildren.org\/fr\/she-leads-programme\/","name":"She Leads Programme - Defence for Children","isPartOf":{"@id":"https:\/\/defenceforchildren.org\/#website"},"primaryImageOfPage":{"@id":"https:\/\/defenceforchildren.org\/fr\/she-leads-programme\/#primaryimage"},"image":{"@id":"https:\/\/defenceforchildren.org\/fr\/she-leads-programme\/#primaryimage"},"thumbnailUrl":"https:\/\/defenceforchildren.org\/wp-content\/uploads\/2022\/07\/intro-1.png","datePublished":"2022-07-04T07:58:54+00:00","dateModified":"2023-08-08T15:33:19+00:00","breadcrumb":{"@id":"https:\/\/defenceforchildren.org\/fr\/she-leads-programme\/#breadcrumb"},"inLanguage":"fr-FR","potentialAction":[{"@type":"ReadAction","target":["https:\/\/defenceforchildren.org\/fr\/she-leads-programme\/"]}]},{"@type":"ImageObject","inLanguage":"fr-FR","@id":"https:\/\/defenceforchildren.org\/fr\/she-leads-programme\/#primaryimage","url":"https:\/\/defenceforchildren.org\/wp-content\/uploads\/2022\/07\/intro-1.png","contentUrl":"https:\/\/defenceforchildren.org\/wp-content\/uploads\/2022\/07\/intro-1.png","width":765,"height":766},{"@type":"BreadcrumbList","@id":"https:\/\/defenceforchildren.org\/fr\/she-leads-programme\/#breadcrumb","itemListElement":[{"@type":"ListItem","position":1,"name":"Accueil","item":"https:\/\/defenceforchildren.org\/fr\/homepage-v2\/"},{"@type":"ListItem","position":2,"name":"She Leads Programme"}]},{"@type":"WebSite","@id":"https:\/\/defenceforchildren.org\/#website","url":"https:\/\/defenceforchildren.org\/","name":"Defence for Children","description":"","publisher":{"@id":"https:\/\/defenceforchildren.org\/#organization"},"potentialAction":[{"@type":"SearchAction","target":{"@type":"EntryPoint","urlTemplate":"https:\/\/defenceforchildren.org\/?s={search_term_string}"},"query-input":{"@type":"PropertyValueSpecification","valueRequired":true,"valueName":"search_term_string"}}],"inLanguage":"fr-FR"},{"@type":"Organization","@id":"https:\/\/defenceforchildren.org\/#organization","name":"Defence for Children","url":"https:\/\/defenceforchildren.org\/","logo":{"@type":"ImageObject","inLanguage":"fr-FR","@id":"https:\/\/defenceforchildren.org\/#\/schema\/logo\/image\/","url":"https:\/\/defenceforchildren.org\/wp-content\/uploads\/2020\/07\/cropped-INT.-SEC-EN-claim.jpg","contentUrl":"https:\/\/defenceforchildren.org\/wp-content\/uploads\/2020\/07\/cropped-INT.-SEC-EN-claim.jpg","width":1431,"height":449,"caption":"Defence for Children"},"image":{"@id":"https:\/\/defenceforchildren.org\/#\/schema\/logo\/image\/"},"sameAs":["https:\/\/fr.wikipedia.org\/wiki\/Defence_for_Children_International"]},{"@type":"Person","@id":"https:\/\/defenceforchildren.org\/#\/schema\/person\/9541019ea0377bfc30e2cbbbb9adc5e9","name":"Defence for Children","image":{"@type":"ImageObject","inLanguage":"fr-FR","@id":"https:\/\/defenceforchildren.org\/#\/schema\/person\/image\/","url":"https:\/\/secure.gravatar.com\/avatar\/10eb139d73f78549568375f543efd2ed773063735b6ea6a975066b2f03004b44?s=96&d=mm&r=g","contentUrl":"https:\/\/secure.gravatar.com\/avatar\/10eb139d73f78549568375f543efd2ed773063735b6ea6a975066b2f03004b44?s=96&d=mm&r=g","caption":"Defence for Children"},"url":"https:\/\/defenceforchildren.org\/fr\/author\/defence4c\/"}]}},"_links":{"self":[{"href":"https:\/\/defenceforchildren.org\/fr\/wp-json\/wp\/v2\/posts\/21617","targetHints":{"allow":["GET"]}}],"collection":[{"href":"https:\/\/defenceforchildren.org\/fr\/wp-json\/wp\/v2\/posts"}],"about":[{"href":"https:\/\/defenceforchildren.org\/fr\/wp-json\/wp\/v2\/types\/post"}],"author":[{"embeddable":true,"href":"https:\/\/defenceforchildren.org\/fr\/wp-json\/wp\/v2\/users\/4"}],"replies":[{"embeddable":true,"href":"https:\/\/defenceforchildren.org\/fr\/wp-json\/wp\/v2\/comments?post=21617"}],"version-history":[{"count":0,"href":"https:\/\/defenceforchildren.org\/fr\/wp-json\/wp\/v2\/posts\/21617\/revisions"}],"wp:featuredmedia":[{"embeddable":true,"href":"https:\/\/defenceforchildren.org\/fr\/wp-json\/wp\/v2\/media\/21618"}],"wp:attachment":[{"href":"https:\/\/defenceforchildren.org\/fr\/wp-json\/wp\/v2\/media?parent=21617"}],"wp:term":[{"taxonomy":"category","embeddable":true,"href":"https:\/\/defenceforchildren.org\/fr\/wp-json\/wp\/v2\/categories?post=21617"},{"taxonomy":"post_tag","embeddable":true,"href":"https:\/\/defenceforchildren.org\/fr\/wp-json\/wp\/v2\/tags?post=21617"}],"curies":[{"name":"wp","href":"https:\/\/api.w.org\/{rel}","templated":true}]}}