{"id":20553,"date":"2021-09-29T15:19:29","date_gmt":"2021-09-29T14:19:29","guid":{"rendered":"https:\/\/defenceforchildren.org\/fr\/?p=20553"},"modified":"2021-10-04T15:00:40","modified_gmt":"2021-10-04T14:00:40","slug":"enfants-vivant-avec-leurs-parents-en-prison","status":"publish","type":"post","link":"https:\/\/defenceforchildren.org\/fr\/enfants-vivant-avec-leurs-parents-en-prison\/","title":{"rendered":"Enfants vivant avec leurs parents en prison"},"content":{"rendered":"\t\t<div data-elementor-type=\"wp-post\" data-elementor-id=\"20553\" class=\"elementor elementor-20553\" data-elementor-post-type=\"post\">\n\t\t\t\t\t\t<section class=\"elementor-section elementor-top-section elementor-element elementor-element-c1b4b42 elementor-section-boxed elementor-section-height-default elementor-section-height-default\" data-id=\"c1b4b42\" data-element_type=\"section\" data-e-type=\"section\">\n\t\t\t\t\t\t<div class=\"elementor-container elementor-column-gap-default\">\n\t\t\t\t\t<div class=\"elementor-column elementor-col-100 elementor-top-column elementor-element elementor-element-90be399\" data-id=\"90be399\" data-element_type=\"column\" data-e-type=\"column\">\n\t\t\t<div class=\"elementor-widget-wrap elementor-element-populated\">\n\t\t\t\t\t\t<div class=\"elementor-element elementor-element-5a7d795 elementor-widget elementor-widget-spacer\" data-id=\"5a7d795\" data-element_type=\"widget\" data-e-type=\"widget\" data-widget_type=\"spacer.default\">\n\t\t\t\t<div class=\"elementor-widget-container\">\n\t\t\t\t\t\t\t<div class=\"elementor-spacer\">\n\t\t\t<div class=\"elementor-spacer-inner\"><\/div>\n\t\t<\/div>\n\t\t\t\t\t\t<\/div>\n\t\t\t\t<\/div>\n\t\t\t\t<div class=\"elementor-element elementor-element-1ca2829 elementor-widget elementor-widget-image\" data-id=\"1ca2829\" data-element_type=\"widget\" data-e-type=\"widget\" data-widget_type=\"image.default\">\n\t\t\t\t<div class=\"elementor-widget-container\">\n\t\t\t\t\t\t\t\t\t\t\t\t\t\t\t<img fetchpriority=\"high\" decoding=\"async\" width=\"750\" height=\"500\" src=\"https:\/\/defenceforchildren.org\/wp-content\/uploads\/2021\/09\/Children-living-with-parents-in-prisions-750x500.png\" class=\"attachment-medium size-medium wp-image-20551\" alt=\"\" srcset=\"https:\/\/defenceforchildren.org\/wp-content\/uploads\/2021\/09\/Children-living-with-parents-in-prisions-750x500.png 750w, https:\/\/defenceforchildren.org\/wp-content\/uploads\/2021\/09\/Children-living-with-parents-in-prisions-768x512.png 768w, https:\/\/defenceforchildren.org\/wp-content\/uploads\/2021\/09\/Children-living-with-parents-in-prisions.png 799w\" sizes=\"(max-width: 750px) 100vw, 750px\" \/>\t\t\t\t\t\t\t\t\t\t\t\t\t\t\t<\/div>\n\t\t\t\t<\/div>\n\t\t\t\t\t<\/div>\n\t\t<\/div>\n\t\t\t\t\t<\/div>\n\t\t<\/section>\n\t\t\t\t<section class=\"elementor-section elementor-top-section elementor-element elementor-element-fa60136 elementor-section-boxed elementor-section-height-default elementor-section-height-default\" data-id=\"fa60136\" data-element_type=\"section\" data-e-type=\"section\">\n\t\t\t\t\t\t<div class=\"elementor-container elementor-column-gap-default\">\n\t\t\t\t\t<div class=\"elementor-column elementor-col-50 elementor-top-column elementor-element elementor-element-ae1caa3\" data-id=\"ae1caa3\" data-element_type=\"column\" data-e-type=\"column\">\n\t\t\t<div class=\"elementor-widget-wrap\">\n\t\t\t\t\t\t\t<\/div>\n\t\t<\/div>\n\t\t\t\t<div class=\"elementor-column elementor-col-50 elementor-top-column elementor-element elementor-element-6b076c7\" data-id=\"6b076c7\" data-element_type=\"column\" data-e-type=\"column\">\n\t\t\t<div class=\"elementor-widget-wrap elementor-element-populated\">\n\t\t\t\t\t\t<div class=\"elementor-element elementor-element-c5ecb20 elementor-widget elementor-widget-text-editor\" data-id=\"c5ecb20\" data-element_type=\"widget\" data-e-type=\"widget\" data-widget_type=\"text-editor.default\">\n\t\t\t\t<div class=\"elementor-widget-container\">\n\t\t\t\t\t\t\t\t\t<p>\u00a9 Prisoners Advice Service (Wikimedia Commons)<\/p>\t\t\t\t\t\t\t\t<\/div>\n\t\t\t\t<\/div>\n\t\t\t\t\t<\/div>\n\t\t<\/div>\n\t\t\t\t\t<\/div>\n\t\t<\/section>\n\t\t\t\t<section class=\"elementor-section elementor-top-section elementor-element elementor-element-b92f3e7 elementor-section-boxed elementor-section-height-default elementor-section-height-default\" data-id=\"b92f3e7\" data-element_type=\"section\" data-e-type=\"section\">\n\t\t\t\t\t\t<div class=\"elementor-container elementor-column-gap-default\">\n\t\t\t\t\t<div class=\"elementor-column elementor-col-100 elementor-top-column elementor-element elementor-element-eb3f80a\" data-id=\"eb3f80a\" data-element_type=\"column\" data-e-type=\"column\">\n\t\t\t<div class=\"elementor-widget-wrap elementor-element-populated\">\n\t\t\t\t\t\t<div class=\"elementor-element elementor-element-59254a1 elementor-widget elementor-widget-spacer\" data-id=\"59254a1\" data-element_type=\"widget\" data-e-type=\"widget\" data-widget_type=\"spacer.default\">\n\t\t\t\t<div class=\"elementor-widget-container\">\n\t\t\t\t\t\t\t<div class=\"elementor-spacer\">\n\t\t\t<div class=\"elementor-spacer-inner\"><\/div>\n\t\t<\/div>\n\t\t\t\t\t\t<\/div>\n\t\t\t\t<\/div>\n\t\t\t\t<div class=\"elementor-element elementor-element-83120c6 elementor-widget elementor-widget-author-box\" data-id=\"83120c6\" data-element_type=\"widget\" data-e-type=\"widget\" data-widget_type=\"author-box.default\">\n\t\t\t\t<div class=\"elementor-widget-container\">\n\t\t\t\t\t\t\t<div class=\"elementor-author-box\">\n\t\t\t\n\t\t\t<div class=\"elementor-author-box__text\">\n\t\t\t\t\t\t\t\t\t<div >\n\t\t\t\t\t\t<h4 class=\"elementor-author-box__name\">\n\t\t\t\t\t\t\tLaurel Townhead\t\t\t\t\t\t<\/h4>\n\t\t\t\t\t<\/div>\n\t\t\t\t\n\t\t\t\t\t\t\t\t\t<div class=\"elementor-author-box__bio\">\n\t\t\t\t\t\t<p> Repr\u00e9sentante (Droits de l'Homme et R\u00e9fugi\u00e9s) au Bureau Quaker aupr\u00e8s des Nations Unies<\/p>\n\t\t\t\t\t<\/div>\n\t\t\t\t\n\t\t\t\t\t\t\t<\/div>\n\t\t<\/div>\n\t\t\t\t\t\t<\/div>\n\t\t\t\t<\/div>\n\t\t\t\t\t<\/div>\n\t\t<\/div>\n\t\t\t\t\t<\/div>\n\t\t<\/section>\n\t\t\t\t<section class=\"elementor-section elementor-top-section elementor-element elementor-element-377233c elementor-section-boxed elementor-section-height-default elementor-section-height-default\" data-id=\"377233c\" data-element_type=\"section\" data-e-type=\"section\">\n\t\t\t\t\t\t<div class=\"elementor-container elementor-column-gap-default\">\n\t\t\t\t\t<div class=\"elementor-column elementor-col-100 elementor-top-column elementor-element elementor-element-4ecf19e\" data-id=\"4ecf19e\" data-element_type=\"column\" data-e-type=\"column\">\n\t\t\t<div class=\"elementor-widget-wrap elementor-element-populated\">\n\t\t\t\t\t\t<div class=\"elementor-element elementor-element-9a1ca5c elementor-widget elementor-widget-text-editor\" data-id=\"9a1ca5c\" data-element_type=\"widget\" data-e-type=\"widget\" data-widget_type=\"text-editor.default\">\n\t\t\t\t<div class=\"elementor-widget-container\">\n\t\t\t\t\t\t\t\t\t<p><span data-contrast=\"none\">Dans presque tous les pays, il y a des enfants qui vivent en prison avec un\u00a0parent<\/span><span data-contrast=\"none\">,<\/span><span data-contrast=\"none\">mais\u00a0les r\u00e8gles concernant le moment o\u00f9 cela se produit (par exemple en limitant cette situation aux enfants n\u00e9s en prison), l&rsquo;\u00e2ge auquel ces enfants peuvent rester avec leur parent et les conditions dans lesquelles ils vivent, varient consid\u00e9rablement.<\/span><span data-contrast=\"none\">\u00a0<\/span><span data-contrast=\"none\">Tous les enfants sont des d\u00e9tenteurs de droits, mais tous les enfants ne sont pas automatiquement consid\u00e9r\u00e9s comme tels dans les d\u00e9cisions qui les concernent.<\/span><span data-contrast=\"none\">\u00a0<\/span><span data-contrast=\"none\">Les enfants qui vivent en prison avec un parent, et les enfants s\u00e9par\u00e9s d&rsquo;un parent par l&rsquo;incarc\u00e9ration, doivent \u00eatre visibles\u00a0et des actions sp\u00e9cifiques doivent \u00eatre prises pour faire respecter leurs droits.<\/span><span data-ccp-props=\"{&quot;201341983&quot;:0,&quot;335551550&quot;:6,&quot;335551620&quot;:6,&quot;335559739&quot;:160,&quot;335559740&quot;:240}\">\u00a0<\/span><\/p><p><span data-ccp-props=\"{&quot;201341983&quot;:0,&quot;335551550&quot;:6,&quot;335551620&quot;:6,&quot;335559739&quot;:160,&quot;335559740&quot;:240}\">\u00a0<\/span><\/p><p><span data-contrast=\"none\">L&rsquo;inclusion dans l&rsquo;\u00c9tude mondiale sur les enfants priv\u00e9s de libert\u00e9 d&rsquo;un chapitre sp\u00e9cifique sur les enfants vivant en prison avec un parent est importante pour la visibilit\u00e9 qu&rsquo;elle apporte et les recommandations qu&rsquo;elle formule.<\/span><span data-ccp-props=\"{&quot;201341983&quot;:0,&quot;335551550&quot;:6,&quot;335551620&quot;:6,&quot;335559739&quot;:160,&quot;335559740&quot;:240}\">\u00a0<\/span><\/p><p><span data-contrast=\"none\">Depuis la Journ\u00e9e de discussion g\u00e9n\u00e9rale du Comit\u00e9 des droits de l&rsquo;enfant de 2011, une attention accrue a \u00e9t\u00e9 port\u00e9e \u00e0 la mani\u00e8re dont les normes internationales existantes devraient \u00eatre appliqu\u00e9es pour d\u00e9fendre les droits de ces enfants\u00b9.\u00a0<\/span><span data-contrast=\"none\">Par ce biais, le Comit\u00e9 a cherch\u00e9 \u00e0 en savoir plus sur les impacts de l&#8217;emprisonnement des parents sur les enfants et sur les strat\u00e9gies permettant de faire respecter leurs droits.\u00a0 Des d\u00e9veloppements plus r\u00e9cents, notamment l&rsquo;Etude\u00a0mondiale sur les enfants priv\u00e9s de libert\u00e9, s&rsquo;inspirent de cette journ\u00e9e de discussion g\u00e9n\u00e9rale et ont donn\u00e9 un nouvel \u00e9lan au changement pour limiter et att\u00e9nuer les violations des droits auxquelles ces enfants sont confront\u00e9s.\u00a0<\/span><span data-ccp-props=\"{&quot;201341983&quot;:0,&quot;335551550&quot;:6,&quot;335551620&quot;:6,&quot;335559739&quot;:160,&quot;335559740&quot;:240}\">\u00a0<\/span><\/p><p><span data-ccp-props=\"{&quot;201341983&quot;:0,&quot;335551550&quot;:6,&quot;335551620&quot;:6,&quot;335559739&quot;:160,&quot;335559740&quot;:240}\">\u00a0<\/span><\/p><p><span data-contrast=\"none\">Les discussions et les d\u00e9veloppements ont port\u00e9 \u00e0 la fois sur le traitement des enfants priv\u00e9s de libert\u00e9 avec leurs parents et sur les mesures \u00e0 prendre pour \u00e9viter que les enfants ne se retrouvent dans cette situation.<\/span><span data-contrast=\"none\">\u00a0<\/span><span data-contrast=\"none\">Une solution apparemment simple consisterait \u00e0 interdire aux enfants de r\u00e9sider avec un parent en prison. Cependant, la s\u00e9paration d&rsquo;un parent en raison de son incarc\u00e9ration a des cons\u00e9quences importantes \u00e0 court et \u00e0 long terme pour les enfants, et ces cons\u00e9quences ne se limitent pas \u00e0 ceux qui sont s\u00e9par\u00e9s lorsqu&rsquo;ils sont b\u00e9b\u00e9s ou dans leurs premi\u00e8res ann\u00e9es\u00b2.\u00a0<\/span><\/p><p><span data-contrast=\"none\">\u00a0<\/span><\/p><p><b><u><span data-contrast=\"none\">Le\u00a0Comit\u00e9 a formul\u00e9 une recommandation\u00a0claire :<\/span><\/u><\/b><\/p><p><span data-ccp-props=\"{&quot;201341983&quot;:0,&quot;335551550&quot;:6,&quot;335551620&quot;:6,&quot;335559739&quot;:160,&quot;335559740&quot;:240}\">\u00a0<\/span><\/p><blockquote><p><span data-contrast=\"none\">Lors\u00a0de la condamnation des parents et des pourvoyeurs primaires de soins, des peines non privatives de libert\u00e9 devraient, dans la mesure du possible, \u00eatre prononc\u00e9es \u00e0 la place des peines privatives de libert\u00e9, y compris pendant la phase pr\u00e9liminaire et le proc\u00e8s. Les alternatives \u00e0 la d\u00e9tention devraient \u00eatre disponibles et appliqu\u00e9es au cas par cas, en tenant pleinement compte des impacts probables des diff\u00e9rentes peines sur l&rsquo;int\u00e9r\u00eat sup\u00e9rieur de l&rsquo;enfant ou des enfants concern\u00e9s\u00b3.<\/span><\/p><\/blockquote><p><span data-ccp-props=\"{&quot;201341983&quot;:0,&quot;335551550&quot;:6,&quot;335551620&quot;:6,&quot;335559685&quot;:720,&quot;335559739&quot;:160,&quot;335559740&quot;:240}\">\u00a0<\/span><\/p><p><b><span data-contrast=\"none\"><u>L&rsquo;\u00e9tude\u00a0mondiale\u00a0s&rsquo;appuie sur cette\u00a0recommandation :<\/u><\/span><span data-contrast=\"none\">\u00a0<\/span><span data-ccp-props=\"{&quot;201341983&quot;:0,&quot;335551550&quot;:6,&quot;335551620&quot;:6,&quot;335559739&quot;:160,&quot;335559740&quot;:240}\">\u00a0<\/span><\/b><\/p><p><span data-ccp-props=\"{&quot;201341983&quot;:0,&quot;335551550&quot;:6,&quot;335551620&quot;:6,&quot;335559739&quot;:160,&quot;335559740&quot;:240}\">\u00a0<\/span><\/p><blockquote><p><span data-contrast=\"none\">Les gouvernements sont encourag\u00e9s \u00e0 reconna\u00eetre \u00e0 la fois l&rsquo;impact n\u00e9faste de la s\u00e9paration familiale due \u00e0 l&rsquo;incarc\u00e9ration d&rsquo;un parent et l&rsquo;impact n\u00e9faste de la privation de libert\u00e9 avec un parent. Toutes les mesures possibles devraient \u00eatre prises pour r\u00e9duire le nombre d&rsquo;enfants priv\u00e9s de libert\u00e9 avec un parent dans le syst\u00e8me de justice p\u00e9nale sans augmenter la s\u00e9paration des enfants d&rsquo;un parent en raison de l&rsquo;incarc\u00e9ration de ce dernier. Une pr\u00e9somption contre une mesure ou une peine privative de libert\u00e9 pour les pourvoyeurs primaires de soins de l&rsquo;enfant devrait s&rsquo;appliquer\u2074.<\/span><span data-ccp-props=\"{&quot;201341983&quot;:0,&quot;335551550&quot;:6,&quot;335551620&quot;:6,&quot;335559685&quot;:720,&quot;335559739&quot;:160,&quot;335559740&quot;:240}\">\u00a0<\/span><\/p><\/blockquote><p><span data-ccp-props=\"{&quot;201341983&quot;:0,&quot;335551550&quot;:6,&quot;335551620&quot;:6,&quot;335559685&quot;:720,&quot;335559739&quot;:160,&quot;335559740&quot;:240}\">\u00a0<\/span><\/p><p><span data-contrast=\"none\">Les deux recommandations contiennent la n\u00e9cessit\u00e9 pour un \u00c9tat, par le biais de ses autorit\u00e9s de condamnation, de prendre en compte les impacts sur les enfants de la condamnation de leurs parents. La primaut\u00e9 du respect de la dignit\u00e9 inh\u00e9rente et de l&rsquo;int\u00e9r\u00eat sup\u00e9rieur de l&rsquo;enfant dans sa situation sp\u00e9cifique est au c\u0153ur de ces recommandations. Lors de la journ\u00e9e de discussion g\u00e9n\u00e9rale, il a \u00e9t\u00e9 envisag\u00e9 de recommander un \u00e2ge maximum pour les enfants r\u00e9sidant en prison avec un parent. Cette recommandation a \u00e9t\u00e9 envisag\u00e9e compte tenu de l&rsquo;\u00e9ventail des \u00e2ges (d&rsquo;environ 6 mois \u00e0 environ 6 ans ou plus) et de la reconnaissance des risques et impacts potentiels sur le bien-\u00eatre et le d\u00e9veloppement des enfants vivant en prison.<\/span><span data-contrast=\"none\">\u00a0<\/span><span data-contrast=\"none\">Toutefois, apr\u00e8s r\u00e9flexion et apr\u00e8s avoir entendu des participants, notamment des enfants dont un parent est en prison, le Comit\u00e9 s&rsquo;est prononc\u00e9 contre une recommandation uniforme sur l&rsquo;\u00e2ge. Au lieu de cela, il a soulign\u00e9 la n\u00e9cessit\u00e9 d&rsquo;\u00e9valuations individualis\u00e9es.<\/span><span data-contrast=\"none\">\u00a0<\/span><span data-ccp-props=\"{&quot;201341983&quot;:0,&quot;335551550&quot;:6,&quot;335551620&quot;:6,&quot;335559739&quot;:160,&quot;335559740&quot;:240}\">\u00a0<\/span><\/p><p><span data-contrast=\"none\">Cet accent mis sur l&rsquo;inclusion d&rsquo;\u00e9valuations individualis\u00e9es de l&rsquo;int\u00e9r\u00eat sup\u00e9rieur de l&rsquo;enfant dans la d\u00e9cision de condamnation est \u00e9galement contenu dans la premi\u00e8re Observation\u00a0G\u00e9n\u00e9rale\u00a0du Comit\u00e9 Africain d&rsquo;Experts sur les Droits et le Bien-\u00eatre de l&rsquo;Enfant\u2075<\/span><span data-contrast=\"none\">.\u00a0<\/span><span data-contrast=\"none\">Ce qui \u00e9tablit une liste de contr\u00f4le en cinq points \u00e0 prendre en compte par les autorit\u00e9s charg\u00e9es de la d\u00e9termination de la peine.<\/span><span data-contrast=\"none\">\u00a0<\/span><span data-ccp-props=\"{&quot;201341983&quot;:0,&quot;335551550&quot;:6,&quot;335551620&quot;:6,&quot;335559739&quot;:160,&quot;335559740&quot;:240}\">\u00a0<\/span><\/p><p><span data-ccp-props=\"{&quot;201341983&quot;:0,&quot;335551550&quot;:6,&quot;335551620&quot;:6,&quot;335559739&quot;:160,&quot;335559740&quot;:240}\">\u00a0<\/span><\/p><p><span data-contrast=\"none\">Malgr\u00e9 ces recommandations, nous sommes loin de l&rsquo;utilisation de la d\u00e9termination de l&rsquo;int\u00e9r\u00eat sup\u00e9rieur lorsqu&rsquo;un parent est condamn\u00e9 et les enfants continuent d&rsquo;\u00eatre priv\u00e9s de libert\u00e9 avec leurs parents en prison. Les principales pr\u00e9occupations concernant le respect des droits de ces enfants sont les\u00a0suivantes :<\/span><span data-contrast=\"none\">\u00a0<\/span><span data-ccp-props=\"{&quot;201341983&quot;:0,&quot;335551550&quot;:6,&quot;335551620&quot;:6,&quot;335559739&quot;:160,&quot;335559740&quot;:240}\">\u00a0<\/span><\/p><p><span data-ccp-props=\"{&quot;201341983&quot;:0,&quot;335551550&quot;:6,&quot;335551620&quot;:6,&quot;335559739&quot;:160,&quot;335559740&quot;:240}\">\u00a0<\/span><\/p><ul><li data-leveltext=\"-\" data-font=\"Calibri\" data-listid=\"1\" aria-setsize=\"-1\" data-aria-posinset=\"1\" data-aria-level=\"1\"><span data-contrast=\"none\">La\u00a0s\u00e9curit\u00e9<\/span><span data-contrast=\"none\">\u00a0<\/span><span data-ccp-props=\"{&quot;134233279&quot;:true,&quot;201341983&quot;:0,&quot;335551550&quot;:6,&quot;335551620&quot;:6,&quot;335559739&quot;:160,&quot;335559740&quot;:240}\">\u00a0<\/span><\/li><li data-leveltext=\"-\" data-font=\"Calibri\" data-listid=\"1\" aria-setsize=\"-1\" data-aria-posinset=\"2\" data-aria-level=\"1\"><span data-contrast=\"none\">La\u00a0sant\u00e9<\/span><span data-contrast=\"none\">\u00a0<\/span><span data-ccp-props=\"{&quot;134233279&quot;:true,&quot;201341983&quot;:0,&quot;335551550&quot;:6,&quot;335551620&quot;:6,&quot;335559739&quot;:160,&quot;335559740&quot;:240}\">\u00a0<\/span><\/li><li data-leveltext=\"-\" data-font=\"Calibri\" data-listid=\"1\" aria-setsize=\"-1\" data-aria-posinset=\"1\" data-aria-level=\"1\"><span data-contrast=\"none\">L\u2019\u00e9ducation\u00a0et le d\u00e9veloppement\u00a0<\/span><span data-ccp-props=\"{&quot;134233279&quot;:true,&quot;201341983&quot;:0,&quot;335551550&quot;:6,&quot;335551620&quot;:6,&quot;335559739&quot;:160,&quot;335559740&quot;:240}\">\u00a0<\/span><\/li><li data-leveltext=\"-\" data-font=\"Calibri\" data-listid=\"1\" aria-setsize=\"-1\" data-aria-posinset=\"2\" data-aria-level=\"1\"><span data-contrast=\"none\">Le\u00a0contact avec les membres de la famille \u00e0 l&rsquo;ext\u00e9rieur de la prison<\/span><span data-contrast=\"none\">\u00a0<\/span><span data-ccp-props=\"{&quot;134233279&quot;:true,&quot;201341983&quot;:0,&quot;335551550&quot;:6,&quot;335551620&quot;:6,&quot;335559739&quot;:160,&quot;335559740&quot;:240}\">\u00a0<\/span><\/li><li data-leveltext=\"-\" data-font=\"Calibri\" data-listid=\"1\" aria-setsize=\"-1\" data-aria-posinset=\"3\" data-aria-level=\"1\"><span data-contrast=\"none\">La\u00a0pr\u00e9paration \u00e0 la lib\u00e9ration<\/span><span data-contrast=\"none\">\u00a0<\/span><span data-ccp-props=\"{&quot;134233279&quot;:true,&quot;201341983&quot;:0,&quot;335551550&quot;:6,&quot;335551620&quot;:6,&quot;335559739&quot;:160,&quot;335559740&quot;:240}\">\u00a0<\/span><\/li><\/ul><p><span data-contrast=\"none\">Les recommandations de l&rsquo;\u00e9tude globale et du comit\u00e9 ont \u00e9galement cherch\u00e9 \u00e0 aborder ces questions\u2076<\/span><span data-contrast=\"none\">.<\/span><span data-ccp-props=\"{&quot;201341983&quot;:0,&quot;335551550&quot;:6,&quot;335551620&quot;:6,&quot;335559739&quot;:160,&quot;335559740&quot;:240}\">\u00a0<\/span><\/p><p>\u00a0<\/p>\t\t\t\t\t\t\t\t<\/div>\n\t\t\t\t<\/div>\n\t\t\t\t\t<\/div>\n\t\t<\/div>\n\t\t\t\t\t<\/div>\n\t\t<\/section>\n\t\t\t\t<section class=\"elementor-section elementor-top-section elementor-element elementor-element-4d5459d elementor-section-boxed elementor-section-height-default elementor-section-height-default\" data-id=\"4d5459d\" data-element_type=\"section\" data-e-type=\"section\">\n\t\t\t\t\t\t<div class=\"elementor-container elementor-column-gap-default\">\n\t\t\t\t\t<div class=\"elementor-column elementor-col-50 elementor-top-column elementor-element elementor-element-3c849f7\" data-id=\"3c849f7\" data-element_type=\"column\" data-e-type=\"column\">\n\t\t\t<div class=\"elementor-widget-wrap elementor-element-populated\">\n\t\t\t\t\t\t<div class=\"elementor-element elementor-element-92409f0 elementor-widget elementor-widget-text-editor\" data-id=\"92409f0\" data-element_type=\"widget\" data-e-type=\"widget\" data-widget_type=\"text-editor.default\">\n\t\t\t\t<div class=\"elementor-widget-container\">\n\t\t\t\t\t\t\t\t\t<p><span data-contrast=\"none\">En septembre, cela fera 10 ans que la Journ\u00e9e de&nbsp;d\u00e9bat g\u00e9n\u00e9ral&nbsp;a eu lieu. Au cours de cette d\u00e9cennie, des progr\u00e8s ont \u00e9t\u00e9 r\u00e9alis\u00e9s en mati\u00e8re d&rsquo;accroissement des connaissances, de d\u00e9veloppement et d&rsquo;\u00e9tablissement de r\u00e9seaux, et d&rsquo;\u00e9laboration de normes.<\/span><span data-contrast=\"none\">&nbsp;<\/span><span data-contrast=\"none\">L&rsquo;\u00e9tude&nbsp;mondiale&nbsp;a contribu\u00e9 \u00e0 chacun de ces aspects. Cependant, il reste n\u00e9cessaire de fournir des orientations suppl\u00e9mentaires pour att\u00e9nuer les effets de la privation de libert\u00e9 avec un parent, mais aussi pour l&rsquo;\u00e9viter&nbsp;tout en pr\u00e9servant l&rsquo;int\u00e9r\u00eat sup\u00e9rieur de l&rsquo;enfant.&nbsp;<\/span><\/p><p><span data-contrast=\"none\"><br><\/span><\/p><p><span data-contrast=\"none\">L&rsquo;inclusion de l&rsquo;\u00e9valuation de l&rsquo;int\u00e9r\u00eat sup\u00e9rieur de l&rsquo;enfant dans les d\u00e9cisions de condamnation n&rsquo;est pas une mince affaire, elle exige des connaissances et des comp\u00e9tences que les juges ne poss\u00e8dent peut-\u00eatre pas encore.<\/span><span data-contrast=\"none\">&nbsp;<\/span><span data-contrast=\"none\">Assurer une nutrition ad\u00e9quate, un soutien au d\u00e9veloppement et des soins de sant\u00e9 p\u00e9diatriques dans les prisons pour adultes n&rsquo;est pas non plus une mince affaire, elle n\u00e9cessite l&rsquo;intervention de sp\u00e9cialistes comp\u00e9tents. Pr\u00e9parer les enfants \u00e0 la lib\u00e9ration, surtout si leur parent n&rsquo;est pas lib\u00e9r\u00e9 en m\u00eame temps, n&rsquo;est pas une mince affaire, cela n\u00e9cessite une coordination entre diff\u00e9rentes autorit\u00e9s, y compris les autorit\u00e9s charg\u00e9es de la protection de l&rsquo;enfance, ainsi que les responsables de la gestion des prisons et de la planification des lib\u00e9rations.<\/span><\/p>\t\t\t\t\t\t\t\t<\/div>\n\t\t\t\t<\/div>\n\t\t\t\t\t<\/div>\n\t\t<\/div>\n\t\t\t\t<div class=\"elementor-column elementor-col-50 elementor-top-column elementor-element elementor-element-2d98b4b\" data-id=\"2d98b4b\" data-element_type=\"column\" data-e-type=\"column\">\n\t\t\t<div class=\"elementor-widget-wrap elementor-element-populated\">\n\t\t\t\t\t\t<div class=\"elementor-element elementor-element-7b9a922 elementor-widget elementor-widget-image\" data-id=\"7b9a922\" data-element_type=\"widget\" data-e-type=\"widget\" data-widget_type=\"image.default\">\n\t\t\t\t<div class=\"elementor-widget-container\">\n\t\t\t\t\t\t\t\t\t\t\t\t\t\t\t<img decoding=\"async\" width=\"768\" height=\"945\" src=\"https:\/\/defenceforchildren.org\/wp-content\/uploads\/2019\/12\/Drawing-3-768x945.jpg\" class=\"attachment-medium_large size-medium_large wp-image-13789\" alt=\"\" srcset=\"https:\/\/defenceforchildren.org\/wp-content\/uploads\/2019\/12\/Drawing-3-768x945.jpg 768w, https:\/\/defenceforchildren.org\/wp-content\/uploads\/2019\/12\/Drawing-3-610x750.jpg 610w, https:\/\/defenceforchildren.org\/wp-content\/uploads\/2019\/12\/Drawing-3-832x1024.jpg 832w, https:\/\/defenceforchildren.org\/wp-content\/uploads\/2019\/12\/Drawing-3.jpg 878w\" sizes=\"(max-width: 768px) 100vw, 768px\" \/>\t\t\t\t\t\t\t\t\t\t\t\t\t\t\t<\/div>\n\t\t\t\t<\/div>\n\t\t\t\t\t<\/div>\n\t\t<\/div>\n\t\t\t\t\t<\/div>\n\t\t<\/section>\n\t\t\t\t<section class=\"elementor-section elementor-top-section elementor-element elementor-element-1023833 elementor-section-boxed elementor-section-height-default elementor-section-height-default\" data-id=\"1023833\" data-element_type=\"section\" data-e-type=\"section\">\n\t\t\t\t\t\t<div class=\"elementor-container elementor-column-gap-default\">\n\t\t\t\t\t<div class=\"elementor-column elementor-col-100 elementor-top-column elementor-element elementor-element-6154ef0\" data-id=\"6154ef0\" data-element_type=\"column\" data-e-type=\"column\">\n\t\t\t<div class=\"elementor-widget-wrap elementor-element-populated\">\n\t\t\t\t\t\t<div class=\"elementor-element elementor-element-62b5642 elementor-widget elementor-widget-spacer\" data-id=\"62b5642\" data-element_type=\"widget\" data-e-type=\"widget\" data-widget_type=\"spacer.default\">\n\t\t\t\t<div class=\"elementor-widget-container\">\n\t\t\t\t\t\t\t<div class=\"elementor-spacer\">\n\t\t\t<div class=\"elementor-spacer-inner\"><\/div>\n\t\t<\/div>\n\t\t\t\t\t\t<\/div>\n\t\t\t\t<\/div>\n\t\t\t\t\t<\/div>\n\t\t<\/div>\n\t\t\t\t\t<\/div>\n\t\t<\/section>\n\t\t\t\t<section class=\"elementor-section elementor-top-section elementor-element elementor-element-71d8e71 elementor-section-boxed elementor-section-height-default elementor-section-height-default\" data-id=\"71d8e71\" data-element_type=\"section\" data-e-type=\"section\">\n\t\t\t\t\t\t<div class=\"elementor-container elementor-column-gap-default\">\n\t\t\t\t\t<div class=\"elementor-column elementor-col-100 elementor-top-column elementor-element elementor-element-6da7077\" data-id=\"6da7077\" data-element_type=\"column\" data-e-type=\"column\">\n\t\t\t<div class=\"elementor-widget-wrap elementor-element-populated\">\n\t\t\t\t\t\t<div class=\"elementor-element elementor-element-cd54b7a elementor-widget elementor-widget-text-editor\" data-id=\"cd54b7a\" data-element_type=\"widget\" data-e-type=\"widget\" data-widget_type=\"text-editor.default\">\n\t\t\t\t<div class=\"elementor-widget-container\">\n\t\t\t\t\t\t\t\t\t<p style=\"font-size: 18px; font-style: normal; font-weight: 400; text-align: justify;\"><span style=\"font-size: 18px;\" data-contrast=\"none\">L&rsquo;Etude mondiale\u00a0sur les enfants priv\u00e9s de libert\u00e9\u00a0a jou\u00e9 un r\u00f4le important en fournissant des informations de profil et des recommandations suppl\u00e9mentaires sur la situation des enfants\u00a0priv\u00e9s de libert\u00e9 avec un parent en prison et nous nous attendons \u00e0 ce que les m\u00e9canismes de suivi continuent d&rsquo;inclure ce groupe particulier d&rsquo;enfants.<\/span><span style=\"font-size: 18px;\" data-contrast=\"none\">\u00a0<\/span><span style=\"font-size: 18px;\" data-contrast=\"none\">Nous pensons \u00e9galement qu&rsquo;il est n\u00e9cessaire de fournir des conseils d\u00e9taill\u00e9s et une assistance technique aux gouvernements pour les aider \u00e0 d\u00e9fendre les droits de ces enfants. Nous sommes heureux de constater l&rsquo;int\u00e9r\u00eat de l&rsquo;Office des Nations Unies contre la drogue et le crime (ONUDC) et encourageons les \u00c9tats \u00e0 soutenir leur projet de d\u00e9veloppement d&rsquo;une bo\u00eete \u00e0 outils mondiale sur les enfants dont les parents sont en prison.<\/span><span style=\"font-size: 18px;\" data-ccp-props=\"{&quot;201341983&quot;:0,&quot;335551550&quot;:6,&quot;335551620&quot;:6,&quot;335559739&quot;:160,&quot;335559740&quot;:259}\">\u00a0<\/span><\/p><p style=\"font-size: 18px; font-style: normal; font-weight: 400; text-align: justify;\"><span style=\"font-size: 18px;\" data-ccp-props=\"{&quot;201341983&quot;:0,&quot;335551550&quot;:6,&quot;335551620&quot;:6,&quot;335559739&quot;:160,&quot;335559740&quot;:259}\">\u00a0<\/span><\/p><p style=\"font-size: 18px; font-style: normal; font-weight: 400; text-align: justify;\"><span style=\"font-size: 18px;\" data-contrast=\"none\">Tout au long de notre travail sur ce sujet, le r\u00f4le du partenariat et de la participation a \u00e9t\u00e9 clair et nous esp\u00e9rons que les prochaines \u00e9tapes avec l&rsquo;\u00c9tude mondiale fourniront un tremplin pour les \u00c9tats, l&rsquo;ONU, les ONG, le Comit\u00e9 des droits de l&rsquo;enfant et la\u00a0Repr\u00e9sentante\u00a0sp\u00e9ciale\u00a0du Secr\u00e9taire g\u00e9n\u00e9ral charg\u00e9e de la question de la violence contre les enfants \u00e0 se r\u00e9unir avec les enfants dont un parent est en prison pour veiller \u00e0 ce que leurs droits soient respect\u00e9s.<\/span><span style=\"font-size: 18px;\" data-ccp-props=\"{&quot;201341983&quot;:0,&quot;335551550&quot;:6,&quot;335551620&quot;:6,&quot;335559739&quot;:160,&quot;335559740&quot;:259}\">\u00a0<\/span><\/p>\t\t\t\t\t\t\t\t<\/div>\n\t\t\t\t<\/div>\n\t\t\t\t\t<\/div>\n\t\t<\/div>\n\t\t\t\t\t<\/div>\n\t\t<\/section>\n\t\t\t\t<section class=\"elementor-section elementor-top-section elementor-element elementor-element-05d9b4d elementor-section-boxed elementor-section-height-default elementor-section-height-default\" data-id=\"05d9b4d\" data-element_type=\"section\" data-e-type=\"section\">\n\t\t\t\t\t\t<div class=\"elementor-container elementor-column-gap-default\">\n\t\t\t\t\t<div class=\"elementor-column elementor-col-50 elementor-top-column elementor-element elementor-element-1c8d179\" data-id=\"1c8d179\" data-element_type=\"column\" data-e-type=\"column\">\n\t\t\t<div class=\"elementor-widget-wrap elementor-element-populated\">\n\t\t\t\t\t\t<div class=\"elementor-element elementor-element-ac916b4 elementor-widget-divider--view-line elementor-widget elementor-widget-divider\" data-id=\"ac916b4\" data-element_type=\"widget\" data-e-type=\"widget\" data-widget_type=\"divider.default\">\n\t\t\t\t<div class=\"elementor-widget-container\">\n\t\t\t\t\t\t\t<div class=\"elementor-divider\">\n\t\t\t<span class=\"elementor-divider-separator\">\n\t\t\t\t\t\t<\/span>\n\t\t<\/div>\n\t\t\t\t\t\t<\/div>\n\t\t\t\t<\/div>\n\t\t\t\t\t<\/div>\n\t\t<\/div>\n\t\t\t\t<div class=\"elementor-column elementor-col-50 elementor-top-column elementor-element elementor-element-023bf63\" data-id=\"023bf63\" data-element_type=\"column\" data-e-type=\"column\">\n\t\t\t<div class=\"elementor-widget-wrap\">\n\t\t\t\t\t\t\t<\/div>\n\t\t<\/div>\n\t\t\t\t\t<\/div>\n\t\t<\/section>\n\t\t\t\t<section class=\"elementor-section elementor-top-section elementor-element elementor-element-d6c1eb9 elementor-section-boxed elementor-section-height-default elementor-section-height-default\" data-id=\"d6c1eb9\" data-element_type=\"section\" data-e-type=\"section\">\n\t\t\t\t\t\t<div class=\"elementor-container elementor-column-gap-default\">\n\t\t\t\t\t<div class=\"elementor-column elementor-col-100 elementor-top-column elementor-element elementor-element-007a135\" data-id=\"007a135\" data-element_type=\"column\" data-e-type=\"column\">\n\t\t\t<div class=\"elementor-widget-wrap elementor-element-populated\">\n\t\t\t\t\t\t<div class=\"elementor-element elementor-element-a422b8e elementor-widget elementor-widget-text-editor\" data-id=\"a422b8e\" data-element_type=\"widget\" data-e-type=\"widget\" data-widget_type=\"text-editor.default\">\n\t\t\t\t<div class=\"elementor-widget-container\">\n\t\t\t\t\t\t\t\t\t<p style=\"font-size: 18px; font-style: normal; font-weight: 400; text-align: justify;\"><span style=\"font-size: 18px;\" data-contrast=\"none\">[1]<\/span><span style=\"font-size: 18px;\" data-contrast=\"none\">\u00a0<\/span><a href=\"https:\/\/www.ohchr.org\/EN\/HRBodies\/CRC\/Pages\/Discussion2011.aspx\"><span style=\"font-size: 18px;\" data-contrast=\"none\">https:\/\/www.ohchr.org\/EN\/HRBodies\/CRC\/Pages\/Discussion2011.aspx<\/span><\/a><span style=\"font-size: 18px;\" data-contrast=\"none\">\u00a0<\/span><span style=\"font-size: 18px;\" data-ccp-props=\"{&quot;201341983&quot;:0,&quot;335551550&quot;:6,&quot;335551620&quot;:6,&quot;335559739&quot;:160,&quot;335559740&quot;:257}\">\u00a0<\/span><\/p><p style=\"font-size: 18px; font-style: normal; font-weight: 400; text-align: justify;\"><span style=\"font-size: 18px;\" data-contrast=\"none\">[2]\u00a0<\/span><span style=\"font-size: 18px;\" data-contrast=\"none\">Voir\u00a0par\u00a0exemple\u00a0: Jones, Adele, Gallagher, Bernard, Manby, Martin, Robertson, Oliver,\u00a0Sch\u00fctzwohl, Matthias, Berman, Anne H., Hirschfield, Alexander, Ayre, Liz, Urban, Mirjam, Sharratt, Kathryn et Christmann, Kris (2013) Enfants de\u00a0prisonniers\u00a0: Interventions et\u00a0att\u00e9nuations\u00a0pour\u00a0renforcer\u00a0la\u00a0sant\u00e9\u00a0mentale. Universit\u00e9 de Huddersfield.<\/span><span style=\"font-size: 18px;\" data-ccp-props=\"{&quot;201341983&quot;:0,&quot;335551550&quot;:6,&quot;335551620&quot;:6,&quot;335559739&quot;:160,&quot;335559740&quot;:257}\">\u00a0<\/span><\/p><p style=\"font-size: 18px; font-style: normal; font-weight: 400; text-align: justify;\"><span style=\"font-size: 18px;\" data-contrast=\"none\">[3]<\/span><span style=\"font-size: 18px;\" data-contrast=\"none\">\u00a0<\/span><a href=\"https:\/\/www.ohchr.org\/EN\/HRBodies\/CRC\/Pages\/Discussion2011.aspx\"><span style=\"font-size: 18px;\" data-contrast=\"none\">https:\/\/www.ohchr.org\/EN\/HRBodies\/CRC\/Pages\/Discussion2011.aspx<\/span><\/a><span style=\"font-size: 18px;\" data-ccp-props=\"{&quot;201341983&quot;:0,&quot;335551550&quot;:6,&quot;335551620&quot;:6,&quot;335559739&quot;:160,&quot;335559740&quot;:257}\">\u00a0<\/span><\/p><p style=\"font-size: 18px; font-style: normal; font-weight: 400; text-align: justify;\"><span style=\"font-size: 18px;\" data-contrast=\"none\">[4]<\/span><span style=\"font-size: 18px;\" data-contrast=\"none\">\u00a0Manfred Nowak, \u00c9tude\u00a0mondiale\u00a0des Nations\u00a0unies\u00a0sur les enfants\u00a0priv\u00e9s\u00a0de\u00a0libert\u00e9,\u00a0chapitre\u00a010, section 5, par. 6.<\/span><span style=\"font-size: 18px;\" data-ccp-props=\"{&quot;201341983&quot;:0,&quot;335551550&quot;:6,&quot;335551620&quot;:6,&quot;335559739&quot;:160,&quot;335559740&quot;:240}\">\u00a0<\/span><\/p><p style=\"font-size: 18px; font-style: normal; font-weight: 400; text-align: justify;\"><span style=\"font-size: 18px;\" data-contrast=\"none\">[5]<\/span><span style=\"font-size: 18px;\" data-contrast=\"none\">\u00a0Comit\u00e9\u00a0africain\u00a0d&rsquo;experts\u00a0sur les droits et le bien-\u00eatre\u00a0de\u00a0l&rsquo;enfant, Observation\u00a0g\u00e9n\u00e9rale\u00a0n\u00b0 1 sur\u00a0l&rsquo;article\u00a030 de la\u00a0Charte\u00a0africaine\u00a0des droits et du bien-\u00eatre\u00a0de\u00a0l&rsquo;enfant: Les enfants de parents\u00a0incarc\u00e9r\u00e9s\u00a0et\u00a0emprisonn\u00e9s\u00a0et les\u00a0principaux\u00a0dispensateurs\u00a0de\u00a0soins\u00a0(2013).<\/span><span style=\"font-size: 18px;\" data-ccp-props=\"{&quot;201341983&quot;:0,&quot;335551550&quot;:6,&quot;335551620&quot;:6,&quot;335559739&quot;:160,&quot;335559740&quot;:257}\">\u00a0<\/span><\/p><p style=\"font-size: 18px; font-style: normal; font-weight: 400; text-align: justify;\"><span style=\"font-size: 18px;\" data-contrast=\"none\">[6]<\/span><span style=\"font-size: 18px;\" data-contrast=\"none\">\u00a0Voir\u00a0Lucy Halton et Laurel Townhead (2020), Children of Incarcerated\u00a0Parents:\u00a0Normes\u00a0et\u00a0lignes\u00a0directrices\u00a0internationales\u00a0(Bureau Quaker\u00a0aupr\u00e8s\u00a0des Nations\u00a0Unies, Gen\u00e8ve).<\/span><span style=\"font-size: 18px;\" data-ccp-props=\"{&quot;201341983&quot;:0,&quot;335551550&quot;:6,&quot;335551620&quot;:6,&quot;335559739&quot;:160,&quot;335559740&quot;:240}\">\u00a0<\/span><\/p>\t\t\t\t\t\t\t\t<\/div>\n\t\t\t\t<\/div>\n\t\t\t\t\t<\/div>\n\t\t<\/div>\n\t\t\t\t\t<\/div>\n\t\t<\/section>\n\t\t\t\t<\/div>\n\t\t","protected":false},"excerpt":{"rendered":"<p>\u00a9 Prisoners Advice Service (Wikimedia Commons) Dans presque tous les pays, il y a des enfants qui vivent en prison avec un\u00a0parent,mais\u00a0les r\u00e8gles concernant le moment o\u00f9 cela se produit (par exemple en limitant cette situation aux enfants n\u00e9s en prison), l&rsquo;\u00e2ge auquel ces enfants peuvent rester avec leur parent et les conditions dans lesquelles [&hellip;]<\/p>\n","protected":false},"author":4,"featured_media":20551,"comment_status":"closed","ping_status":"open","sticky":false,"template":"","format":"standard","meta":{"_acf_changed":false,"give_campaign_id":0,"_monsterinsights_skip_tracking":false,"_monsterinsights_sitenote_active":false,"_monsterinsights_sitenote_note":"","_monsterinsights_sitenote_category":0,"site-sidebar-layout":"default","site-content-layout":"default","ast-site-content-layout":"default","site-content-style":"default","site-sidebar-style":"default","ast-global-header-display":"","ast-banner-title-visibility":"","ast-main-header-display":"","ast-hfb-above-header-display":"","ast-hfb-below-header-display":"","ast-hfb-mobile-header-display":"","site-post-title":"","ast-breadcrumbs-content":"","ast-featured-img":"","footer-sml-layout":"","ast-disable-related-posts":"","theme-transparent-header-meta":"default","adv-header-id-meta":"","stick-header-meta":"","header-above-stick-meta":"","header-main-stick-meta":"","header-below-stick-meta":"","astra-migrate-meta-layouts":"default","ast-page-background-enabled":"default","ast-page-background-meta":{"desktop":{"background-color":"var(--ast-global-color-5)","background-image":"","background-repeat":"repeat","background-position":"center center","background-size":"auto","background-attachment":"scroll","background-type":"","background-media":"","overlay-type":"","overlay-color":"","overlay-opacity":"","overlay-gradient":""},"tablet":{"background-color":"","background-image":"","background-repeat":"repeat","background-position":"center center","background-size":"auto","background-attachment":"scroll","background-type":"","background-media":"","overlay-type":"","overlay-color":"","overlay-opacity":"","overlay-gradient":""},"mobile":{"background-color":"","background-image":"","background-repeat":"repeat","background-position":"center center","background-size":"auto","background-attachment":"scroll","background-type":"","background-media":"","overlay-type":"","overlay-color":"","overlay-opacity":"","overlay-gradient":""}},"ast-content-background-meta":{"desktop":{"background-color":"var(--ast-global-color-4)","background-image":"","background-repeat":"repeat","background-position":"center center","background-size":"auto","background-attachment":"scroll","background-type":"","background-media":"","overlay-type":"","overlay-color":"","overlay-opacity":"","overlay-gradient":""},"tablet":{"background-color":"var(--ast-global-color-4)","background-image":"","background-repeat":"repeat","background-position":"center center","background-size":"auto","background-attachment":"scroll","background-type":"","background-media":"","overlay-type":"","overlay-color":"","overlay-opacity":"","overlay-gradient":""},"mobile":{"background-color":"var(--ast-global-color-4)","background-image":"","background-repeat":"repeat","background-position":"center center","background-size":"auto","background-attachment":"scroll","background-type":"","background-media":"","overlay-type":"","overlay-color":"","overlay-opacity":"","overlay-gradient":""}},"footnotes":""},"categories":[275,745],"tags":[],"class_list":["post-20553","post","type-post","status-publish","format-standard","has-post-thumbnail","hentry","category-highlight-fr","category-news-fr-fr"],"acf":[],"yoast_head":"<!-- This site is optimized with the Yoast SEO plugin v27.1.1 - https:\/\/yoast.com\/product\/yoast-seo-wordpress\/ -->\n<title>Enfants vivant avec leurs parents en prison - Defence for Children<\/title>\n<meta name=\"robots\" content=\"index, follow, max-snippet:-1, max-image-preview:large, max-video-preview:-1\" \/>\n<link rel=\"canonical\" href=\"https:\/\/defenceforchildren.org\/fr\/enfants-vivant-avec-leurs-parents-en-prison\/\" \/>\n<meta name=\"twitter:label1\" content=\"\u00c9crit par\" \/>\n\t<meta name=\"twitter:data1\" content=\"Defence for Children\" \/>\n\t<meta name=\"twitter:label2\" content=\"Dur\u00e9e de lecture estim\u00e9e\" \/>\n\t<meta name=\"twitter:data2\" content=\"7 minutes\" \/>\n<script type=\"application\/ld+json\" class=\"yoast-schema-graph\">{\"@context\":\"https:\/\/schema.org\",\"@graph\":[{\"@type\":\"Article\",\"@id\":\"https:\/\/defenceforchildren.org\/fr\/enfants-vivant-avec-leurs-parents-en-prison\/#article\",\"isPartOf\":{\"@id\":\"https:\/\/defenceforchildren.org\/fr\/enfants-vivant-avec-leurs-parents-en-prison\/\"},\"author\":{\"name\":\"Defence for Children\",\"@id\":\"https:\/\/defenceforchildren.org\/#\/schema\/person\/9541019ea0377bfc30e2cbbbb9adc5e9\"},\"headline\":\"Enfants vivant avec leurs parents en prison\",\"datePublished\":\"2021-09-29T14:19:29+00:00\",\"dateModified\":\"2021-10-04T14:00:40+00:00\",\"mainEntityOfPage\":{\"@id\":\"https:\/\/defenceforchildren.org\/fr\/enfants-vivant-avec-leurs-parents-en-prison\/\"},\"wordCount\":1568,\"publisher\":{\"@id\":\"https:\/\/defenceforchildren.org\/#organization\"},\"image\":{\"@id\":\"https:\/\/defenceforchildren.org\/fr\/enfants-vivant-avec-leurs-parents-en-prison\/#primaryimage\"},\"thumbnailUrl\":\"https:\/\/defenceforchildren.org\/wp-content\/uploads\/2021\/09\/Children-living-with-parents-in-prisions.png\",\"articleSection\":[\"Highlight @fr\",\"Nouvelles\"],\"inLanguage\":\"fr-FR\"},{\"@type\":\"WebPage\",\"@id\":\"https:\/\/defenceforchildren.org\/fr\/enfants-vivant-avec-leurs-parents-en-prison\/\",\"url\":\"https:\/\/defenceforchildren.org\/fr\/enfants-vivant-avec-leurs-parents-en-prison\/\",\"name\":\"Enfants vivant avec leurs parents en prison - Defence for Children\",\"isPartOf\":{\"@id\":\"https:\/\/defenceforchildren.org\/#website\"},\"primaryImageOfPage\":{\"@id\":\"https:\/\/defenceforchildren.org\/fr\/enfants-vivant-avec-leurs-parents-en-prison\/#primaryimage\"},\"image\":{\"@id\":\"https:\/\/defenceforchildren.org\/fr\/enfants-vivant-avec-leurs-parents-en-prison\/#primaryimage\"},\"thumbnailUrl\":\"https:\/\/defenceforchildren.org\/wp-content\/uploads\/2021\/09\/Children-living-with-parents-in-prisions.png\",\"datePublished\":\"2021-09-29T14:19:29+00:00\",\"dateModified\":\"2021-10-04T14:00:40+00:00\",\"breadcrumb\":{\"@id\":\"https:\/\/defenceforchildren.org\/fr\/enfants-vivant-avec-leurs-parents-en-prison\/#breadcrumb\"},\"inLanguage\":\"fr-FR\",\"potentialAction\":[{\"@type\":\"ReadAction\",\"target\":[\"https:\/\/defenceforchildren.org\/fr\/enfants-vivant-avec-leurs-parents-en-prison\/\"]}]},{\"@type\":\"ImageObject\",\"inLanguage\":\"fr-FR\",\"@id\":\"https:\/\/defenceforchildren.org\/fr\/enfants-vivant-avec-leurs-parents-en-prison\/#primaryimage\",\"url\":\"https:\/\/defenceforchildren.org\/wp-content\/uploads\/2021\/09\/Children-living-with-parents-in-prisions.png\",\"contentUrl\":\"https:\/\/defenceforchildren.org\/wp-content\/uploads\/2021\/09\/Children-living-with-parents-in-prisions.png\",\"width\":799,\"height\":533},{\"@type\":\"BreadcrumbList\",\"@id\":\"https:\/\/defenceforchildren.org\/fr\/enfants-vivant-avec-leurs-parents-en-prison\/#breadcrumb\",\"itemListElement\":[{\"@type\":\"ListItem\",\"position\":1,\"name\":\"Accueil\",\"item\":\"https:\/\/defenceforchildren.org\/fr\/homepage-v2\/\"},{\"@type\":\"ListItem\",\"position\":2,\"name\":\"Enfants vivant avec leurs parents en prison\"}]},{\"@type\":\"WebSite\",\"@id\":\"https:\/\/defenceforchildren.org\/#website\",\"url\":\"https:\/\/defenceforchildren.org\/\",\"name\":\"Defence for Children\",\"description\":\"\",\"publisher\":{\"@id\":\"https:\/\/defenceforchildren.org\/#organization\"},\"potentialAction\":[{\"@type\":\"SearchAction\",\"target\":{\"@type\":\"EntryPoint\",\"urlTemplate\":\"https:\/\/defenceforchildren.org\/?s={search_term_string}\"},\"query-input\":{\"@type\":\"PropertyValueSpecification\",\"valueRequired\":true,\"valueName\":\"search_term_string\"}}],\"inLanguage\":\"fr-FR\"},{\"@type\":\"Organization\",\"@id\":\"https:\/\/defenceforchildren.org\/#organization\",\"name\":\"Defence for Children\",\"url\":\"https:\/\/defenceforchildren.org\/\",\"logo\":{\"@type\":\"ImageObject\",\"inLanguage\":\"fr-FR\",\"@id\":\"https:\/\/defenceforchildren.org\/#\/schema\/logo\/image\/\",\"url\":\"https:\/\/defenceforchildren.org\/wp-content\/uploads\/2020\/07\/cropped-INT.-SEC-EN-claim.jpg\",\"contentUrl\":\"https:\/\/defenceforchildren.org\/wp-content\/uploads\/2020\/07\/cropped-INT.-SEC-EN-claim.jpg\",\"width\":1431,\"height\":449,\"caption\":\"Defence for Children\"},\"image\":{\"@id\":\"https:\/\/defenceforchildren.org\/#\/schema\/logo\/image\/\"},\"sameAs\":[\"https:\/\/fr.wikipedia.org\/wiki\/Defence_for_Children_International\"]},{\"@type\":\"Person\",\"@id\":\"https:\/\/defenceforchildren.org\/#\/schema\/person\/9541019ea0377bfc30e2cbbbb9adc5e9\",\"name\":\"Defence for Children\",\"image\":{\"@type\":\"ImageObject\",\"inLanguage\":\"fr-FR\",\"@id\":\"https:\/\/defenceforchildren.org\/#\/schema\/person\/image\/\",\"url\":\"https:\/\/secure.gravatar.com\/avatar\/10eb139d73f78549568375f543efd2ed773063735b6ea6a975066b2f03004b44?s=96&d=mm&r=g\",\"contentUrl\":\"https:\/\/secure.gravatar.com\/avatar\/10eb139d73f78549568375f543efd2ed773063735b6ea6a975066b2f03004b44?s=96&d=mm&r=g\",\"caption\":\"Defence for Children\"},\"url\":\"https:\/\/defenceforchildren.org\/fr\/author\/defence4c\/\"}]}<\/script>\n<!-- \/ Yoast SEO plugin. -->","yoast_head_json":{"title":"Enfants vivant avec leurs parents en prison - Defence for Children","robots":{"index":"index","follow":"follow","max-snippet":"max-snippet:-1","max-image-preview":"max-image-preview:large","max-video-preview":"max-video-preview:-1"},"canonical":"https:\/\/defenceforchildren.org\/fr\/enfants-vivant-avec-leurs-parents-en-prison\/","twitter_misc":{"\u00c9crit par":"Defence for Children","Dur\u00e9e de lecture estim\u00e9e":"7 minutes"},"schema":{"@context":"https:\/\/schema.org","@graph":[{"@type":"Article","@id":"https:\/\/defenceforchildren.org\/fr\/enfants-vivant-avec-leurs-parents-en-prison\/#article","isPartOf":{"@id":"https:\/\/defenceforchildren.org\/fr\/enfants-vivant-avec-leurs-parents-en-prison\/"},"author":{"name":"Defence for Children","@id":"https:\/\/defenceforchildren.org\/#\/schema\/person\/9541019ea0377bfc30e2cbbbb9adc5e9"},"headline":"Enfants vivant avec leurs parents en prison","datePublished":"2021-09-29T14:19:29+00:00","dateModified":"2021-10-04T14:00:40+00:00","mainEntityOfPage":{"@id":"https:\/\/defenceforchildren.org\/fr\/enfants-vivant-avec-leurs-parents-en-prison\/"},"wordCount":1568,"publisher":{"@id":"https:\/\/defenceforchildren.org\/#organization"},"image":{"@id":"https:\/\/defenceforchildren.org\/fr\/enfants-vivant-avec-leurs-parents-en-prison\/#primaryimage"},"thumbnailUrl":"https:\/\/defenceforchildren.org\/wp-content\/uploads\/2021\/09\/Children-living-with-parents-in-prisions.png","articleSection":["Highlight @fr","Nouvelles"],"inLanguage":"fr-FR"},{"@type":"WebPage","@id":"https:\/\/defenceforchildren.org\/fr\/enfants-vivant-avec-leurs-parents-en-prison\/","url":"https:\/\/defenceforchildren.org\/fr\/enfants-vivant-avec-leurs-parents-en-prison\/","name":"Enfants vivant avec leurs parents en prison - Defence for Children","isPartOf":{"@id":"https:\/\/defenceforchildren.org\/#website"},"primaryImageOfPage":{"@id":"https:\/\/defenceforchildren.org\/fr\/enfants-vivant-avec-leurs-parents-en-prison\/#primaryimage"},"image":{"@id":"https:\/\/defenceforchildren.org\/fr\/enfants-vivant-avec-leurs-parents-en-prison\/#primaryimage"},"thumbnailUrl":"https:\/\/defenceforchildren.org\/wp-content\/uploads\/2021\/09\/Children-living-with-parents-in-prisions.png","datePublished":"2021-09-29T14:19:29+00:00","dateModified":"2021-10-04T14:00:40+00:00","breadcrumb":{"@id":"https:\/\/defenceforchildren.org\/fr\/enfants-vivant-avec-leurs-parents-en-prison\/#breadcrumb"},"inLanguage":"fr-FR","potentialAction":[{"@type":"ReadAction","target":["https:\/\/defenceforchildren.org\/fr\/enfants-vivant-avec-leurs-parents-en-prison\/"]}]},{"@type":"ImageObject","inLanguage":"fr-FR","@id":"https:\/\/defenceforchildren.org\/fr\/enfants-vivant-avec-leurs-parents-en-prison\/#primaryimage","url":"https:\/\/defenceforchildren.org\/wp-content\/uploads\/2021\/09\/Children-living-with-parents-in-prisions.png","contentUrl":"https:\/\/defenceforchildren.org\/wp-content\/uploads\/2021\/09\/Children-living-with-parents-in-prisions.png","width":799,"height":533},{"@type":"BreadcrumbList","@id":"https:\/\/defenceforchildren.org\/fr\/enfants-vivant-avec-leurs-parents-en-prison\/#breadcrumb","itemListElement":[{"@type":"ListItem","position":1,"name":"Accueil","item":"https:\/\/defenceforchildren.org\/fr\/homepage-v2\/"},{"@type":"ListItem","position":2,"name":"Enfants vivant avec leurs parents en prison"}]},{"@type":"WebSite","@id":"https:\/\/defenceforchildren.org\/#website","url":"https:\/\/defenceforchildren.org\/","name":"Defence for Children","description":"","publisher":{"@id":"https:\/\/defenceforchildren.org\/#organization"},"potentialAction":[{"@type":"SearchAction","target":{"@type":"EntryPoint","urlTemplate":"https:\/\/defenceforchildren.org\/?s={search_term_string}"},"query-input":{"@type":"PropertyValueSpecification","valueRequired":true,"valueName":"search_term_string"}}],"inLanguage":"fr-FR"},{"@type":"Organization","@id":"https:\/\/defenceforchildren.org\/#organization","name":"Defence for Children","url":"https:\/\/defenceforchildren.org\/","logo":{"@type":"ImageObject","inLanguage":"fr-FR","@id":"https:\/\/defenceforchildren.org\/#\/schema\/logo\/image\/","url":"https:\/\/defenceforchildren.org\/wp-content\/uploads\/2020\/07\/cropped-INT.-SEC-EN-claim.jpg","contentUrl":"https:\/\/defenceforchildren.org\/wp-content\/uploads\/2020\/07\/cropped-INT.-SEC-EN-claim.jpg","width":1431,"height":449,"caption":"Defence for Children"},"image":{"@id":"https:\/\/defenceforchildren.org\/#\/schema\/logo\/image\/"},"sameAs":["https:\/\/fr.wikipedia.org\/wiki\/Defence_for_Children_International"]},{"@type":"Person","@id":"https:\/\/defenceforchildren.org\/#\/schema\/person\/9541019ea0377bfc30e2cbbbb9adc5e9","name":"Defence for Children","image":{"@type":"ImageObject","inLanguage":"fr-FR","@id":"https:\/\/defenceforchildren.org\/#\/schema\/person\/image\/","url":"https:\/\/secure.gravatar.com\/avatar\/10eb139d73f78549568375f543efd2ed773063735b6ea6a975066b2f03004b44?s=96&d=mm&r=g","contentUrl":"https:\/\/secure.gravatar.com\/avatar\/10eb139d73f78549568375f543efd2ed773063735b6ea6a975066b2f03004b44?s=96&d=mm&r=g","caption":"Defence for Children"},"url":"https:\/\/defenceforchildren.org\/fr\/author\/defence4c\/"}]}},"_links":{"self":[{"href":"https:\/\/defenceforchildren.org\/fr\/wp-json\/wp\/v2\/posts\/20553","targetHints":{"allow":["GET"]}}],"collection":[{"href":"https:\/\/defenceforchildren.org\/fr\/wp-json\/wp\/v2\/posts"}],"about":[{"href":"https:\/\/defenceforchildren.org\/fr\/wp-json\/wp\/v2\/types\/post"}],"author":[{"embeddable":true,"href":"https:\/\/defenceforchildren.org\/fr\/wp-json\/wp\/v2\/users\/4"}],"replies":[{"embeddable":true,"href":"https:\/\/defenceforchildren.org\/fr\/wp-json\/wp\/v2\/comments?post=20553"}],"version-history":[{"count":0,"href":"https:\/\/defenceforchildren.org\/fr\/wp-json\/wp\/v2\/posts\/20553\/revisions"}],"wp:featuredmedia":[{"embeddable":true,"href":"https:\/\/defenceforchildren.org\/fr\/wp-json\/wp\/v2\/media\/20551"}],"wp:attachment":[{"href":"https:\/\/defenceforchildren.org\/fr\/wp-json\/wp\/v2\/media?parent=20553"}],"wp:term":[{"taxonomy":"category","embeddable":true,"href":"https:\/\/defenceforchildren.org\/fr\/wp-json\/wp\/v2\/categories?post=20553"},{"taxonomy":"post_tag","embeddable":true,"href":"https:\/\/defenceforchildren.org\/fr\/wp-json\/wp\/v2\/tags?post=20553"}],"curies":[{"name":"wp","href":"https:\/\/api.w.org\/{rel}","templated":true}]}}