{"id":20531,"date":"2021-09-29T12:48:35","date_gmt":"2021-09-29T11:48:35","guid":{"rendered":"https:\/\/defenceforchildren.org\/fr\/?p=20531"},"modified":"2021-10-04T14:43:38","modified_gmt":"2021-10-04T13:43:38","slug":"la-detention-est-elle-le-meilleur-que-le-monde-puisse-moffrir","status":"publish","type":"post","link":"https:\/\/defenceforchildren.org\/fr\/la-detention-est-elle-le-meilleur-que-le-monde-puisse-moffrir\/","title":{"rendered":"La d\u00e9tention est-elle le meilleur que le monde puisse m\u2019offrir ?"},"content":{"rendered":"\t\t<div data-elementor-type=\"wp-post\" data-elementor-id=\"20531\" class=\"elementor elementor-20531\" data-elementor-post-type=\"post\">\n\t\t\t\t\t\t<section class=\"elementor-section elementor-top-section elementor-element elementor-element-663d1e7 elementor-section-boxed elementor-section-height-default elementor-section-height-default\" data-id=\"663d1e7\" data-element_type=\"section\" data-e-type=\"section\">\n\t\t\t\t\t\t<div class=\"elementor-container elementor-column-gap-default\">\n\t\t\t\t\t<div class=\"elementor-column elementor-col-100 elementor-top-column elementor-element elementor-element-2bff2e3\" data-id=\"2bff2e3\" data-element_type=\"column\" data-e-type=\"column\">\n\t\t\t<div class=\"elementor-widget-wrap elementor-element-populated\">\n\t\t\t\t\t\t<div class=\"elementor-element elementor-element-d7b0233 elementor-widget elementor-widget-image\" data-id=\"d7b0233\" data-element_type=\"widget\" data-e-type=\"widget\" data-widget_type=\"image.default\">\n\t\t\t\t<div class=\"elementor-widget-container\">\n\t\t\t\t\t\t\t\t\t\t\t\t\t\t\t<img fetchpriority=\"high\" decoding=\"async\" width=\"750\" height=\"532\" src=\"https:\/\/defenceforchildren.org\/wp-content\/uploads\/2021\/09\/Diseno-sin-titulo-6-750x532.png\" class=\"attachment-medium size-medium wp-image-20568\" alt=\"\" srcset=\"https:\/\/defenceforchildren.org\/wp-content\/uploads\/2021\/09\/Diseno-sin-titulo-6-750x532.png 750w, https:\/\/defenceforchildren.org\/wp-content\/uploads\/2021\/09\/Diseno-sin-titulo-6-1024x726.png 1024w, https:\/\/defenceforchildren.org\/wp-content\/uploads\/2021\/09\/Diseno-sin-titulo-6-768x545.png 768w, https:\/\/defenceforchildren.org\/wp-content\/uploads\/2021\/09\/Diseno-sin-titulo-6-1536x1090.png 1536w, https:\/\/defenceforchildren.org\/wp-content\/uploads\/2021\/09\/Diseno-sin-titulo-6.png 1748w\" sizes=\"(max-width: 750px) 100vw, 750px\" \/>\t\t\t\t\t\t\t\t\t\t\t\t\t\t\t<\/div>\n\t\t\t\t<\/div>\n\t\t\t\t\t<\/div>\n\t\t<\/div>\n\t\t\t\t\t<\/div>\n\t\t<\/section>\n\t\t\t\t<section class=\"elementor-section elementor-top-section elementor-element elementor-element-fba61f3 elementor-section-boxed elementor-section-height-default elementor-section-height-default\" data-id=\"fba61f3\" data-element_type=\"section\" data-e-type=\"section\">\n\t\t\t\t\t\t<div class=\"elementor-container elementor-column-gap-default\">\n\t\t\t\t\t<div class=\"elementor-column elementor-col-33 elementor-top-column elementor-element elementor-element-52fdaaf\" data-id=\"52fdaaf\" data-element_type=\"column\" data-e-type=\"column\">\n\t\t\t<div class=\"elementor-widget-wrap\">\n\t\t\t\t\t\t\t<\/div>\n\t\t<\/div>\n\t\t\t\t<div class=\"elementor-column elementor-col-33 elementor-top-column elementor-element elementor-element-73f52fb\" data-id=\"73f52fb\" data-element_type=\"column\" data-e-type=\"column\">\n\t\t\t<div class=\"elementor-widget-wrap elementor-element-populated\">\n\t\t\t\t\t\t<div class=\"elementor-element elementor-element-0a4a782 elementor-widget elementor-widget-text-editor\" data-id=\"0a4a782\" data-element_type=\"widget\" data-e-type=\"widget\" data-widget_type=\"text-editor.default\">\n\t\t\t\t<div class=\"elementor-widget-container\">\n\t\t\t\t\t\t\t\t\t<p>\u00a9DEI-Gr\u00e8ce<\/p>\t\t\t\t\t\t\t\t<\/div>\n\t\t\t\t<\/div>\n\t\t\t\t\t<\/div>\n\t\t<\/div>\n\t\t\t\t<div class=\"elementor-column elementor-col-33 elementor-top-column elementor-element elementor-element-6d24a29\" data-id=\"6d24a29\" data-element_type=\"column\" data-e-type=\"column\">\n\t\t\t<div class=\"elementor-widget-wrap\">\n\t\t\t\t\t\t\t<\/div>\n\t\t<\/div>\n\t\t\t\t\t<\/div>\n\t\t<\/section>\n\t\t\t\t<section class=\"elementor-section elementor-top-section elementor-element elementor-element-ebb88b2 elementor-section-boxed elementor-section-height-default elementor-section-height-default\" data-id=\"ebb88b2\" data-element_type=\"section\" data-e-type=\"section\">\n\t\t\t\t\t\t<div class=\"elementor-container elementor-column-gap-default\">\n\t\t\t\t\t<div class=\"elementor-column elementor-col-100 elementor-top-column elementor-element elementor-element-99e7329\" data-id=\"99e7329\" data-element_type=\"column\" data-e-type=\"column\">\n\t\t\t<div class=\"elementor-widget-wrap elementor-element-populated\">\n\t\t\t\t\t\t<div class=\"elementor-element elementor-element-08612af elementor-widget elementor-widget-spacer\" data-id=\"08612af\" data-element_type=\"widget\" data-e-type=\"widget\" data-widget_type=\"spacer.default\">\n\t\t\t\t<div class=\"elementor-widget-container\">\n\t\t\t\t\t\t\t<div class=\"elementor-spacer\">\n\t\t\t<div class=\"elementor-spacer-inner\"><\/div>\n\t\t<\/div>\n\t\t\t\t\t\t<\/div>\n\t\t\t\t<\/div>\n\t\t\t\t\t<\/div>\n\t\t<\/div>\n\t\t\t\t\t<\/div>\n\t\t<\/section>\n\t\t\t\t<section class=\"elementor-section elementor-top-section elementor-element elementor-element-ef31d13 elementor-section-boxed elementor-section-height-default elementor-section-height-default\" data-id=\"ef31d13\" data-element_type=\"section\" data-e-type=\"section\">\n\t\t\t\t\t\t<div class=\"elementor-container elementor-column-gap-default\">\n\t\t\t\t\t<div class=\"elementor-column elementor-col-100 elementor-top-column elementor-element elementor-element-5f26bad\" data-id=\"5f26bad\" data-element_type=\"column\" data-e-type=\"column\">\n\t\t\t<div class=\"elementor-widget-wrap elementor-element-populated\">\n\t\t\t\t\t\t<div class=\"elementor-element elementor-element-9a5e4e5 elementor-widget elementor-widget-author-box\" data-id=\"9a5e4e5\" data-element_type=\"widget\" data-e-type=\"widget\" data-widget_type=\"author-box.default\">\n\t\t\t\t<div class=\"elementor-widget-container\">\n\t\t\t\t\t\t\t<div class=\"elementor-author-box\">\n\t\t\t\t\t\t\t<div  class=\"elementor-author-box__avatar\">\n\t\t\t\t\t<img decoding=\"async\" src=\"https:\/\/defenceforchildren.org\/wp-content\/uploads\/2021\/09\/ME-photo-e1633342431250-497x750.jpg\" alt=\"Image de  Nantina Tsekeri\" loading=\"lazy\">\n\t\t\t\t<\/div>\n\t\t\t\n\t\t\t<div class=\"elementor-author-box__text\">\n\t\t\t\t\t\t\t\t\t<div >\n\t\t\t\t\t\t<h4 class=\"elementor-author-box__name\">\n\t\t\t\t\t\t\t Nantina Tsekeri\t\t\t\t\t\t<\/h4>\n\t\t\t\t\t<\/div>\n\t\t\t\t\n\t\t\t\t\t\t\t\t\t<div class=\"elementor-author-box__bio\">\n\t\t\t\t\t\t<p>Fondatrice et PDG de DEI-Gr\u00e8ce<\/p>\n\t\t\t\t\t<\/div>\n\t\t\t\t\n\t\t\t\t\t\t\t<\/div>\n\t\t<\/div>\n\t\t\t\t\t\t<\/div>\n\t\t\t\t<\/div>\n\t\t\t\t\t<\/div>\n\t\t<\/div>\n\t\t\t\t\t<\/div>\n\t\t<\/section>\n\t\t\t\t<section class=\"elementor-section elementor-top-section elementor-element elementor-element-2a0e939 elementor-section-boxed elementor-section-height-default elementor-section-height-default\" data-id=\"2a0e939\" data-element_type=\"section\" data-e-type=\"section\">\n\t\t\t\t\t\t<div class=\"elementor-container elementor-column-gap-default\">\n\t\t\t\t\t<div class=\"elementor-column elementor-col-100 elementor-top-column elementor-element elementor-element-6429415\" data-id=\"6429415\" data-element_type=\"column\" data-e-type=\"column\">\n\t\t\t<div class=\"elementor-widget-wrap elementor-element-populated\">\n\t\t\t\t\t\t<div class=\"elementor-element elementor-element-e281335 elementor-widget elementor-widget-spacer\" data-id=\"e281335\" data-element_type=\"widget\" data-e-type=\"widget\" data-widget_type=\"spacer.default\">\n\t\t\t\t<div class=\"elementor-widget-container\">\n\t\t\t\t\t\t\t<div class=\"elementor-spacer\">\n\t\t\t<div class=\"elementor-spacer-inner\"><\/div>\n\t\t<\/div>\n\t\t\t\t\t\t<\/div>\n\t\t\t\t<\/div>\n\t\t\t\t\t<\/div>\n\t\t<\/div>\n\t\t\t\t\t<\/div>\n\t\t<\/section>\n\t\t\t\t<section class=\"elementor-section elementor-top-section elementor-element elementor-element-fc07755 elementor-section-boxed elementor-section-height-default elementor-section-height-default\" data-id=\"fc07755\" data-element_type=\"section\" data-e-type=\"section\">\n\t\t\t\t\t\t<div class=\"elementor-container elementor-column-gap-default\">\n\t\t\t\t\t<div class=\"elementor-column elementor-col-100 elementor-top-column elementor-element elementor-element-09a4a27\" data-id=\"09a4a27\" data-element_type=\"column\" data-e-type=\"column\">\n\t\t\t<div class=\"elementor-widget-wrap elementor-element-populated\">\n\t\t\t\t\t\t<div class=\"elementor-element elementor-element-5001794 elementor-widget elementor-widget-text-editor\" data-id=\"5001794\" data-element_type=\"widget\" data-e-type=\"widget\" data-widget_type=\"text-editor.default\">\n\t\t\t\t<div class=\"elementor-widget-container\">\n\t\t\t\t\t\t\t\t\t<p><span data-contrast=\"none\">Les enfants repr\u00e9sentent plus de la moiti\u00e9 de la population r\u00e9fugi\u00e9e dans le monde. En 2020, plus de 20 000 enfants ont d\u00fb fuir leur pays, seuls ou avec les personnes qui s&rsquo;occupent d&rsquo;eux, \u00e0 la recherche d&rsquo;un endroit s\u00fbr o\u00f9 ils pourraient \u00eatre vus et trait\u00e9s comme des enfants.<\/span><span data-ccp-props=\"{&quot;201341983&quot;:0,&quot;335551550&quot;:6,&quot;335551620&quot;:6,&quot;335559739&quot;:200,&quot;335559740&quot;:240}\">\u00a0<\/span><\/p><p><span data-ccp-props=\"{&quot;201341983&quot;:0,&quot;335551550&quot;:6,&quot;335551620&quot;:6,&quot;335559739&quot;:200,&quot;335559740&quot;:240}\">\u00a0<\/span><\/p><p><span data-contrast=\"none\">Un enfant qui devient un r\u00e9fugi\u00e9 est contraint de quitter son pays, par crainte d&rsquo;\u00eatre pers\u00e9cut\u00e9 pour de multiples raisons telles que les conflits arm\u00e9s, les catastrophes naturelles, les mariages forc\u00e9s, l&rsquo;appartenance \u00e0 un groupe social particulier, la religion, l&rsquo;ethnicit\u00e9, etc. Un enfant qui devient un r\u00e9fugi\u00e9 esp\u00e8re que la communaut\u00e9 internationale a entendu sa souffrance, son besoin de protection imminent et qu&rsquo;une fois qu&rsquo;il aura r\u00e9ussi \u00e0 fuir son pays, le monde redeviendra juste pour lui.<\/span><span data-ccp-props=\"{&quot;201341983&quot;:0,&quot;335551550&quot;:6,&quot;335551620&quot;:6,&quot;335559739&quot;:200,&quot;335559740&quot;:240}\">\u00a0<\/span><\/p><p><span data-contrast=\"none\">Cette attente est fond\u00e9e. Parmi d&rsquo;autres textes juridiques internationaux, l&rsquo;article 22 de la Convention relative aux droits de l&rsquo;enfant stipule que les \u00c9tats doivent veiller \u00e0 ce que les enfants qui demandent une protection internationale b\u00e9n\u00e9ficient d&rsquo;une protection et d&rsquo;une aide humanitaire appropri\u00e9es, dans les m\u00eames conditions que le reste de la population enfantine sur leur territoire.<\/span><span data-ccp-props=\"{&quot;201341983&quot;:0,&quot;335551550&quot;:6,&quot;335551620&quot;:6,&quot;335559739&quot;:200,&quot;335559740&quot;:240}\">\u00a0<\/span><\/p><p><span data-ccp-props=\"{&quot;201341983&quot;:0,&quot;335551550&quot;:6,&quot;335551620&quot;:6,&quot;335559739&quot;:200,&quot;335559740&quot;:240}\">\u00a0<\/span><\/p><p><span data-contrast=\"none\">Cependant, ces derni\u00e8res ann\u00e9es, les pays de transit ou d&rsquo;accueil de la population r\u00e9fugi\u00e9e ont fait preuve de cr\u00e9ativit\u00e9 en privant les enfants en d\u00e9placement de leur libert\u00e9 et en pr\u00e9sentant cela comme une question d&rsquo;urgence ou une mesure prise pour leur protection. Parfois, la d\u00e9tention est pr\u00e9sent\u00e9e comme une protection ou d&rsquo;autres fois comme une mesure in\u00e9vitable de dernier recours. Cette tendance a conduit \u00e0 la d\u00e9tention de milliers d&rsquo;enfants en d\u00e9placement qui n&rsquo;ont plus d&rsquo;enfance \u00e0 revendiquer.<\/span><span data-ccp-props=\"{&quot;201341983&quot;:0,&quot;335551550&quot;:6,&quot;335551620&quot;:6,&quot;335559739&quot;:200,&quot;335559740&quot;:240}\">\u00a0<\/span><\/p><p><span data-ccp-props=\"{&quot;201341983&quot;:0,&quot;335551550&quot;:6,&quot;335551620&quot;:6,&quot;335559739&quot;:200,&quot;335559740&quot;:240}\">\u00a0<\/span><\/p><p><b><span data-contrast=\"none\">D\u00c9TENTION SOUS GARDE PR\u00c9VENTIVE<\/span><\/b><span data-ccp-props=\"{&quot;201341983&quot;:0,&quot;335551550&quot;:6,&quot;335551620&quot;:6,&quot;335559739&quot;:200,&quot;335559740&quot;:240}\">\u00a0<\/span><\/p><p><span data-ccp-props=\"{&quot;201341983&quot;:0,&quot;335551550&quot;:6,&quot;335551620&quot;:6,&quot;335559739&quot;:200,&quot;335559740&quot;:240}\">\u00a0<\/span><\/p><p><b><i><span data-contrast=\"none\">\u2018J&rsquo;ai quitt\u00e9 mon pays parce que je ne voulais pas devenir un enfant soldat et tuer d&rsquo;autres personnes. Le voyage vers l&rsquo;Europe a \u00e9t\u00e9 long et dangereux. Une fois arriv\u00e9 en Gr\u00e8ce, j&rsquo;ai demand\u00e9 l&rsquo;asile. Je pensais que mon cauchemar \u00e9tait termin\u00e9. Mais je me trompais. J&rsquo;ai \u00e9t\u00e9 plac\u00e9 en d\u00e9tention dans une cellule de police sans savoir pourquoi. Je n&rsquo;avais commis aucun crime\u2019<\/span><\/i><\/b><span data-contrast=\"none\">, a d\u00e9clar\u00e9 Amir, 16 ans, \u00e0 qui on a dit que la d\u00e9tention \u00e9tait un moyen de le\u202f\u2018prot\u00e9ger\u2019.<\/span><span data-ccp-props=\"{&quot;201341983&quot;:0,&quot;335551550&quot;:6,&quot;335551620&quot;:6,&quot;335559739&quot;:200,&quot;335559740&quot;:240}\">\u00a0<\/span><\/p><p><span data-ccp-props=\"{&quot;201341983&quot;:0,&quot;335551550&quot;:6,&quot;335551620&quot;:6,&quot;335559739&quot;:200,&quot;335559740&quot;:240}\">\u00a0<\/span><\/p><p><span data-contrast=\"none\">Depuis 2016, plus de 34 000 enfants non accompagn\u00e9s ont \u00e9t\u00e9 enregistr\u00e9s en Gr\u00e8ce apr\u00e8s avoir travers\u00e9 la mer \u00c9g\u00e9e ou apr\u00e8s \u00eatre entr\u00e9s dans le pays par voie terrestre depuis la Turquie. Dans le cadre du r\u00e9gime grec de d\u00e9tention pr\u00e9ventive, qui a d\u00e9but\u00e9 en 2001, nombre de ces enfants ont fini par \u00eatre d\u00e9tenus dans des postes de police pendant des semaines, voire des mois, au lieu d&rsquo;\u00eatre transf\u00e9r\u00e9s dans un lieu s\u00fbr compatible avec leurs besoins. Les cellules \u00e9taient insalubres, surpeupl\u00e9es et souvent partag\u00e9es avec des adultes sans lien de parent\u00e9, ce qui les exposait davantage aux risques d&rsquo;abus et d&rsquo;agressions sexuelles.\u202f<\/span><span data-ccp-props=\"{&quot;134233117&quot;:true,&quot;134233118&quot;:true,&quot;201341983&quot;:0,&quot;335551550&quot;:6,&quot;335551620&quot;:6,&quot;335559739&quot;:160,&quot;335559740&quot;:240}\">\u00a0<\/span><\/p><p><span data-ccp-props=\"{&quot;134233117&quot;:true,&quot;134233118&quot;:true,&quot;201341983&quot;:0,&quot;335551550&quot;:6,&quot;335551620&quot;:6,&quot;335559739&quot;:160,&quot;335559740&quot;:240}\">\u00a0<\/span><\/p><p><span data-contrast=\"none\">La Gr\u00e8ce a \u00e9t\u00e9\u00a0<a rel=\"noopener\" href=\"https:\/\/www.hrw.org\/news\/2019\/06\/15\/european-court-condemns-greeces-migrant-kid-lockups\" target=\"_blank\">poursuivie et condamn\u00e9e<\/a>\u00a0pour cette pratique \u00e0 de multiples reprises devant la Cour europ\u00e9enne des droits de l&rsquo;homme, et en 2021, la Gr\u00e8ce a annonc\u00e9 l&rsquo;abolition de sa pratique de longue date consistant \u00e0 placer les enfants migrants non accompagn\u00e9s en garde \u00e0 vue. Cependant, selon les donn\u00e9es officielles recueillies aupr\u00e8s du Centre national grec pour la solidarit\u00e9 sociale, 36 enfants sont enregistr\u00e9s comme \u00e9tant en garde \u00e0 vue \u00e0 la fin du mois de juillet 2021.<\/span><span data-ccp-props=\"{&quot;134233117&quot;:true,&quot;134233118&quot;:true,&quot;201341983&quot;:0,&quot;335551550&quot;:6,&quot;335551620&quot;:6,&quot;335559739&quot;:160,&quot;335559740&quot;:240}\">\u00a0<\/span><\/p><p><span data-ccp-props=\"{&quot;134233117&quot;:true,&quot;134233118&quot;:true,&quot;201341983&quot;:0,&quot;335551550&quot;:6,&quot;335551620&quot;:6,&quot;335559739&quot;:160,&quot;335559740&quot;:240}\">\u00a0<\/span><\/p><p><b><span data-contrast=\"none\">D\u00c9TENUS DANS DES PRISONS\u00a0EN\u00a0PLEIN AIR APPEL\u00c9ES HOTSPOTS<\/span><\/b><span data-ccp-props=\"{&quot;134233117&quot;:true,&quot;134233118&quot;:true,&quot;201341983&quot;:0,&quot;335551550&quot;:6,&quot;335551620&quot;:6,&quot;335559739&quot;:160,&quot;335559740&quot;:240}\">\u00a0<\/span><\/p><p><span data-ccp-props=\"{&quot;134233117&quot;:true,&quot;134233118&quot;:true,&quot;201341983&quot;:0,&quot;335551550&quot;:6,&quot;335551620&quot;:6,&quot;335559739&quot;:160,&quot;335559740&quot;:240}\">\u00a0<\/span><\/p><p><b><i><span data-contrast=\"none\">\u2018Je suis pi\u00e9g\u00e9 dans le hotspot de Lesbos. La nuit, j&rsquo;ai peur d&rsquo;aller aux toilettes. L&rsquo;autre jour, une fillette de 8 ans a \u00e9t\u00e9 viol\u00e9e. J&rsquo;ai peur. Dans la journ\u00e9e, il y a des policiers partout et je ne peux pas sortir avec ma m\u00e8re quand je veux. Je veux sortir de cet enfer et aller \u00e0 l&rsquo;\u00e9cole\u2019<\/span><\/i><\/b><i><span data-contrast=\"none\">, dit Fatima 14 ans qui a une restriction g\u00e9ographique sur ses m\u00e9rites.<\/span><\/i><span data-ccp-props=\"{&quot;134233117&quot;:true,&quot;134233118&quot;:true,&quot;201341983&quot;:0,&quot;335551550&quot;:6,&quot;335551620&quot;:6,&quot;335559739&quot;:160,&quot;335559740&quot;:240}\">\u00a0<\/span><\/p><p><span data-ccp-props=\"{&quot;134233117&quot;:true,&quot;134233118&quot;:true,&quot;201341983&quot;:0,&quot;335551550&quot;:6,&quot;335551620&quot;:6,&quot;335559739&quot;:160,&quot;335559740&quot;:240}\">\u00a0<\/span><\/p><p><span data-contrast=\"none\">En Gr\u00e8ce, les hotspots sur les \u00eeles sont essentiellement devenus des centres d&rsquo;accueil<\/span><span data-contrast=\"none\">,<\/span><span data-contrast=\"none\">\u00a0apr\u00e8s la d\u00e9claration UE-Turquie de mars 2016, transpos\u00e9e dans la loi grecque 4375\/2016. Progressivement, \u00e0 la lumi\u00e8re d&rsquo;une augmentation massive des arriv\u00e9es en Gr\u00e8ce apr\u00e8s 2016, les hotspots sur les \u00eeles grecques ont acquis davantage de caract\u00e9ristiques de d\u00e9tention et de zones o\u00f9 les droits humains ont \u00e9t\u00e9 syst\u00e9matiquement viol\u00e9s. Il a \u00e9t\u00e9 utilis\u00e9 comme un mod\u00e8le de dissuasion bas\u00e9 sur la pratique de la limitation g\u00e9ographique de la libre circulation des personnes. Cette restriction g\u00e9ographique, qui a en r\u00e9alit\u00e9 transform\u00e9 les hotspots en de gigantesques prisons \u00e0 ciel ouvert, a \u00e9loign\u00e9 des milliers d&rsquo;enfants r\u00e9fugi\u00e9s du lieu de s\u00e9curit\u00e9 qu&rsquo;ils recherchaient au d\u00e9part et auquel ils ont droit en vertu du droit international des droits de l&rsquo;homme.<\/span><span data-ccp-props=\"{&quot;134233117&quot;:true,&quot;134233118&quot;:true,&quot;201341983&quot;:0,&quot;335551550&quot;:6,&quot;335551620&quot;:6,&quot;335559739&quot;:160,&quot;335559740&quot;:240}\">\u00a0<\/span><\/p><p><span data-contrast=\"none\">Lors de l&rsquo;\u00e9pid\u00e9mie de\u00a0la\u00a0Covid-19, les enfants r\u00e9sidant dans les hotspots ont \u00e9t\u00e9 contraints \u00e0 de nouvelles restrictions de leur libert\u00e9 et \u00e0 des pratiques discriminatoires. En r\u00e9ponse \u00e0 la pand\u00e9mie, le gouvernement grec a appliqu\u00e9 une quarantaine stricte au sein des hotspots au nom de la sant\u00e9 publique, qui a dur\u00e9 bien plus longtemps que le confinement du grand public.<\/span><span data-ccp-props=\"{&quot;201341983&quot;:0,&quot;335551550&quot;:6,&quot;335551620&quot;:6,&quot;335559739&quot;:200,&quot;335559740&quot;:240}\">\u00a0<\/span><\/p><p><span data-ccp-props=\"{&quot;201341983&quot;:0,&quot;335551550&quot;:6,&quot;335551620&quot;:6,&quot;335559739&quot;:200,&quot;335559740&quot;:240}\">\u00a0<\/span><\/p><p><span data-contrast=\"none\">Apr\u00e8s l&rsquo;adoption de la LOI 4636\/2019, la situation s&rsquo;est aggrav\u00e9e avec les projets de l&rsquo;\u00c9tat grec de transformer les Hotspots et les zones environnantes en \u00ab\u00a0camps de concentration\u00a0\u00bb bien gard\u00e9s, avec des portes verrouill\u00e9es, de multiples cours st\u00e9riles et un acc\u00e8s limit\u00e9 \u00e0 la libert\u00e9 de mouvement.\u00a0<\/span><span data-ccp-props=\"{&quot;201341983&quot;:0,&quot;335551550&quot;:6,&quot;335551620&quot;:6,&quot;335559739&quot;:200,&quot;335559740&quot;:240}\">\u00a0<\/span><\/p><p><span data-ccp-props=\"{&quot;201341983&quot;:0,&quot;335551550&quot;:6,&quot;335551620&quot;:6,&quot;335559739&quot;:200,&quot;335559740&quot;:240}\">\u00a0<\/span><\/p><p><span data-contrast=\"none\">La d\u00e9tention se traduit par la privation de droits, de visibilit\u00e9 et d&rsquo;amour. Priver des enfants de libert\u00e9, c&rsquo;est les priver de leur droit d&rsquo;\u00eatre des enfants. Lorsque cette privation de libert\u00e9 intervient dans un contexte de migration, o\u00f9 les enfants fuient les pers\u00e9cutions ou les conditions qui menacent leur vie, la d\u00e9tention ne fait pas que creuser davantage les blessures existantes, elle va plus loin dans l&rsquo;urgence, puisqu&rsquo;elle cr\u00e9e une m\u00e9fiance envers l&rsquo;humanit\u00e9. Et ce traumatisme peut \u00eatre irr\u00e9versible.\u00a0<\/span><span data-ccp-props=\"{&quot;201341983&quot;:0,&quot;335551550&quot;:6,&quot;335551620&quot;:6,&quot;335559739&quot;:200,&quot;335559740&quot;:240,&quot;469777462&quot;:[1839],&quot;469777927&quot;:[0],&quot;469777928&quot;:[1]}\">\u00a0<\/span><\/p><p><span data-contrast=\"none\">La privation de libert\u00e9 constituant une forme de violence structurelle \u00e0 l&rsquo;encontre des enfants, ce traumatisme m\u00eame doit \u00eatre gu\u00e9ri dans le cadre d&rsquo;une justice r\u00e9paratrice, o\u00f9 les institutions, la justice et la soci\u00e9t\u00e9 s&rsquo;unissent pour redonner \u00e0 l&rsquo;enfant foi en l&rsquo;humanit\u00e9 en le traitant avec dignit\u00e9 et respect. Ceci constitue l&rsquo;un des Objectifs de D\u00e9veloppement Durable 2030 que tous les Etats se sont engag\u00e9s \u00e0 placer au c\u0153ur de leurs actions politiques.<\/span><span data-ccp-props=\"{&quot;201341983&quot;:0,&quot;335551550&quot;:6,&quot;335551620&quot;:6,&quot;335559739&quot;:160,&quot;335559740&quot;:259}\">\u00a0<\/span><\/p><p><span data-ccp-props=\"{&quot;201341983&quot;:0,&quot;335551550&quot;:6,&quot;335551620&quot;:6,&quot;335559739&quot;:160,&quot;335559740&quot;:259}\">\u00a0<\/span><\/p><p><span data-contrast=\"none\">L&rsquo;\u00e9tude mondiale des Nations unies sur les enfants priv\u00e9s de libert\u00e9 rappelle aux \u00c9tats que la d\u00e9tention d&rsquo;enfants pour des raisons li\u00e9es \u00e0 la migration ne peut \u00eatre appliqu\u00e9e\u00a0seulement\u00a0comme une mesure de dernier recours\u00a0mais\u00a0n&rsquo;est jamais conforme \u00e0 l&rsquo;int\u00e9r\u00eat sup\u00e9rieur de l&rsquo;enfant codifi\u00e9 \u00e0 l&rsquo;article 3 de la Convention des Nations unies relative aux droits de l&rsquo;enfant. L&rsquo;\u00e9tude va plus loin en exhortant les \u00c9tats \u00e0 interdire et \u00e0 mettre fin \u00e0 toutes les formes de d\u00e9tention d&rsquo;enfants et de\u00a0leurs familles li\u00e9e\u00a0\u00e0 la migration et en les invitant \u00e0 placer les enfants seuls ou avec leur famille dans des contextes non carc\u00e9raux et communautaires.\u00a0Les donn\u00e9es recueillies aux fins de cette \u00e9tude indiquent qu&rsquo;il y a au moins 330 000 enfants d\u00e9tenus \u00e0 des fins li\u00e9es \u00e0 la migration par an dans le monde. L&rsquo;\u00e9tude a montr\u00e9 que tous ces enfants sont expos\u00e9s au risque d&rsquo;abus et d&rsquo;exploitation sexuels alors qu&rsquo;ils d\u00e9veloppent en m\u00eame temps de l&rsquo;anxi\u00e9t\u00e9, de la d\u00e9pression,\u00a0ont\u00a0des id\u00e9es suicidaires et\u00a0pr\u00e9sentent\u00a0des troubles de stress post-traumatique.<\/span><span data-ccp-props=\"{&quot;201341983&quot;:0,&quot;335551550&quot;:6,&quot;335551620&quot;:6,&quot;335559739&quot;:200,&quot;335559740&quot;:240}\">\u00a0<\/span><\/p><p><span data-ccp-props=\"{&quot;201341983&quot;:0,&quot;335551550&quot;:6,&quot;335551620&quot;:6,&quot;335559739&quot;:200,&quot;335559740&quot;:240}\">\u00a0<\/span><\/p><p><span data-contrast=\"none\">Il ne fait aucun doute qu&rsquo;il n&rsquo;existe aucune justification valable fond\u00e9e sur l&rsquo;\u00e9thique morale et juridique pour d\u00e9tenir des enfants. La d\u00e9tention au nom de l&rsquo;urgence, des int\u00e9r\u00eats publics ou de la souverainet\u00e9 de l&rsquo;\u00c9tat ne peut \u00eatre excus\u00e9e. C&rsquo;est dans les p\u00e9riodes d&rsquo;urgence, comme une situation de guerre qui donne naissance \u00e0 des millions de r\u00e9fugi\u00e9s ou une pand\u00e9mie, que l&rsquo;humanit\u00e9 est mise \u00e0 rude \u00e9preuve. C&rsquo;est alors que l&rsquo;on attend des \u00c9tats qu&rsquo;ils ne compromettent pas les valeurs absolues qui forment leur identit\u00e9 d&rsquo;\u00c9tat civilis\u00e9. Sans aucun doute, ne pas priver les enfants de leur libert\u00e9 est l&rsquo;une d&rsquo;entre elles.<\/span><span data-ccp-props=\"{&quot;201341983&quot;:0,&quot;335551550&quot;:6,&quot;335551620&quot;:6,&quot;335559739&quot;:200,&quot;335559740&quot;:240}\">\u00a0<\/span><\/p><p><span data-ccp-props=\"{&quot;201341983&quot;:0,&quot;335551550&quot;:6,&quot;335551620&quot;:6,&quot;335559739&quot;:200,&quot;335559740&quot;:240}\">\u00a0<\/span><\/p><p><span data-contrast=\"none\">Cependant, il est d&rsquo;autant plus \u00e9vident que la d\u00e9tention dans le contexte de la migration a d\u00e9pass\u00e9 les normes habituelles. Enfermer des enfants derri\u00e8re des barreaux au nom de leur protection ou les placer dans des prisons \u00e0 ciel ouvert surpeupl\u00e9es sont quelques-unes des fa\u00e7ons dont les \u00c9tats de l&rsquo;UE ont d\u00e9lib\u00e9r\u00e9ment choisi d'\u00a0\u00bbaccueillir\u00a0\u00bb les enfants en mouvement ces derni\u00e8res ann\u00e9es. Il n&rsquo;est pas n\u00e9gociable que les pays de transit ou d&rsquo;accueil aient\u00a0l&rsquo;obligation de suivre une autre direction dict\u00e9e par les valeurs inscrites dans le texte de la Convention relative aux droits de l&rsquo;enfant et de ne pas contraindre les enfants \u00e0 des restrictions plus s\u00e9v\u00e8res de leur libert\u00e9. Les autres \u00c9tats de l&rsquo;UE doivent \u00e9galement encourager ces \u00c9tats \u00e0 suivre cette voie et les soutenir proportionnellement. Sinon, il restera inadmissible que la communaut\u00e9 internationale n&rsquo;ait pas suffisamment d\u00e9fendu les droits fondamentaux des enfants r\u00e9fugi\u00e9s.<\/span><span data-ccp-props=\"{&quot;201341983&quot;:0,&quot;335551550&quot;:6,&quot;335551620&quot;:6,&quot;335559739&quot;:200,&quot;335559740&quot;:240}\">\u00a0<\/span><\/p><p><span data-ccp-props=\"{&quot;201341983&quot;:0,&quot;335551550&quot;:6,&quot;335551620&quot;:6,&quot;335559739&quot;:200,&quot;335559740&quot;:240}\">\u00a0<\/span><\/p><p><span data-contrast=\"none\">Le monde doit donner une r\u00e9ponse \u00e0 Amir et Fatima lorsqu&rsquo;ils ont demand\u00e9 ce \u00ab\u00a0POURQUOI\u00a0\u00bb. Et cette r\u00e9ponse doit prendre la forme d&rsquo;une action o\u00f9 la gu\u00e9rison rencontrera la justice et, \u00e0 partir de l\u00e0, comme une le\u00e7on apprise,\u00a0va\u00a0inspirer les \u00c9tats \u00e0 exercer leur cr\u00e9ativit\u00e9 dans la gestion de la migration de mani\u00e8re \u00e0 ne pas cr\u00e9er de pr\u00e9judice. Il est de notre responsabilit\u00e9 que la prochaine fois qu&rsquo;un enfant arrive sur le sol europ\u00e9en et demande un r\u00e9fugie, la d\u00e9tention ne soit pas le mieux que nous puissions lui offrir.<\/span><span data-ccp-props=\"{&quot;201341983&quot;:0,&quot;335551550&quot;:6,&quot;335551620&quot;:6,&quot;335559739&quot;:200,&quot;335559740&quot;:240}\">\u00a0<\/span><\/p>\t\t\t\t\t\t\t\t<\/div>\n\t\t\t\t<\/div>\n\t\t\t\t<div class=\"elementor-element elementor-element-d7c08e3 elementor-widget elementor-widget-spacer\" data-id=\"d7c08e3\" data-element_type=\"widget\" data-e-type=\"widget\" data-widget_type=\"spacer.default\">\n\t\t\t\t<div class=\"elementor-widget-container\">\n\t\t\t\t\t\t\t<div class=\"elementor-spacer\">\n\t\t\t<div class=\"elementor-spacer-inner\"><\/div>\n\t\t<\/div>\n\t\t\t\t\t\t<\/div>\n\t\t\t\t<\/div>\n\t\t\t\t\t<\/div>\n\t\t<\/div>\n\t\t\t\t\t<\/div>\n\t\t<\/section>\n\t\t\t\t<section class=\"elementor-section elementor-top-section elementor-element elementor-element-73dea63 elementor-section-boxed elementor-section-height-default elementor-section-height-default\" data-id=\"73dea63\" data-element_type=\"section\" data-e-type=\"section\">\n\t\t\t\t\t\t<div class=\"elementor-container elementor-column-gap-default\">\n\t\t\t\t\t<div class=\"elementor-column elementor-col-100 elementor-top-column elementor-element elementor-element-b3f2e1f\" data-id=\"b3f2e1f\" data-element_type=\"column\" data-e-type=\"column\">\n\t\t\t<div class=\"elementor-widget-wrap elementor-element-populated\">\n\t\t\t\t\t\t<div class=\"elementor-element elementor-element-b0aa02e elementor-widget elementor-widget-image\" data-id=\"b0aa02e\" data-element_type=\"widget\" data-e-type=\"widget\" data-widget_type=\"image.default\">\n\t\t\t\t<div class=\"elementor-widget-container\">\n\t\t\t\t\t\t\t\t\t\t\t\t\t\t\t<img decoding=\"async\" width=\"690\" height=\"460\" src=\"https:\/\/defenceforchildren.org\/wp-content\/uploads\/2021\/09\/greece.jpg\" class=\"attachment-large size-large wp-image-20529\" alt=\"\" \/>\t\t\t\t\t\t\t\t\t\t\t\t\t\t\t<\/div>\n\t\t\t\t<\/div>\n\t\t\t\t\t<\/div>\n\t\t<\/div>\n\t\t\t\t\t<\/div>\n\t\t<\/section>\n\t\t\t\t<section class=\"elementor-section elementor-top-section elementor-element elementor-element-d57d872 elementor-section-boxed elementor-section-height-default elementor-section-height-default\" data-id=\"d57d872\" data-element_type=\"section\" data-e-type=\"section\">\n\t\t\t\t\t\t<div class=\"elementor-container elementor-column-gap-default\">\n\t\t\t\t\t<div class=\"elementor-column elementor-col-100 elementor-top-column elementor-element elementor-element-33b5846\" data-id=\"33b5846\" data-element_type=\"column\" data-e-type=\"column\">\n\t\t\t<div class=\"elementor-widget-wrap elementor-element-populated\">\n\t\t\t\t\t\t<div class=\"elementor-element elementor-element-46f3f14 elementor-widget elementor-widget-spacer\" data-id=\"46f3f14\" data-element_type=\"widget\" data-e-type=\"widget\" data-widget_type=\"spacer.default\">\n\t\t\t\t<div class=\"elementor-widget-container\">\n\t\t\t\t\t\t\t<div class=\"elementor-spacer\">\n\t\t\t<div class=\"elementor-spacer-inner\"><\/div>\n\t\t<\/div>\n\t\t\t\t\t\t<\/div>\n\t\t\t\t<\/div>\n\t\t\t\t\t<\/div>\n\t\t<\/div>\n\t\t\t\t\t<\/div>\n\t\t<\/section>\n\t\t\t\t<section class=\"elementor-section elementor-top-section elementor-element elementor-element-b0efa3b elementor-section-boxed elementor-section-height-default elementor-section-height-default\" data-id=\"b0efa3b\" data-element_type=\"section\" data-e-type=\"section\">\n\t\t\t\t\t\t<div class=\"elementor-container elementor-column-gap-default\">\n\t\t\t\t\t<div class=\"elementor-column elementor-col-100 elementor-top-column elementor-element elementor-element-5290b66\" data-id=\"5290b66\" data-element_type=\"column\" data-e-type=\"column\">\n\t\t\t<div class=\"elementor-widget-wrap elementor-element-populated\">\n\t\t\t\t\t\t<div class=\"elementor-element elementor-element-3b7e85b elementor-widget-divider--view-line elementor-widget elementor-widget-divider\" data-id=\"3b7e85b\" data-element_type=\"widget\" data-e-type=\"widget\" data-widget_type=\"divider.default\">\n\t\t\t\t<div class=\"elementor-widget-container\">\n\t\t\t\t\t\t\t<div class=\"elementor-divider\">\n\t\t\t<span class=\"elementor-divider-separator\">\n\t\t\t\t\t\t<\/span>\n\t\t<\/div>\n\t\t\t\t\t\t<\/div>\n\t\t\t\t<\/div>\n\t\t\t\t\t<\/div>\n\t\t<\/div>\n\t\t\t\t\t<\/div>\n\t\t<\/section>\n\t\t\t\t<section class=\"elementor-section elementor-top-section elementor-element elementor-element-c7cdfca elementor-section-boxed elementor-section-height-default elementor-section-height-default\" data-id=\"c7cdfca\" data-element_type=\"section\" data-e-type=\"section\">\n\t\t\t\t\t\t<div class=\"elementor-container elementor-column-gap-default\">\n\t\t\t\t\t<div class=\"elementor-column elementor-col-100 elementor-top-column elementor-element elementor-element-123627b\" data-id=\"123627b\" data-element_type=\"column\" data-e-type=\"column\">\n\t\t\t<div class=\"elementor-widget-wrap elementor-element-populated\">\n\t\t\t\t\t\t<div class=\"elementor-element elementor-element-84c0b4a elementor-widget elementor-widget-text-editor\" data-id=\"84c0b4a\" data-element_type=\"widget\" data-e-type=\"widget\" data-widget_type=\"text-editor.default\">\n\t\t\t\t<div class=\"elementor-widget-container\">\n\t\t\t\t\t\t\t\t\t<h4><i><span data-contrast=\"none\">Le service d&rsquo;assistance aux droits de l&rsquo;enfant de D\u00e9fense des Enfants International (DEI) &#8211; Gr\u00e8ce, a re\u00e7u plus de 400 cas d&rsquo;enfants r\u00e9fugi\u00e9s priv\u00e9s de libert\u00e9 au cours des quatre derni\u00e8res ann\u00e9es. Certains d&rsquo;entre eux sont rest\u00e9s d\u00e9tenus pendant plus d&rsquo;un an. DEI-Gr\u00e8ce a soutenu juridiquement ces enfants et les a lib\u00e9r\u00e9s de leur d\u00e9tention. Le plaidoyer sur cette question a conduit \u00e0 l&rsquo;abolition du r\u00e9gime de d\u00e9tention pr\u00e9ventive dans le pays. Cependant, DEI-Gr\u00e8ce continue de surveiller sa mise en \u0153uvre et agit en tant que&nbsp;vigiledes&nbsp;droits des enfants en&nbsp;situation de migration&nbsp;Ce document refl\u00e8te les donn\u00e9es et les informations recueillies lors du travail avec ces enfants. Les noms ont \u00e9t\u00e9 chang\u00e9s pour des raisons de protection.<\/span><\/i><span data-ccp-props=\"{&quot;201341983&quot;:0,&quot;335551550&quot;:6,&quot;335551620&quot;:6,&quot;335559739&quot;:160,&quot;335559740&quot;:259}\">&nbsp;<\/span><\/h4>\t\t\t\t\t\t\t\t<\/div>\n\t\t\t\t<\/div>\n\t\t\t\t\t<\/div>\n\t\t<\/div>\n\t\t\t\t\t<\/div>\n\t\t<\/section>\n\t\t\t\t<\/div>\n\t\t","protected":false},"excerpt":{"rendered":"<p>\u00a9DEI-Gr\u00e8ce Les enfants repr\u00e9sentent plus de la moiti\u00e9 de la population r\u00e9fugi\u00e9e dans le monde. En 2020, plus de 20 000 enfants ont d\u00fb fuir leur pays, seuls ou avec les personnes qui s&rsquo;occupent d&rsquo;eux, \u00e0 la recherche d&rsquo;un endroit s\u00fbr o\u00f9 ils pourraient \u00eatre vus et trait\u00e9s comme des enfants. Un enfant qui devient [&hellip;]<\/p>\n","protected":false},"author":4,"featured_media":20568,"comment_status":"closed","ping_status":"open","sticky":false,"template":"","format":"standard","meta":{"_acf_changed":false,"give_campaign_id":0,"_monsterinsights_skip_tracking":false,"_monsterinsights_sitenote_active":false,"_monsterinsights_sitenote_note":"","_monsterinsights_sitenote_category":0,"site-sidebar-layout":"default","site-content-layout":"default","ast-site-content-layout":"default","site-content-style":"default","site-sidebar-style":"default","ast-global-header-display":"","ast-banner-title-visibility":"","ast-main-header-display":"","ast-hfb-above-header-display":"","ast-hfb-below-header-display":"","ast-hfb-mobile-header-display":"","site-post-title":"","ast-breadcrumbs-content":"","ast-featured-img":"","footer-sml-layout":"","ast-disable-related-posts":"","theme-transparent-header-meta":"default","adv-header-id-meta":"","stick-header-meta":"","header-above-stick-meta":"","header-main-stick-meta":"","header-below-stick-meta":"","astra-migrate-meta-layouts":"default","ast-page-background-enabled":"default","ast-page-background-meta":{"desktop":{"background-color":"var(--ast-global-color-5)","background-image":"","background-repeat":"repeat","background-position":"center center","background-size":"auto","background-attachment":"scroll","background-type":"","background-media":"","overlay-type":"","overlay-color":"","overlay-opacity":"","overlay-gradient":""},"tablet":{"background-color":"","background-image":"","background-repeat":"repeat","background-position":"center center","background-size":"auto","background-attachment":"scroll","background-type":"","background-media":"","overlay-type":"","overlay-color":"","overlay-opacity":"","overlay-gradient":""},"mobile":{"background-color":"","background-image":"","background-repeat":"repeat","background-position":"center center","background-size":"auto","background-attachment":"scroll","background-type":"","background-media":"","overlay-type":"","overlay-color":"","overlay-opacity":"","overlay-gradient":""}},"ast-content-background-meta":{"desktop":{"background-color":"var(--ast-global-color-4)","background-image":"","background-repeat":"repeat","background-position":"center center","background-size":"auto","background-attachment":"scroll","background-type":"","background-media":"","overlay-type":"","overlay-color":"","overlay-opacity":"","overlay-gradient":""},"tablet":{"background-color":"var(--ast-global-color-4)","background-image":"","background-repeat":"repeat","background-position":"center center","background-size":"auto","background-attachment":"scroll","background-type":"","background-media":"","overlay-type":"","overlay-color":"","overlay-opacity":"","overlay-gradient":""},"mobile":{"background-color":"var(--ast-global-color-4)","background-image":"","background-repeat":"repeat","background-position":"center center","background-size":"auto","background-attachment":"scroll","background-type":"","background-media":"","overlay-type":"","overlay-color":"","overlay-opacity":"","overlay-gradient":""}},"footnotes":""},"categories":[275,745],"tags":[],"class_list":["post-20531","post","type-post","status-publish","format-standard","has-post-thumbnail","hentry","category-highlight-fr","category-news-fr-fr"],"acf":[],"yoast_head":"<!-- This site is optimized with the Yoast SEO plugin v27.1.1 - https:\/\/yoast.com\/product\/yoast-seo-wordpress\/ -->\n<title>La d\u00e9tention est-elle le meilleur que le monde puisse m\u2019offrir ? - Defence for Children<\/title>\n<meta name=\"robots\" content=\"index, follow, max-snippet:-1, max-image-preview:large, max-video-preview:-1\" \/>\n<link rel=\"canonical\" href=\"https:\/\/defenceforchildren.org\/fr\/la-detention-est-elle-le-meilleur-que-le-monde-puisse-moffrir\/\" \/>\n<meta name=\"twitter:label1\" content=\"\u00c9crit par\" \/>\n\t<meta name=\"twitter:data1\" content=\"Defence for Children\" \/>\n\t<meta name=\"twitter:label2\" content=\"Dur\u00e9e de lecture estim\u00e9e\" \/>\n\t<meta name=\"twitter:data2\" content=\"8 minutes\" \/>\n<script type=\"application\/ld+json\" class=\"yoast-schema-graph\">{\"@context\":\"https:\/\/schema.org\",\"@graph\":[{\"@type\":\"Article\",\"@id\":\"https:\/\/defenceforchildren.org\/fr\/la-detention-est-elle-le-meilleur-que-le-monde-puisse-moffrir\/#article\",\"isPartOf\":{\"@id\":\"https:\/\/defenceforchildren.org\/fr\/la-detention-est-elle-le-meilleur-que-le-monde-puisse-moffrir\/\"},\"author\":{\"name\":\"Defence for Children\",\"@id\":\"https:\/\/defenceforchildren.org\/#\/schema\/person\/9541019ea0377bfc30e2cbbbb9adc5e9\"},\"headline\":\"La d\u00e9tention est-elle le meilleur que le monde puisse m\u2019offrir ?\",\"datePublished\":\"2021-09-29T11:48:35+00:00\",\"dateModified\":\"2021-10-04T13:43:38+00:00\",\"mainEntityOfPage\":{\"@id\":\"https:\/\/defenceforchildren.org\/fr\/la-detention-est-elle-le-meilleur-que-le-monde-puisse-moffrir\/\"},\"wordCount\":1798,\"publisher\":{\"@id\":\"https:\/\/defenceforchildren.org\/#organization\"},\"image\":{\"@id\":\"https:\/\/defenceforchildren.org\/fr\/la-detention-est-elle-le-meilleur-que-le-monde-puisse-moffrir\/#primaryimage\"},\"thumbnailUrl\":\"https:\/\/defenceforchildren.org\/wp-content\/uploads\/2021\/09\/Diseno-sin-titulo-6.png\",\"articleSection\":[\"Highlight @fr\",\"Nouvelles\"],\"inLanguage\":\"fr-FR\"},{\"@type\":\"WebPage\",\"@id\":\"https:\/\/defenceforchildren.org\/fr\/la-detention-est-elle-le-meilleur-que-le-monde-puisse-moffrir\/\",\"url\":\"https:\/\/defenceforchildren.org\/fr\/la-detention-est-elle-le-meilleur-que-le-monde-puisse-moffrir\/\",\"name\":\"La d\u00e9tention est-elle le meilleur que le monde puisse m\u2019offrir ? - Defence for Children\",\"isPartOf\":{\"@id\":\"https:\/\/defenceforchildren.org\/#website\"},\"primaryImageOfPage\":{\"@id\":\"https:\/\/defenceforchildren.org\/fr\/la-detention-est-elle-le-meilleur-que-le-monde-puisse-moffrir\/#primaryimage\"},\"image\":{\"@id\":\"https:\/\/defenceforchildren.org\/fr\/la-detention-est-elle-le-meilleur-que-le-monde-puisse-moffrir\/#primaryimage\"},\"thumbnailUrl\":\"https:\/\/defenceforchildren.org\/wp-content\/uploads\/2021\/09\/Diseno-sin-titulo-6.png\",\"datePublished\":\"2021-09-29T11:48:35+00:00\",\"dateModified\":\"2021-10-04T13:43:38+00:00\",\"breadcrumb\":{\"@id\":\"https:\/\/defenceforchildren.org\/fr\/la-detention-est-elle-le-meilleur-que-le-monde-puisse-moffrir\/#breadcrumb\"},\"inLanguage\":\"fr-FR\",\"potentialAction\":[{\"@type\":\"ReadAction\",\"target\":[\"https:\/\/defenceforchildren.org\/fr\/la-detention-est-elle-le-meilleur-que-le-monde-puisse-moffrir\/\"]}]},{\"@type\":\"ImageObject\",\"inLanguage\":\"fr-FR\",\"@id\":\"https:\/\/defenceforchildren.org\/fr\/la-detention-est-elle-le-meilleur-que-le-monde-puisse-moffrir\/#primaryimage\",\"url\":\"https:\/\/defenceforchildren.org\/wp-content\/uploads\/2021\/09\/Diseno-sin-titulo-6.png\",\"contentUrl\":\"https:\/\/defenceforchildren.org\/wp-content\/uploads\/2021\/09\/Diseno-sin-titulo-6.png\",\"width\":1748,\"height\":1240},{\"@type\":\"BreadcrumbList\",\"@id\":\"https:\/\/defenceforchildren.org\/fr\/la-detention-est-elle-le-meilleur-que-le-monde-puisse-moffrir\/#breadcrumb\",\"itemListElement\":[{\"@type\":\"ListItem\",\"position\":1,\"name\":\"Accueil\",\"item\":\"https:\/\/defenceforchildren.org\/fr\/homepage-v2\/\"},{\"@type\":\"ListItem\",\"position\":2,\"name\":\"La d\u00e9tention est-elle le meilleur que le monde puisse m\u2019offrir ?\"}]},{\"@type\":\"WebSite\",\"@id\":\"https:\/\/defenceforchildren.org\/#website\",\"url\":\"https:\/\/defenceforchildren.org\/\",\"name\":\"Defence for Children\",\"description\":\"\",\"publisher\":{\"@id\":\"https:\/\/defenceforchildren.org\/#organization\"},\"potentialAction\":[{\"@type\":\"SearchAction\",\"target\":{\"@type\":\"EntryPoint\",\"urlTemplate\":\"https:\/\/defenceforchildren.org\/?s={search_term_string}\"},\"query-input\":{\"@type\":\"PropertyValueSpecification\",\"valueRequired\":true,\"valueName\":\"search_term_string\"}}],\"inLanguage\":\"fr-FR\"},{\"@type\":\"Organization\",\"@id\":\"https:\/\/defenceforchildren.org\/#organization\",\"name\":\"Defence for Children\",\"url\":\"https:\/\/defenceforchildren.org\/\",\"logo\":{\"@type\":\"ImageObject\",\"inLanguage\":\"fr-FR\",\"@id\":\"https:\/\/defenceforchildren.org\/#\/schema\/logo\/image\/\",\"url\":\"https:\/\/defenceforchildren.org\/wp-content\/uploads\/2020\/07\/cropped-INT.-SEC-EN-claim.jpg\",\"contentUrl\":\"https:\/\/defenceforchildren.org\/wp-content\/uploads\/2020\/07\/cropped-INT.-SEC-EN-claim.jpg\",\"width\":1431,\"height\":449,\"caption\":\"Defence for Children\"},\"image\":{\"@id\":\"https:\/\/defenceforchildren.org\/#\/schema\/logo\/image\/\"},\"sameAs\":[\"https:\/\/fr.wikipedia.org\/wiki\/Defence_for_Children_International\"]},{\"@type\":\"Person\",\"@id\":\"https:\/\/defenceforchildren.org\/#\/schema\/person\/9541019ea0377bfc30e2cbbbb9adc5e9\",\"name\":\"Defence for Children\",\"image\":{\"@type\":\"ImageObject\",\"inLanguage\":\"fr-FR\",\"@id\":\"https:\/\/defenceforchildren.org\/#\/schema\/person\/image\/\",\"url\":\"https:\/\/secure.gravatar.com\/avatar\/10eb139d73f78549568375f543efd2ed773063735b6ea6a975066b2f03004b44?s=96&d=mm&r=g\",\"contentUrl\":\"https:\/\/secure.gravatar.com\/avatar\/10eb139d73f78549568375f543efd2ed773063735b6ea6a975066b2f03004b44?s=96&d=mm&r=g\",\"caption\":\"Defence for Children\"},\"url\":\"https:\/\/defenceforchildren.org\/fr\/author\/defence4c\/\"}]}<\/script>\n<!-- \/ Yoast SEO plugin. -->","yoast_head_json":{"title":"La d\u00e9tention est-elle le meilleur que le monde puisse m\u2019offrir ? - Defence for Children","robots":{"index":"index","follow":"follow","max-snippet":"max-snippet:-1","max-image-preview":"max-image-preview:large","max-video-preview":"max-video-preview:-1"},"canonical":"https:\/\/defenceforchildren.org\/fr\/la-detention-est-elle-le-meilleur-que-le-monde-puisse-moffrir\/","twitter_misc":{"\u00c9crit par":"Defence for Children","Dur\u00e9e de lecture estim\u00e9e":"8 minutes"},"schema":{"@context":"https:\/\/schema.org","@graph":[{"@type":"Article","@id":"https:\/\/defenceforchildren.org\/fr\/la-detention-est-elle-le-meilleur-que-le-monde-puisse-moffrir\/#article","isPartOf":{"@id":"https:\/\/defenceforchildren.org\/fr\/la-detention-est-elle-le-meilleur-que-le-monde-puisse-moffrir\/"},"author":{"name":"Defence for Children","@id":"https:\/\/defenceforchildren.org\/#\/schema\/person\/9541019ea0377bfc30e2cbbbb9adc5e9"},"headline":"La d\u00e9tention est-elle le meilleur que le monde puisse m\u2019offrir ?","datePublished":"2021-09-29T11:48:35+00:00","dateModified":"2021-10-04T13:43:38+00:00","mainEntityOfPage":{"@id":"https:\/\/defenceforchildren.org\/fr\/la-detention-est-elle-le-meilleur-que-le-monde-puisse-moffrir\/"},"wordCount":1798,"publisher":{"@id":"https:\/\/defenceforchildren.org\/#organization"},"image":{"@id":"https:\/\/defenceforchildren.org\/fr\/la-detention-est-elle-le-meilleur-que-le-monde-puisse-moffrir\/#primaryimage"},"thumbnailUrl":"https:\/\/defenceforchildren.org\/wp-content\/uploads\/2021\/09\/Diseno-sin-titulo-6.png","articleSection":["Highlight @fr","Nouvelles"],"inLanguage":"fr-FR"},{"@type":"WebPage","@id":"https:\/\/defenceforchildren.org\/fr\/la-detention-est-elle-le-meilleur-que-le-monde-puisse-moffrir\/","url":"https:\/\/defenceforchildren.org\/fr\/la-detention-est-elle-le-meilleur-que-le-monde-puisse-moffrir\/","name":"La d\u00e9tention est-elle le meilleur que le monde puisse m\u2019offrir ? - Defence for Children","isPartOf":{"@id":"https:\/\/defenceforchildren.org\/#website"},"primaryImageOfPage":{"@id":"https:\/\/defenceforchildren.org\/fr\/la-detention-est-elle-le-meilleur-que-le-monde-puisse-moffrir\/#primaryimage"},"image":{"@id":"https:\/\/defenceforchildren.org\/fr\/la-detention-est-elle-le-meilleur-que-le-monde-puisse-moffrir\/#primaryimage"},"thumbnailUrl":"https:\/\/defenceforchildren.org\/wp-content\/uploads\/2021\/09\/Diseno-sin-titulo-6.png","datePublished":"2021-09-29T11:48:35+00:00","dateModified":"2021-10-04T13:43:38+00:00","breadcrumb":{"@id":"https:\/\/defenceforchildren.org\/fr\/la-detention-est-elle-le-meilleur-que-le-monde-puisse-moffrir\/#breadcrumb"},"inLanguage":"fr-FR","potentialAction":[{"@type":"ReadAction","target":["https:\/\/defenceforchildren.org\/fr\/la-detention-est-elle-le-meilleur-que-le-monde-puisse-moffrir\/"]}]},{"@type":"ImageObject","inLanguage":"fr-FR","@id":"https:\/\/defenceforchildren.org\/fr\/la-detention-est-elle-le-meilleur-que-le-monde-puisse-moffrir\/#primaryimage","url":"https:\/\/defenceforchildren.org\/wp-content\/uploads\/2021\/09\/Diseno-sin-titulo-6.png","contentUrl":"https:\/\/defenceforchildren.org\/wp-content\/uploads\/2021\/09\/Diseno-sin-titulo-6.png","width":1748,"height":1240},{"@type":"BreadcrumbList","@id":"https:\/\/defenceforchildren.org\/fr\/la-detention-est-elle-le-meilleur-que-le-monde-puisse-moffrir\/#breadcrumb","itemListElement":[{"@type":"ListItem","position":1,"name":"Accueil","item":"https:\/\/defenceforchildren.org\/fr\/homepage-v2\/"},{"@type":"ListItem","position":2,"name":"La d\u00e9tention est-elle le meilleur que le monde puisse m\u2019offrir ?"}]},{"@type":"WebSite","@id":"https:\/\/defenceforchildren.org\/#website","url":"https:\/\/defenceforchildren.org\/","name":"Defence for Children","description":"","publisher":{"@id":"https:\/\/defenceforchildren.org\/#organization"},"potentialAction":[{"@type":"SearchAction","target":{"@type":"EntryPoint","urlTemplate":"https:\/\/defenceforchildren.org\/?s={search_term_string}"},"query-input":{"@type":"PropertyValueSpecification","valueRequired":true,"valueName":"search_term_string"}}],"inLanguage":"fr-FR"},{"@type":"Organization","@id":"https:\/\/defenceforchildren.org\/#organization","name":"Defence for Children","url":"https:\/\/defenceforchildren.org\/","logo":{"@type":"ImageObject","inLanguage":"fr-FR","@id":"https:\/\/defenceforchildren.org\/#\/schema\/logo\/image\/","url":"https:\/\/defenceforchildren.org\/wp-content\/uploads\/2020\/07\/cropped-INT.-SEC-EN-claim.jpg","contentUrl":"https:\/\/defenceforchildren.org\/wp-content\/uploads\/2020\/07\/cropped-INT.-SEC-EN-claim.jpg","width":1431,"height":449,"caption":"Defence for Children"},"image":{"@id":"https:\/\/defenceforchildren.org\/#\/schema\/logo\/image\/"},"sameAs":["https:\/\/fr.wikipedia.org\/wiki\/Defence_for_Children_International"]},{"@type":"Person","@id":"https:\/\/defenceforchildren.org\/#\/schema\/person\/9541019ea0377bfc30e2cbbbb9adc5e9","name":"Defence for Children","image":{"@type":"ImageObject","inLanguage":"fr-FR","@id":"https:\/\/defenceforchildren.org\/#\/schema\/person\/image\/","url":"https:\/\/secure.gravatar.com\/avatar\/10eb139d73f78549568375f543efd2ed773063735b6ea6a975066b2f03004b44?s=96&d=mm&r=g","contentUrl":"https:\/\/secure.gravatar.com\/avatar\/10eb139d73f78549568375f543efd2ed773063735b6ea6a975066b2f03004b44?s=96&d=mm&r=g","caption":"Defence for Children"},"url":"https:\/\/defenceforchildren.org\/fr\/author\/defence4c\/"}]}},"_links":{"self":[{"href":"https:\/\/defenceforchildren.org\/fr\/wp-json\/wp\/v2\/posts\/20531","targetHints":{"allow":["GET"]}}],"collection":[{"href":"https:\/\/defenceforchildren.org\/fr\/wp-json\/wp\/v2\/posts"}],"about":[{"href":"https:\/\/defenceforchildren.org\/fr\/wp-json\/wp\/v2\/types\/post"}],"author":[{"embeddable":true,"href":"https:\/\/defenceforchildren.org\/fr\/wp-json\/wp\/v2\/users\/4"}],"replies":[{"embeddable":true,"href":"https:\/\/defenceforchildren.org\/fr\/wp-json\/wp\/v2\/comments?post=20531"}],"version-history":[{"count":0,"href":"https:\/\/defenceforchildren.org\/fr\/wp-json\/wp\/v2\/posts\/20531\/revisions"}],"wp:featuredmedia":[{"embeddable":true,"href":"https:\/\/defenceforchildren.org\/fr\/wp-json\/wp\/v2\/media\/20568"}],"wp:attachment":[{"href":"https:\/\/defenceforchildren.org\/fr\/wp-json\/wp\/v2\/media?parent=20531"}],"wp:term":[{"taxonomy":"category","embeddable":true,"href":"https:\/\/defenceforchildren.org\/fr\/wp-json\/wp\/v2\/categories?post=20531"},{"taxonomy":"post_tag","embeddable":true,"href":"https:\/\/defenceforchildren.org\/fr\/wp-json\/wp\/v2\/tags?post=20531"}],"curies":[{"name":"wp","href":"https:\/\/api.w.org\/{rel}","templated":true}]}}