{"id":20343,"date":"2021-07-30T12:11:55","date_gmt":"2021-07-30T11:11:55","guid":{"rendered":"https:\/\/defenceforchildren.org\/fr\/?p=20343"},"modified":"2021-09-07T16:52:28","modified_gmt":"2021-09-07T15:52:28","slug":"les-forces-israeliennes-attaquent-le-bureau-de-dei-palestine-confisquent-des-ordinateurs-et-des-fichiers-clients","status":"publish","type":"post","link":"https:\/\/defenceforchildren.org\/fr\/les-forces-israeliennes-attaquent-le-bureau-de-dei-palestine-confisquent-des-ordinateurs-et-des-fichiers-clients\/","title":{"rendered":"Les forces isra\u00e9liennes attaquent le bureau de DEI-Palestine, confisquent des ordinateurs et des fichiers clients"},"content":{"rendered":"\t\t<div data-elementor-type=\"wp-post\" data-elementor-id=\"20343\" class=\"elementor elementor-20343\" data-elementor-post-type=\"post\">\n\t\t\t\t\t\t<section class=\"elementor-section elementor-top-section elementor-element elementor-element-d295b9b elementor-section-boxed elementor-section-height-default elementor-section-height-default\" data-id=\"d295b9b\" data-element_type=\"section\" data-e-type=\"section\">\n\t\t\t\t\t\t<div class=\"elementor-container elementor-column-gap-default\">\n\t\t\t\t\t<div class=\"elementor-column elementor-col-100 elementor-top-column elementor-element elementor-element-829a09f\" data-id=\"829a09f\" data-element_type=\"column\" data-e-type=\"column\">\n\t\t\t<div class=\"elementor-widget-wrap elementor-element-populated\">\n\t\t\t\t\t\t<div class=\"elementor-element elementor-element-e60b49d elementor-widget elementor-widget-heading\" data-id=\"e60b49d\" data-element_type=\"widget\" data-e-type=\"widget\" data-widget_type=\"heading.default\">\n\t\t\t\t<div class=\"elementor-widget-container\">\n\t\t\t\t\t<h2 class=\"elementor-heading-title elementor-size-default\">Communiqu\u00e9 de presse<\/h2>\t\t\t\t<\/div>\n\t\t\t\t<\/div>\n\t\t\t\t\t<\/div>\n\t\t<\/div>\n\t\t\t\t\t<\/div>\n\t\t<\/section>\n\t\t\t\t<section class=\"elementor-section elementor-top-section elementor-element elementor-element-064a487 elementor-section-boxed elementor-section-height-default elementor-section-height-default\" data-id=\"064a487\" data-element_type=\"section\" data-e-type=\"section\">\n\t\t\t\t\t\t<div class=\"elementor-container elementor-column-gap-default\">\n\t\t\t\t\t<div class=\"elementor-column elementor-col-100 elementor-top-column elementor-element elementor-element-29374b9\" data-id=\"29374b9\" data-element_type=\"column\" data-e-type=\"column\">\n\t\t\t<div class=\"elementor-widget-wrap elementor-element-populated\">\n\t\t\t\t\t\t<div class=\"elementor-element elementor-element-a06c2f1 elementor-widget elementor-widget-text-editor\" data-id=\"a06c2f1\" data-element_type=\"widget\" data-e-type=\"widget\" data-widget_type=\"text-editor.default\">\n\t\t\t\t<div class=\"elementor-widget-container\">\n\t\t\t\t\t\t\t\t\t<p><strong>Ramallah, 29 juillet 2021 &#8211;<\/strong> Les forces isra\u00e9liennes ont fait une descente au si\u00e8ge de D\u00e9fense des Enfants International \u2013 Palestine (DEI-P) dans le centre de la Palestine occup\u00e9e, confisquant des ordinateurs et des fichiers de clients, t\u00f4t jeudi matin.<\/p><p>\u00a0<\/p><p>Les forces paramilitaires isra\u00e9liennes de la police frontali\u00e8re ont fait une descente au si\u00e8ge de DEI-P situ\u00e9 dans le quartier de Sateh Marhaba \u00e0 Al-Bireh, situ\u00e9 juste au sud de Ramallah vers 5h15 du matin le 29 juillet. Plus d&rsquo;une douzaine de soldats isra\u00e9liens ont forc\u00e9 l&rsquo;ouverture de la porte d&rsquo;entr\u00e9e verrouill\u00e9e du bureau et ont confisqu\u00e9 six ordinateurs de bureau, deux ordinateurs portables, des disques durs et des fichiers clients li\u00e9s \u00e0 des enfants palestiniens d\u00e9tenus repr\u00e9sent\u00e9s par les avocats de DEI-P devant les tribunaux militaires isra\u00e9liens. Aucun document n&rsquo;a \u00e9t\u00e9 laiss\u00e9 dans le bureau pour donner une indication sur la raison du raid, et ils n&rsquo;ont laiss\u00e9 aucun re\u00e7u de mat\u00e9riel saisi.<\/p><p>\u00a0<\/p><p>\u00abCe dernier acte des autorit\u00e9s isra\u00e9liennes fait avancer une campagne en cours pour r\u00e9duire au silence et \u00e9liminer la soci\u00e9t\u00e9 civile palestinienne et les organisations de d\u00e9fense des droits humains comme DEI-P\u00bb, a d\u00e9clar\u00e9 Khaled Quzmar, Directeur g\u00e9n\u00e9ral de DEI-P. \u00abLes autorit\u00e9s isra\u00e9liennes doivent imm\u00e9diatement mettre fin aux efforts visant \u00e0 d\u00e9l\u00e9gitimer et \u00e0 criminaliser les d\u00e9fenseurs des droits humains palestiniens et les organisations de la soci\u00e9t\u00e9 civile, et la communaut\u00e9 internationale doit demander des comptes aux autorit\u00e9s isra\u00e9liennes.\u00bb<\/p><p>\u00a0<\/p><p>Des images de vid\u00e9osurveillance de l&rsquo;int\u00e9rieur du bureau de DEI-P montrent les forces isra\u00e9liennes entrant dans les locaux \u00e0 5 h 15. Les soldats isra\u00e9liens se d\u00e9placent dans le bureau de DEI-P en rassemblant des ordinateurs fixes, des ordinateurs portables et des fichiers, puis ont coup\u00e9 l&rsquo;alimentation de la cam\u00e9ra de vid\u00e9osurveillance \u00e0 5 h 27.<\/p><p>\u00a0<\/p><p>Les organisations humanitaires et de d\u00e9fense des droits de l\u2019Homme isra\u00e9liennes, palestiniennes et internationales sont confront\u00e9es \u00e0 un environnement op\u00e9rationnel de plus en plus difficile et \u00e0 un espace civique qui se r\u00e9tr\u00e9cit en Isra\u00ebl et en Palestine occup\u00e9e, y compris J\u00e9rusalem-Est et la bande de Gaza. Les tentatives r\u00e9centes de d\u00e9l\u00e9gitimer les organisations humanitaires et de d\u00e9fense des droits humains op\u00e9rant dans le territoire palestinien occup\u00e9, en particulier, se sont multipli\u00e9es ces derni\u00e8res ann\u00e9es, affectant n\u00e9gativement leur capacit\u00e9 \u00e0 fournir une assistance et \u00e0 d\u00e9fendre les droits humains des Palestiniens.<\/p>\t\t\t\t\t\t\t\t<\/div>\n\t\t\t\t<\/div>\n\t\t\t\t\t<\/div>\n\t\t<\/div>\n\t\t\t\t\t<\/div>\n\t\t<\/section>\n\t\t\t\t<section class=\"elementor-section elementor-top-section elementor-element elementor-element-f842e6e elementor-section-boxed elementor-section-height-default elementor-section-height-default\" data-id=\"f842e6e\" data-element_type=\"section\" data-e-type=\"section\">\n\t\t\t\t\t\t<div class=\"elementor-container elementor-column-gap-default\">\n\t\t\t\t\t<div class=\"elementor-column elementor-col-100 elementor-top-column elementor-element elementor-element-a11b71f\" data-id=\"a11b71f\" data-element_type=\"column\" data-e-type=\"column\">\n\t\t\t<div class=\"elementor-widget-wrap elementor-element-populated\">\n\t\t\t\t\t\t<div class=\"elementor-element elementor-element-9e8c576 elementor-widget elementor-widget-video\" data-id=\"9e8c576\" data-element_type=\"widget\" data-e-type=\"widget\" data-settings=\"{&quot;youtube_url&quot;:&quot;https:\\\/\\\/www.youtube.com\\\/watch?v=-fijWG2J1s8&amp;ab_channel=DefenceforChildrenPalestine&quot;,&quot;video_type&quot;:&quot;youtube&quot;,&quot;controls&quot;:&quot;yes&quot;}\" data-widget_type=\"video.default\">\n\t\t\t\t<div class=\"elementor-widget-container\">\n\t\t\t\t\t\t\t<div class=\"elementor-wrapper elementor-open-inline\">\n\t\t\t<div class=\"elementor-video\"><\/div>\t\t<\/div>\n\t\t\t\t\t\t<\/div>\n\t\t\t\t<\/div>\n\t\t\t\t\t<\/div>\n\t\t<\/div>\n\t\t\t\t\t<\/div>\n\t\t<\/section>\n\t\t\t\t<section class=\"elementor-section elementor-top-section elementor-element elementor-element-725fa25 elementor-section-boxed elementor-section-height-default elementor-section-height-default\" data-id=\"725fa25\" data-element_type=\"section\" data-e-type=\"section\">\n\t\t\t\t\t\t<div class=\"elementor-container elementor-column-gap-default\">\n\t\t\t\t\t<div class=\"elementor-column elementor-col-100 elementor-top-column elementor-element elementor-element-5c26c51\" data-id=\"5c26c51\" data-element_type=\"column\" data-e-type=\"column\">\n\t\t\t<div class=\"elementor-widget-wrap elementor-element-populated\">\n\t\t\t\t\t\t<div class=\"elementor-element elementor-element-425356d elementor-widget elementor-widget-text-editor\" data-id=\"425356d\" data-element_type=\"widget\" data-e-type=\"widget\" data-widget_type=\"text-editor.default\">\n\t\t\t\t<div class=\"elementor-widget-container\">\n\t\t\t\t\t\t\t\t\t<p>Des tentatives de d\u00e9l\u00e9gitimation et de d\u00e9sinformation ont \u00e9t\u00e9 propag\u00e9es par un r\u00e9seau d&rsquo;organisations de la soci\u00e9t\u00e9 civile isra\u00e9lienne nationaliste montante et d&rsquo;organisations associ\u00e9es ailleurs, avec le soutien du minist\u00e8re isra\u00e9lien des Affaires \u00e9trang\u00e8res. Ces efforts prennent la forme de campagnes de diffamation cibl\u00e9es et organis\u00e9es fond\u00e9es sur une s\u00e9rie d&rsquo;all\u00e9gations li\u00e9es \u00e0 la violation de la l\u00e9gislation antiterroriste et du droit international. Dans la plupart des cas, sinon tous, ces all\u00e9gations sont erron\u00e9es, d\u00e9naturent et d\u00e9forment des \u00e9l\u00e9ments factuels ou juridiques critiques.<\/p><p>\u00a0<\/p><p>En f\u00e9vrier 2020, \u00e0 la suite d&rsquo;une campagne de diffamation men\u00e9e par des responsables isra\u00e9liens et des organisations de droite, le gouvernement belge a effectivement annul\u00e9 son invitation \u00e0 Brad Parker, conseiller principal de DEI-P pour les politiques et le plaidoyer, \u00e0 s&rsquo;adresser au Conseil de s\u00e9curit\u00e9 de l&rsquo;ONU. Parker avait \u00e9t\u00e9 invit\u00e9 \u00e0 informer les membres du Conseil de s\u00e9curit\u00e9 sur les violations des droits des enfants en Isra\u00ebl et dans le territoire palestinien occup\u00e9.<\/p><p>\u00a0<\/p><p>En juin 2019, DEI-P, repr\u00e9sent\u00e9e par Bindmans LLP, a engag\u00e9 une proc\u00e9dure en diffamation contre le groupe britannique UK Lawyers for Israel (UKLFI) \u00e0 Londres devant la Haute Cour de justice pour avoir publi\u00e9 des articles de blog sur leur site Web et envoy\u00e9 des lettres \u00e0 des donateurs institutionnels les informant que DEI-Palestine avait des \u00ab liens \u00bb \u00e9troits avec un groupe terroriste d\u00e9sign\u00e9. UKLFI a all\u00e9gu\u00e9 que \u00ab les dons \u00e0 DEI-Palestine ont encourag\u00e9 et\/ou facilit\u00e9 des actes de terrorisme \u00bb et a menac\u00e9 de signaler les donateurs aux autorit\u00e9s comp\u00e9tentes s&rsquo;ils ne cessaient pas de fournir un soutien financier \u00e0 DEI-P. En mars 2020, DEI-Palestine est parvenue \u00e0 un r\u00e8glement dans son affaire de diffamation dans laquelle l&rsquo;UKLFI a r\u00e9tract\u00e9 les all\u00e9gations selon lesquelles DEI-P apporterait un soutien aux organisations terroristes.<\/p><p>\u00a0<\/p><p>\u00ab Plut\u00f4t que d&rsquo;exiger que les forces isra\u00e9liennes mettent fin aux violations graves du droit international ou que les autorit\u00e9s isra\u00e9liennes tiennent les coupables pour responsables, les forces nationalistes conservatrices montantes en Isra\u00ebl, y compris les minist\u00e8res et les agences du gouvernement, visent \u00e0 r\u00e9duire au silence et \u00e0 \u00e9liminer le travail l\u00e9gitime des droits humains qui expose les violations g\u00e9n\u00e9ralis\u00e9es des droits humains des Palestiniens pendant l&rsquo;occupation militaire par Isra\u00ebl \u00bb, a d\u00e9clar\u00e9 Quzmar.<\/p><p>\u00a0<\/p><p>DEI-P est une organisation palestinienne ind\u00e9pendante et locale de d\u00e9fense des droits de l&rsquo;enfant qui se consacre \u00e0 la d\u00e9fense et \u00e0 la promotion des droits des enfants vivant en Cisjordanie, y compris \u00e0 J\u00e9rusalem-Est et dans la bande de Gaza. Pendant 30 ans, DEI-Palestine a enqu\u00eat\u00e9, document\u00e9 et expos\u00e9 de graves violations des droits humains contre les enfants palestiniens ; fourni des services juridiques aux enfants dans le besoin urgent; a tenu les autorit\u00e9s isra\u00e9liennes et palestiniennes pour responsables des principes universels des droits de l&rsquo;homme ; et a plaid\u00e9 aux niveaux international et national pour faire progresser l&rsquo;acc\u00e8s \u00e0 la justice et la protection des enfants.<\/p><p>\u00a0<\/p><p>DEI-P passe par tous les m\u00e9canismes internationaux et rigoureux de v\u00e9rification financi\u00e8re et de diligence raisonnable, y compris la v\u00e9rification des informations par rapport aux listes de surveillance des banques, des forces de l&rsquo;ordre et du D\u00e9partement du Tr\u00e9sor am\u00e9ricain du contr\u00f4le des actifs \u00e9trangers (OFAC). DEI-P est aussi contr\u00f4l\u00e9e et soutenue par diverses institutions internationales, r\u00e9gionales et nationales, ainsi que par des partenaires gouvernementaux et des donateurs. Tous les programmes de DEI-P, y compris les travaux de suivi et de documentation et les r\u00e9sultats fond\u00e9s sur des preuves, restent ind\u00e9pendants et strictement bas\u00e9s sur le droit international des droits de l&rsquo;homme et le droit international humanitaire.<\/p><p>\u00a0<\/p><p>\u00ab Alors que le gouvernement isra\u00e9lien s&rsquo;enhardit de plus en plus et agit pour criminaliser les droits humains l\u00e9gitimes et le travail humanitaire men\u00e9 par les organisations palestiniennes de d\u00e9fense des droits humains et de la soci\u00e9t\u00e9 civile, je suis profond\u00e9ment pr\u00e9occup\u00e9 par le fait que les poursuites \u00e0 motivation politique devant les tribunaux militaires isra\u00e9liens deviennent la norme \u00bb, a d\u00e9clar\u00e9 Quzmar.<\/p>\t\t\t\t\t\t\t\t<\/div>\n\t\t\t\t<\/div>\n\t\t\t\t\t<\/div>\n\t\t<\/div>\n\t\t\t\t\t<\/div>\n\t\t<\/section>\n\t\t\t\t<section class=\"elementor-section elementor-top-section elementor-element elementor-element-5a77380 elementor-section-boxed elementor-section-height-default elementor-section-height-default\" data-id=\"5a77380\" data-element_type=\"section\" data-e-type=\"section\">\n\t\t\t\t\t\t<div class=\"elementor-container elementor-column-gap-default\">\n\t\t\t\t\t<div class=\"elementor-column elementor-col-100 elementor-top-column elementor-element elementor-element-ae585c0\" data-id=\"ae585c0\" data-element_type=\"column\" data-e-type=\"column\">\n\t\t\t<div class=\"elementor-widget-wrap elementor-element-populated\">\n\t\t\t\t\t\t<div class=\"elementor-element elementor-element-3b41349 elementor-widget elementor-widget-image\" data-id=\"3b41349\" data-element_type=\"widget\" data-e-type=\"widget\" data-widget_type=\"image.default\">\n\t\t\t\t<div class=\"elementor-widget-container\">\n\t\t\t\t\t\t\t\t\t\t\t\t\t\t\t\t<a href=\"https:\/\/twitter.com\/DCIPalestine\/status\/1420663222764462080\">\n\t\t\t\t\t\t\t<img fetchpriority=\"high\" decoding=\"async\" width=\"465\" height=\"358\" src=\"https:\/\/defenceforchildren.org\/wp-content\/uploads\/2021\/07\/Screenshot-2021-07-30-at-15.13.18.png\" class=\"attachment-large size-large wp-image-20351\" alt=\"\" \/>\t\t\t\t\t\t\t\t<\/a>\n\t\t\t\t\t\t\t\t\t\t\t\t\t\t\t<\/div>\n\t\t\t\t<\/div>\n\t\t\t\t\t<\/div>\n\t\t<\/div>\n\t\t\t\t\t<\/div>\n\t\t<\/section>\n\t\t\t\t<section class=\"elementor-section elementor-top-section elementor-element elementor-element-56d94cc elementor-section-boxed elementor-section-height-default elementor-section-height-default\" data-id=\"56d94cc\" data-element_type=\"section\" data-e-type=\"section\">\n\t\t\t\t\t\t<div class=\"elementor-container elementor-column-gap-default\">\n\t\t\t\t\t<div class=\"elementor-column elementor-col-100 elementor-top-column elementor-element elementor-element-7a22beb\" data-id=\"7a22beb\" data-element_type=\"column\" data-e-type=\"column\">\n\t\t\t<div class=\"elementor-widget-wrap elementor-element-populated\">\n\t\t\t\t\t\t<div class=\"elementor-element elementor-element-819ce75 elementor-widget elementor-widget-text-editor\" data-id=\"819ce75\" data-element_type=\"widget\" data-e-type=\"widget\" data-widget_type=\"text-editor.default\">\n\t\t\t\t<div class=\"elementor-widget-container\">\n\t\t\t\t\t\t\t\t\t<p>LISEZ le communiqu\u00e9 de presse de DEI-Palestine sur leur site web <a href=\"https:\/\/www.DCI-Palestine\/israeli_forces_raid_dcip_office_confiscate_computers_and_client_files\">ICI<\/a> (EN)<\/p><p>LISEZ le communiqu\u00e9 de presse en arabe <a href=\"https:\/\/defenceforchildren.org\/%d8%a7%d9%84%d8%ac%d9%8a%d8%b4-%d8%a7%d9%84%d8%a5%d8%b3%d8%b1%d8%a7%d8%a6%d9%8a%d9%84%d9%8a-%d9%8a%d8%af%d8%a7%d9%87%d9%85-%d9%85%d9%82%d8%b1-%d8%a7%d9%84%d8%ad%d8%b1%d9%83%d8%a9-%d8%a7%d9%84%d8%b9\/\">ICI<\/a><\/p><p>Suivez les comptes de m\u00e9dias sociaux de DCI-Palestine pour les derni\u00e8res mises \u00e0 jour: <a href=\"https:\/\/twitter.com\/DCIPalestine\">Twitter<\/a>\u00a0|\u00a0<a href=\"https:\/\/www.facebook.com\/DCIPS\">Facebook<\/a>\u00a0|\u00a0<a href=\"https:\/\/www.instagram.com\/dcipalestine\/\">Instagram<\/a>\u00a0|\u00a0<a href=\"https:\/\/www.youtube.com\/user\/DCIPS\">YouTube<\/a><\/p>\t\t\t\t\t\t\t\t<\/div>\n\t\t\t\t<\/div>\n\t\t\t\t\t<\/div>\n\t\t<\/div>\n\t\t\t\t\t<\/div>\n\t\t<\/section>\n\t\t\t\t<\/div>\n\t\t","protected":false},"excerpt":{"rendered":"<p>Communiqu\u00e9 de presse Ramallah, 29 juillet 2021 &#8211; Les forces isra\u00e9liennes ont fait une descente au si\u00e8ge de D\u00e9fense des Enfants International \u2013 Palestine (DEI-P) dans le centre de la Palestine occup\u00e9e, confisquant des ordinateurs et des fichiers de clients, t\u00f4t jeudi matin. \u00a0 Les forces paramilitaires isra\u00e9liennes de la police frontali\u00e8re ont fait une [&hellip;]<\/p>\n","protected":false},"author":4,"featured_media":20354,"comment_status":"closed","ping_status":"open","sticky":false,"template":"","format":"standard","meta":{"_acf_changed":false,"give_campaign_id":0,"_monsterinsights_skip_tracking":false,"_monsterinsights_sitenote_active":false,"_monsterinsights_sitenote_note":"","_monsterinsights_sitenote_category":0,"site-sidebar-layout":"default","site-content-layout":"default","ast-site-content-layout":"default","site-content-style":"default","site-sidebar-style":"default","ast-global-header-display":"","ast-banner-title-visibility":"","ast-main-header-display":"","ast-hfb-above-header-display":"","ast-hfb-below-header-display":"","ast-hfb-mobile-header-display":"","site-post-title":"","ast-breadcrumbs-content":"","ast-featured-img":"","footer-sml-layout":"","ast-disable-related-posts":"","theme-transparent-header-meta":"default","adv-header-id-meta":"","stick-header-meta":"","header-above-stick-meta":"","header-main-stick-meta":"","header-below-stick-meta":"","astra-migrate-meta-layouts":"default","ast-page-background-enabled":"default","ast-page-background-meta":{"desktop":{"background-color":"var(--ast-global-color-5)","background-image":"","background-repeat":"repeat","background-position":"center center","background-size":"auto","background-attachment":"scroll","background-type":"","background-media":"","overlay-type":"","overlay-color":"","overlay-opacity":"","overlay-gradient":""},"tablet":{"background-color":"","background-image":"","background-repeat":"repeat","background-position":"center center","background-size":"auto","background-attachment":"scroll","background-type":"","background-media":"","overlay-type":"","overlay-color":"","overlay-opacity":"","overlay-gradient":""},"mobile":{"background-color":"","background-image":"","background-repeat":"repeat","background-position":"center center","background-size":"auto","background-attachment":"scroll","background-type":"","background-media":"","overlay-type":"","overlay-color":"","overlay-opacity":"","overlay-gradient":""}},"ast-content-background-meta":{"desktop":{"background-color":"var(--ast-global-color-4)","background-image":"","background-repeat":"repeat","background-position":"center center","background-size":"auto","background-attachment":"scroll","background-type":"","background-media":"","overlay-type":"","overlay-color":"","overlay-opacity":"","overlay-gradient":""},"tablet":{"background-color":"var(--ast-global-color-4)","background-image":"","background-repeat":"repeat","background-position":"center center","background-size":"auto","background-attachment":"scroll","background-type":"","background-media":"","overlay-type":"","overlay-color":"","overlay-opacity":"","overlay-gradient":""},"mobile":{"background-color":"var(--ast-global-color-4)","background-image":"","background-repeat":"repeat","background-position":"center center","background-size":"auto","background-attachment":"scroll","background-type":"","background-media":"","overlay-type":"","overlay-color":"","overlay-opacity":"","overlay-gradient":""}},"footnotes":""},"categories":[96],"tags":[],"class_list":["post-20343","post","type-post","status-publish","format-standard","has-post-thumbnail","hentry","category-press-releases-fr"],"acf":[],"yoast_head":"<!-- This site is optimized with the Yoast SEO plugin v27.1.1 - https:\/\/yoast.com\/product\/yoast-seo-wordpress\/ -->\n<title>Les forces isra\u00e9liennes attaquent le bureau de DEI-Palestine, confisquent des ordinateurs et des fichiers clients - Defence for Children<\/title>\n<meta name=\"robots\" content=\"index, follow, max-snippet:-1, max-image-preview:large, max-video-preview:-1\" \/>\n<link rel=\"canonical\" href=\"https:\/\/defenceforchildren.org\/fr\/les-forces-israeliennes-attaquent-le-bureau-de-dei-palestine-confisquent-des-ordinateurs-et-des-fichiers-clients\/\" \/>\n<meta name=\"twitter:label1\" content=\"\u00c9crit par\" \/>\n\t<meta name=\"twitter:data1\" content=\"Defence for Children\" \/>\n\t<meta name=\"twitter:label2\" content=\"Dur\u00e9e de lecture estim\u00e9e\" \/>\n\t<meta name=\"twitter:data2\" content=\"5 minutes\" \/>\n<script type=\"application\/ld+json\" class=\"yoast-schema-graph\">{\"@context\":\"https:\/\/schema.org\",\"@graph\":[{\"@type\":\"Article\",\"@id\":\"https:\/\/defenceforchildren.org\/fr\/les-forces-israeliennes-attaquent-le-bureau-de-dei-palestine-confisquent-des-ordinateurs-et-des-fichiers-clients\/#article\",\"isPartOf\":{\"@id\":\"https:\/\/defenceforchildren.org\/fr\/les-forces-israeliennes-attaquent-le-bureau-de-dei-palestine-confisquent-des-ordinateurs-et-des-fichiers-clients\/\"},\"author\":{\"name\":\"Defence for Children\",\"@id\":\"https:\/\/defenceforchildren.org\/#\/schema\/person\/9541019ea0377bfc30e2cbbbb9adc5e9\"},\"headline\":\"Les forces isra\u00e9liennes attaquent le bureau de DEI-Palestine, confisquent des ordinateurs et des fichiers clients\",\"datePublished\":\"2021-07-30T11:11:55+00:00\",\"dateModified\":\"2021-09-07T15:52:28+00:00\",\"mainEntityOfPage\":{\"@id\":\"https:\/\/defenceforchildren.org\/fr\/les-forces-israeliennes-attaquent-le-bureau-de-dei-palestine-confisquent-des-ordinateurs-et-des-fichiers-clients\/\"},\"wordCount\":1193,\"publisher\":{\"@id\":\"https:\/\/defenceforchildren.org\/#organization\"},\"image\":{\"@id\":\"https:\/\/defenceforchildren.org\/fr\/les-forces-israeliennes-attaquent-le-bureau-de-dei-palestine-confisquent-des-ordinateurs-et-des-fichiers-clients\/#primaryimage\"},\"thumbnailUrl\":\"https:\/\/defenceforchildren.org\/wp-content\/uploads\/2021\/07\/Untitled-design-2.png\",\"articleSection\":[\"Communiqu\u00e9 de presse\"],\"inLanguage\":\"fr-FR\"},{\"@type\":\"WebPage\",\"@id\":\"https:\/\/defenceforchildren.org\/fr\/les-forces-israeliennes-attaquent-le-bureau-de-dei-palestine-confisquent-des-ordinateurs-et-des-fichiers-clients\/\",\"url\":\"https:\/\/defenceforchildren.org\/fr\/les-forces-israeliennes-attaquent-le-bureau-de-dei-palestine-confisquent-des-ordinateurs-et-des-fichiers-clients\/\",\"name\":\"Les forces isra\u00e9liennes attaquent le bureau de DEI-Palestine, confisquent des ordinateurs et des fichiers clients - Defence for Children\",\"isPartOf\":{\"@id\":\"https:\/\/defenceforchildren.org\/#website\"},\"primaryImageOfPage\":{\"@id\":\"https:\/\/defenceforchildren.org\/fr\/les-forces-israeliennes-attaquent-le-bureau-de-dei-palestine-confisquent-des-ordinateurs-et-des-fichiers-clients\/#primaryimage\"},\"image\":{\"@id\":\"https:\/\/defenceforchildren.org\/fr\/les-forces-israeliennes-attaquent-le-bureau-de-dei-palestine-confisquent-des-ordinateurs-et-des-fichiers-clients\/#primaryimage\"},\"thumbnailUrl\":\"https:\/\/defenceforchildren.org\/wp-content\/uploads\/2021\/07\/Untitled-design-2.png\",\"datePublished\":\"2021-07-30T11:11:55+00:00\",\"dateModified\":\"2021-09-07T15:52:28+00:00\",\"breadcrumb\":{\"@id\":\"https:\/\/defenceforchildren.org\/fr\/les-forces-israeliennes-attaquent-le-bureau-de-dei-palestine-confisquent-des-ordinateurs-et-des-fichiers-clients\/#breadcrumb\"},\"inLanguage\":\"fr-FR\",\"potentialAction\":[{\"@type\":\"ReadAction\",\"target\":[\"https:\/\/defenceforchildren.org\/fr\/les-forces-israeliennes-attaquent-le-bureau-de-dei-palestine-confisquent-des-ordinateurs-et-des-fichiers-clients\/\"]}]},{\"@type\":\"ImageObject\",\"inLanguage\":\"fr-FR\",\"@id\":\"https:\/\/defenceforchildren.org\/fr\/les-forces-israeliennes-attaquent-le-bureau-de-dei-palestine-confisquent-des-ordinateurs-et-des-fichiers-clients\/#primaryimage\",\"url\":\"https:\/\/defenceforchildren.org\/wp-content\/uploads\/2021\/07\/Untitled-design-2.png\",\"contentUrl\":\"https:\/\/defenceforchildren.org\/wp-content\/uploads\/2021\/07\/Untitled-design-2.png\",\"width\":1250,\"height\":653},{\"@type\":\"BreadcrumbList\",\"@id\":\"https:\/\/defenceforchildren.org\/fr\/les-forces-israeliennes-attaquent-le-bureau-de-dei-palestine-confisquent-des-ordinateurs-et-des-fichiers-clients\/#breadcrumb\",\"itemListElement\":[{\"@type\":\"ListItem\",\"position\":1,\"name\":\"Accueil\",\"item\":\"https:\/\/defenceforchildren.org\/fr\/homepage-v2\/\"},{\"@type\":\"ListItem\",\"position\":2,\"name\":\"Les forces isra\u00e9liennes attaquent le bureau de DEI-Palestine, confisquent des ordinateurs et des fichiers clients\"}]},{\"@type\":\"WebSite\",\"@id\":\"https:\/\/defenceforchildren.org\/#website\",\"url\":\"https:\/\/defenceforchildren.org\/\",\"name\":\"Defence for Children\",\"description\":\"\",\"publisher\":{\"@id\":\"https:\/\/defenceforchildren.org\/#organization\"},\"potentialAction\":[{\"@type\":\"SearchAction\",\"target\":{\"@type\":\"EntryPoint\",\"urlTemplate\":\"https:\/\/defenceforchildren.org\/?s={search_term_string}\"},\"query-input\":{\"@type\":\"PropertyValueSpecification\",\"valueRequired\":true,\"valueName\":\"search_term_string\"}}],\"inLanguage\":\"fr-FR\"},{\"@type\":\"Organization\",\"@id\":\"https:\/\/defenceforchildren.org\/#organization\",\"name\":\"Defence for Children\",\"url\":\"https:\/\/defenceforchildren.org\/\",\"logo\":{\"@type\":\"ImageObject\",\"inLanguage\":\"fr-FR\",\"@id\":\"https:\/\/defenceforchildren.org\/#\/schema\/logo\/image\/\",\"url\":\"https:\/\/defenceforchildren.org\/wp-content\/uploads\/2020\/07\/cropped-INT.-SEC-EN-claim.jpg\",\"contentUrl\":\"https:\/\/defenceforchildren.org\/wp-content\/uploads\/2020\/07\/cropped-INT.-SEC-EN-claim.jpg\",\"width\":1431,\"height\":449,\"caption\":\"Defence for Children\"},\"image\":{\"@id\":\"https:\/\/defenceforchildren.org\/#\/schema\/logo\/image\/\"},\"sameAs\":[\"https:\/\/fr.wikipedia.org\/wiki\/Defence_for_Children_International\"]},{\"@type\":\"Person\",\"@id\":\"https:\/\/defenceforchildren.org\/#\/schema\/person\/9541019ea0377bfc30e2cbbbb9adc5e9\",\"name\":\"Defence for Children\",\"image\":{\"@type\":\"ImageObject\",\"inLanguage\":\"fr-FR\",\"@id\":\"https:\/\/defenceforchildren.org\/#\/schema\/person\/image\/\",\"url\":\"https:\/\/secure.gravatar.com\/avatar\/10eb139d73f78549568375f543efd2ed773063735b6ea6a975066b2f03004b44?s=96&d=mm&r=g\",\"contentUrl\":\"https:\/\/secure.gravatar.com\/avatar\/10eb139d73f78549568375f543efd2ed773063735b6ea6a975066b2f03004b44?s=96&d=mm&r=g\",\"caption\":\"Defence for Children\"},\"url\":\"https:\/\/defenceforchildren.org\/fr\/author\/defence4c\/\"}]}<\/script>\n<!-- \/ Yoast SEO plugin. -->","yoast_head_json":{"title":"Les forces isra\u00e9liennes attaquent le bureau de DEI-Palestine, confisquent des ordinateurs et des fichiers clients - Defence for Children","robots":{"index":"index","follow":"follow","max-snippet":"max-snippet:-1","max-image-preview":"max-image-preview:large","max-video-preview":"max-video-preview:-1"},"canonical":"https:\/\/defenceforchildren.org\/fr\/les-forces-israeliennes-attaquent-le-bureau-de-dei-palestine-confisquent-des-ordinateurs-et-des-fichiers-clients\/","twitter_misc":{"\u00c9crit par":"Defence for Children","Dur\u00e9e de lecture estim\u00e9e":"5 minutes"},"schema":{"@context":"https:\/\/schema.org","@graph":[{"@type":"Article","@id":"https:\/\/defenceforchildren.org\/fr\/les-forces-israeliennes-attaquent-le-bureau-de-dei-palestine-confisquent-des-ordinateurs-et-des-fichiers-clients\/#article","isPartOf":{"@id":"https:\/\/defenceforchildren.org\/fr\/les-forces-israeliennes-attaquent-le-bureau-de-dei-palestine-confisquent-des-ordinateurs-et-des-fichiers-clients\/"},"author":{"name":"Defence for Children","@id":"https:\/\/defenceforchildren.org\/#\/schema\/person\/9541019ea0377bfc30e2cbbbb9adc5e9"},"headline":"Les forces isra\u00e9liennes attaquent le bureau de DEI-Palestine, confisquent des ordinateurs et des fichiers clients","datePublished":"2021-07-30T11:11:55+00:00","dateModified":"2021-09-07T15:52:28+00:00","mainEntityOfPage":{"@id":"https:\/\/defenceforchildren.org\/fr\/les-forces-israeliennes-attaquent-le-bureau-de-dei-palestine-confisquent-des-ordinateurs-et-des-fichiers-clients\/"},"wordCount":1193,"publisher":{"@id":"https:\/\/defenceforchildren.org\/#organization"},"image":{"@id":"https:\/\/defenceforchildren.org\/fr\/les-forces-israeliennes-attaquent-le-bureau-de-dei-palestine-confisquent-des-ordinateurs-et-des-fichiers-clients\/#primaryimage"},"thumbnailUrl":"https:\/\/defenceforchildren.org\/wp-content\/uploads\/2021\/07\/Untitled-design-2.png","articleSection":["Communiqu\u00e9 de presse"],"inLanguage":"fr-FR"},{"@type":"WebPage","@id":"https:\/\/defenceforchildren.org\/fr\/les-forces-israeliennes-attaquent-le-bureau-de-dei-palestine-confisquent-des-ordinateurs-et-des-fichiers-clients\/","url":"https:\/\/defenceforchildren.org\/fr\/les-forces-israeliennes-attaquent-le-bureau-de-dei-palestine-confisquent-des-ordinateurs-et-des-fichiers-clients\/","name":"Les forces isra\u00e9liennes attaquent le bureau de DEI-Palestine, confisquent des ordinateurs et des fichiers clients - Defence for Children","isPartOf":{"@id":"https:\/\/defenceforchildren.org\/#website"},"primaryImageOfPage":{"@id":"https:\/\/defenceforchildren.org\/fr\/les-forces-israeliennes-attaquent-le-bureau-de-dei-palestine-confisquent-des-ordinateurs-et-des-fichiers-clients\/#primaryimage"},"image":{"@id":"https:\/\/defenceforchildren.org\/fr\/les-forces-israeliennes-attaquent-le-bureau-de-dei-palestine-confisquent-des-ordinateurs-et-des-fichiers-clients\/#primaryimage"},"thumbnailUrl":"https:\/\/defenceforchildren.org\/wp-content\/uploads\/2021\/07\/Untitled-design-2.png","datePublished":"2021-07-30T11:11:55+00:00","dateModified":"2021-09-07T15:52:28+00:00","breadcrumb":{"@id":"https:\/\/defenceforchildren.org\/fr\/les-forces-israeliennes-attaquent-le-bureau-de-dei-palestine-confisquent-des-ordinateurs-et-des-fichiers-clients\/#breadcrumb"},"inLanguage":"fr-FR","potentialAction":[{"@type":"ReadAction","target":["https:\/\/defenceforchildren.org\/fr\/les-forces-israeliennes-attaquent-le-bureau-de-dei-palestine-confisquent-des-ordinateurs-et-des-fichiers-clients\/"]}]},{"@type":"ImageObject","inLanguage":"fr-FR","@id":"https:\/\/defenceforchildren.org\/fr\/les-forces-israeliennes-attaquent-le-bureau-de-dei-palestine-confisquent-des-ordinateurs-et-des-fichiers-clients\/#primaryimage","url":"https:\/\/defenceforchildren.org\/wp-content\/uploads\/2021\/07\/Untitled-design-2.png","contentUrl":"https:\/\/defenceforchildren.org\/wp-content\/uploads\/2021\/07\/Untitled-design-2.png","width":1250,"height":653},{"@type":"BreadcrumbList","@id":"https:\/\/defenceforchildren.org\/fr\/les-forces-israeliennes-attaquent-le-bureau-de-dei-palestine-confisquent-des-ordinateurs-et-des-fichiers-clients\/#breadcrumb","itemListElement":[{"@type":"ListItem","position":1,"name":"Accueil","item":"https:\/\/defenceforchildren.org\/fr\/homepage-v2\/"},{"@type":"ListItem","position":2,"name":"Les forces isra\u00e9liennes attaquent le bureau de DEI-Palestine, confisquent des ordinateurs et des fichiers clients"}]},{"@type":"WebSite","@id":"https:\/\/defenceforchildren.org\/#website","url":"https:\/\/defenceforchildren.org\/","name":"Defence for Children","description":"","publisher":{"@id":"https:\/\/defenceforchildren.org\/#organization"},"potentialAction":[{"@type":"SearchAction","target":{"@type":"EntryPoint","urlTemplate":"https:\/\/defenceforchildren.org\/?s={search_term_string}"},"query-input":{"@type":"PropertyValueSpecification","valueRequired":true,"valueName":"search_term_string"}}],"inLanguage":"fr-FR"},{"@type":"Organization","@id":"https:\/\/defenceforchildren.org\/#organization","name":"Defence for Children","url":"https:\/\/defenceforchildren.org\/","logo":{"@type":"ImageObject","inLanguage":"fr-FR","@id":"https:\/\/defenceforchildren.org\/#\/schema\/logo\/image\/","url":"https:\/\/defenceforchildren.org\/wp-content\/uploads\/2020\/07\/cropped-INT.-SEC-EN-claim.jpg","contentUrl":"https:\/\/defenceforchildren.org\/wp-content\/uploads\/2020\/07\/cropped-INT.-SEC-EN-claim.jpg","width":1431,"height":449,"caption":"Defence for Children"},"image":{"@id":"https:\/\/defenceforchildren.org\/#\/schema\/logo\/image\/"},"sameAs":["https:\/\/fr.wikipedia.org\/wiki\/Defence_for_Children_International"]},{"@type":"Person","@id":"https:\/\/defenceforchildren.org\/#\/schema\/person\/9541019ea0377bfc30e2cbbbb9adc5e9","name":"Defence for Children","image":{"@type":"ImageObject","inLanguage":"fr-FR","@id":"https:\/\/defenceforchildren.org\/#\/schema\/person\/image\/","url":"https:\/\/secure.gravatar.com\/avatar\/10eb139d73f78549568375f543efd2ed773063735b6ea6a975066b2f03004b44?s=96&d=mm&r=g","contentUrl":"https:\/\/secure.gravatar.com\/avatar\/10eb139d73f78549568375f543efd2ed773063735b6ea6a975066b2f03004b44?s=96&d=mm&r=g","caption":"Defence for Children"},"url":"https:\/\/defenceforchildren.org\/fr\/author\/defence4c\/"}]}},"_links":{"self":[{"href":"https:\/\/defenceforchildren.org\/fr\/wp-json\/wp\/v2\/posts\/20343","targetHints":{"allow":["GET"]}}],"collection":[{"href":"https:\/\/defenceforchildren.org\/fr\/wp-json\/wp\/v2\/posts"}],"about":[{"href":"https:\/\/defenceforchildren.org\/fr\/wp-json\/wp\/v2\/types\/post"}],"author":[{"embeddable":true,"href":"https:\/\/defenceforchildren.org\/fr\/wp-json\/wp\/v2\/users\/4"}],"replies":[{"embeddable":true,"href":"https:\/\/defenceforchildren.org\/fr\/wp-json\/wp\/v2\/comments?post=20343"}],"version-history":[{"count":0,"href":"https:\/\/defenceforchildren.org\/fr\/wp-json\/wp\/v2\/posts\/20343\/revisions"}],"wp:featuredmedia":[{"embeddable":true,"href":"https:\/\/defenceforchildren.org\/fr\/wp-json\/wp\/v2\/media\/20354"}],"wp:attachment":[{"href":"https:\/\/defenceforchildren.org\/fr\/wp-json\/wp\/v2\/media?parent=20343"}],"wp:term":[{"taxonomy":"category","embeddable":true,"href":"https:\/\/defenceforchildren.org\/fr\/wp-json\/wp\/v2\/categories?post=20343"},{"taxonomy":"post_tag","embeddable":true,"href":"https:\/\/defenceforchildren.org\/fr\/wp-json\/wp\/v2\/tags?post=20343"}],"curies":[{"name":"wp","href":"https:\/\/api.w.org\/{rel}","templated":true}]}}