{"id":12537,"date":"2019-02-11T15:33:07","date_gmt":"2019-02-11T14:33:07","guid":{"rendered":"https:\/\/defenceforchildren.org\/fr\/children-deprived-of-liberty\/"},"modified":"2024-07-31T11:52:24","modified_gmt":"2024-07-31T10:52:24","slug":"children-deprived-of-liberty","status":"publish","type":"post","link":"https:\/\/defenceforchildren.org\/fr\/children-deprived-of-liberty\/","title":{"rendered":"Enfants priv\u00e9s de libert\u00e9"},"content":{"rendered":"\t\t<div data-elementor-type=\"wp-post\" data-elementor-id=\"12537\" class=\"elementor elementor-12537\" data-elementor-post-type=\"post\">\n\t\t\t\t\t\t<section class=\"elementor-section elementor-top-section elementor-element elementor-element-42f8a84 elementor-section-boxed elementor-section-height-default elementor-section-height-default\" data-id=\"42f8a84\" data-element_type=\"section\" data-e-type=\"section\">\n\t\t\t\t\t\t<div class=\"elementor-container elementor-column-gap-default\">\n\t\t\t\t\t<div class=\"elementor-column elementor-col-100 elementor-top-column elementor-element elementor-element-90cedc3\" data-id=\"90cedc3\" data-element_type=\"column\" data-e-type=\"column\">\n\t\t\t<div class=\"elementor-widget-wrap elementor-element-populated\">\n\t\t\t\t\t\t<div class=\"elementor-element elementor-element-9a3c0e9 elementor-widget elementor-widget-image\" data-id=\"9a3c0e9\" data-element_type=\"widget\" data-e-type=\"widget\" data-widget_type=\"image.default\">\n\t\t\t\t<div class=\"elementor-widget-container\">\n\t\t\t\t\t\t\t\t\t\t\t\t\t\t\t<img fetchpriority=\"high\" decoding=\"async\" width=\"2048\" height=\"1536\" src=\"https:\/\/defenceforchildren.org\/wp-content\/uploads\/2019\/02\/Belgium_JJ-2048x1536.jpg\" class=\"attachment-2048x2048 size-2048x2048 wp-image-17307\" alt=\"\" srcset=\"https:\/\/defenceforchildren.org\/wp-content\/uploads\/2019\/02\/Belgium_JJ-2048x1536.jpg 2048w, https:\/\/defenceforchildren.org\/wp-content\/uploads\/2019\/02\/Belgium_JJ-750x563.jpg 750w, https:\/\/defenceforchildren.org\/wp-content\/uploads\/2019\/02\/Belgium_JJ-1024x768.jpg 1024w, https:\/\/defenceforchildren.org\/wp-content\/uploads\/2019\/02\/Belgium_JJ-768x576.jpg 768w, https:\/\/defenceforchildren.org\/wp-content\/uploads\/2019\/02\/Belgium_JJ-1536x1152.jpg 1536w\" sizes=\"(max-width: 2048px) 100vw, 2048px\" \/>\t\t\t\t\t\t\t\t\t\t\t\t\t\t\t<\/div>\n\t\t\t\t<\/div>\n\t\t\t\t<div class=\"elementor-element elementor-element-4aa0308 elementor-align-center elementor-widget elementor-widget-button\" data-id=\"4aa0308\" data-element_type=\"widget\" data-e-type=\"widget\" data-widget_type=\"button.default\">\n\t\t\t\t<div class=\"elementor-widget-container\">\n\t\t\t\t\t\t\t\t\t<div class=\"elementor-button-wrapper\">\n\t\t\t\t\t<a class=\"elementor-button elementor-size-sm\" role=\"button\">\n\t\t\t\t\t\t<span class=\"elementor-button-content-wrapper\">\n\t\t\t\t\t\t\t\t\t<span class=\"elementor-button-text\">Enfants priv\u00e9s de libert\u00e9<\/span>\n\t\t\t\t\t<\/span>\n\t\t\t\t\t<\/a>\n\t\t\t\t<\/div>\n\t\t\t\t\t\t\t\t<\/div>\n\t\t\t\t<\/div>\n\t\t\t\t\t<\/div>\n\t\t<\/div>\n\t\t\t\t\t<\/div>\n\t\t<\/section>\n\t\t\t\t<section class=\"elementor-section elementor-top-section elementor-element elementor-element-bcd86db elementor-section-boxed elementor-section-height-default elementor-section-height-default\" data-id=\"bcd86db\" data-element_type=\"section\" data-e-type=\"section\">\n\t\t\t\t\t\t<div class=\"elementor-container elementor-column-gap-default\">\n\t\t\t\t\t<div class=\"elementor-column elementor-col-50 elementor-top-column elementor-element elementor-element-07b9bd2\" data-id=\"07b9bd2\" data-element_type=\"column\" data-e-type=\"column\">\n\t\t\t<div class=\"elementor-widget-wrap elementor-element-populated\">\n\t\t\t\t\t\t<div class=\"elementor-element elementor-element-c48b46f elementor-widget elementor-widget-text-editor\" data-id=\"c48b46f\" data-element_type=\"widget\" data-e-type=\"widget\" data-widget_type=\"text-editor.default\">\n\t\t\t\t<div class=\"elementor-widget-container\">\n\t\t\t\t\t\t\t\t\t<p>Malgr\u00e9 le nombre croissant de conflits dans le monde et les migrations internes et externes, <strong>les enfants priv\u00e9s de libert\u00e9 restent une population souvent oubli\u00e9e et invisible.<\/strong> De nombreux enfants sont plac\u00e9s dans des conditions et des installations inhumaines o\u00f9 leurs droits sont viol\u00e9s, et ils subissent des actes de violence et des traitements d\u00e9gradants. La raison la plus importante de la privation de libert\u00e9 des enfants est le manque de soutien ad\u00e9quat aux familles, aux soignants et aux communaut\u00e9s <strong>pour fournir des soins et un soutien appropri\u00e9s pendant le d\u00e9veloppement des enfants.<\/strong><\/p><p>En effet, jusqu&rsquo;\u00e0 la <a rel=\"noopener\" href=\"https:\/\/omnibook.com\/library\/15f6bc7a-80d6-4abe-9721-0885fa5fff5d\" target=\"_blank\">publication de l&rsquo;\u00c9tude mondiale sur les enfants priv\u00e9s de libert\u00e9<\/a>, <strong>il n&rsquo;existait tout simplement aucune donn\u00e9e fiable sur le nombre d&rsquo;enfants priv\u00e9s de libert\u00e9 dans le monde<\/strong>. Sans ces chiffres, la question ne peut \u00eatre trait\u00e9e correctement et les droits de millions de ces \u00ab\u00a0enfants invisibles\u00a0\u00bb ne sont pas respect\u00e9s.<\/p><p>Trois ans apr\u00e8s\u00a0<a rel=\"noopener\" href=\"https:\/\/www.ohchr.org\/fr\/treaty-bodies\/crc\/united-nations-global-study-children-deprived-liberty\" target=\"_blank\">la publication de l\u2019Etude mondiale<\/a>, le\u00a0<a href=\"https:\/\/childrendeprivedofliberty.info\/global-forum-on-justice-for-children-and-deprivation-of-liberty-2\/\"><strong>Forum mondial<\/strong><\/a>, organis\u00e9 par D\u00e9fense des Enfants International, Terre des hommes et la Repr\u00e9sentante sp\u00e9ciale du Secr\u00e9taire g\u00e9n\u00e9ral sur la violence contre les enfants organis\u00e9 \u00e0 Nouakchott, Mauritanie, les 8 et 9 novembre 2022, a \u00e9t\u00e9 l\u2019occasion de faire le point et de <strong>d\u00e9finir les actions \u00e0 mener pour les ann\u00e9es \u00e0 venir<\/strong>. En ce sens, le Forum mondial avait pour objectif de discuter, d\u2019analyser et de formuler de nouvelles recommandations sur les questions urgentes de\u00a0<strong>la justice pour les enfants et de la privation de leur libert\u00e9.<\/strong><\/p>\t\t\t\t\t\t\t\t<\/div>\n\t\t\t\t<\/div>\n\t\t\t\t\t<\/div>\n\t\t<\/div>\n\t\t\t\t<div class=\"elementor-column elementor-col-50 elementor-top-column elementor-element elementor-element-c52a880\" data-id=\"c52a880\" data-element_type=\"column\" data-e-type=\"column\">\n\t\t\t<div class=\"elementor-widget-wrap elementor-element-populated\">\n\t\t\t\t\t\t<div class=\"elementor-element elementor-element-114e422 elementor-widget elementor-widget-image\" data-id=\"114e422\" data-element_type=\"widget\" data-e-type=\"widget\" data-widget_type=\"image.default\">\n\t\t\t\t<div class=\"elementor-widget-container\">\n\t\t\t\t\t\t\t\t\t\t\t\t\t\t\t<img decoding=\"async\" width=\"832\" height=\"1024\" src=\"https:\/\/defenceforchildren.org\/wp-content\/uploads\/2019\/12\/Drawing-3-832x1024.jpg\" class=\"attachment-large size-large wp-image-13789\" alt=\"\" srcset=\"https:\/\/defenceforchildren.org\/wp-content\/uploads\/2019\/12\/Drawing-3-832x1024.jpg 832w, https:\/\/defenceforchildren.org\/wp-content\/uploads\/2019\/12\/Drawing-3-610x750.jpg 610w, https:\/\/defenceforchildren.org\/wp-content\/uploads\/2019\/12\/Drawing-3-768x945.jpg 768w, https:\/\/defenceforchildren.org\/wp-content\/uploads\/2019\/12\/Drawing-3.jpg 878w\" sizes=\"(max-width: 832px) 100vw, 832px\" \/>\t\t\t\t\t\t\t\t\t\t\t\t\t\t\t<\/div>\n\t\t\t\t<\/div>\n\t\t\t\t\t<\/div>\n\t\t<\/div>\n\t\t\t\t\t<\/div>\n\t\t<\/section>\n\t\t\t\t<section class=\"elementor-section elementor-top-section elementor-element elementor-element-d08b1ec elementor-section-boxed elementor-section-height-default elementor-section-height-default\" data-id=\"d08b1ec\" data-element_type=\"section\" data-e-type=\"section\">\n\t\t\t\t\t\t<div class=\"elementor-container elementor-column-gap-default\">\n\t\t\t\t\t<div class=\"elementor-column elementor-col-100 elementor-top-column elementor-element elementor-element-13e9b0c\" data-id=\"13e9b0c\" data-element_type=\"column\" data-e-type=\"column\">\n\t\t\t<div class=\"elementor-widget-wrap elementor-element-populated\">\n\t\t\t\t\t\t<div class=\"elementor-element elementor-element-045ac78 elementor-widget elementor-widget-spacer\" data-id=\"045ac78\" data-element_type=\"widget\" data-e-type=\"widget\" data-widget_type=\"spacer.default\">\n\t\t\t\t<div class=\"elementor-widget-container\">\n\t\t\t\t\t\t\t<div class=\"elementor-spacer\">\n\t\t\t<div class=\"elementor-spacer-inner\"><\/div>\n\t\t<\/div>\n\t\t\t\t\t\t<\/div>\n\t\t\t\t<\/div>\n\t\t\t\t\t<\/div>\n\t\t<\/div>\n\t\t\t\t\t<\/div>\n\t\t<\/section>\n\t\t\t\t<section class=\"elementor-section elementor-top-section elementor-element elementor-element-b2e6258 elementor-section-boxed elementor-section-height-default elementor-section-height-default\" data-id=\"b2e6258\" data-element_type=\"section\" data-e-type=\"section\">\n\t\t\t\t\t\t<div class=\"elementor-container elementor-column-gap-default\">\n\t\t\t\t\t<div class=\"elementor-column elementor-col-50 elementor-top-column elementor-element elementor-element-74efa2d\" data-id=\"74efa2d\" data-element_type=\"column\" data-e-type=\"column\">\n\t\t\t<div class=\"elementor-widget-wrap elementor-element-populated\">\n\t\t\t\t\t\t<div class=\"elementor-element elementor-element-2d6a4d5 elementor-widget elementor-widget-accordion\" data-id=\"2d6a4d5\" data-element_type=\"widget\" data-e-type=\"widget\" data-widget_type=\"accordion.default\">\n\t\t\t\t<div class=\"elementor-widget-container\">\n\t\t\t\t\t\t\t<div class=\"elementor-accordion\">\n\t\t\t\t\t\t\t<div class=\"elementor-accordion-item\">\n\t\t\t\t\t<div id=\"elementor-tab-title-4761\" class=\"elementor-tab-title\" data-tab=\"1\" role=\"button\" aria-controls=\"elementor-tab-content-4761\" aria-expanded=\"false\">\n\t\t\t\t\t\t\t\t\t\t\t\t\t<span class=\"elementor-accordion-icon elementor-accordion-icon-left\" aria-hidden=\"true\">\n\t\t\t\t\t\t\t\t\t\t\t\t\t\t\t<span class=\"elementor-accordion-icon-closed\"><i class=\"fas fa-plus\"><\/i><\/span>\n\t\t\t\t\t\t\t\t<span class=\"elementor-accordion-icon-opened\"><i class=\"fas fa-minus\"><\/i><\/span>\n\t\t\t\t\t\t\t\t\t\t\t\t\t\t<\/span>\n\t\t\t\t\t\t\t\t\t\t\t\t<a class=\"elementor-accordion-title\" tabindex=\"0\">Notre r\u00f4le<\/a>\n\t\t\t\t\t<\/div>\n\t\t\t\t\t<div id=\"elementor-tab-content-4761\" class=\"elementor-tab-content elementor-clearfix\" data-tab=\"1\" role=\"region\" aria-labelledby=\"elementor-tab-title-4761\"><p>Depuis 2013, DEI a consenti les efforts de la soci\u00e9t\u00e9 civile pour faire prendre conscience de la n\u00e9cessit\u00e9 de porter une attention urgente aux enfants priv\u00e9s de libert\u00e9, notamment par le biais d\u2019un plaidoyer aupr\u00e8s du&nbsp;<strong>Conseil des droits de l\u2019Homme et du Comit\u00e9 des droits de l\u2019enfant des Nations Unies.<\/strong><\/p>\n<p><\/p>\n<p>DEI a \u00e9t\u00e9 \u00e0 l\u2019avant-garde du plaidoyer en faveur sur les enfants priv\u00e9s de libert\u00e9 \u2013 en cours de r\u00e9alisation \u2013 et convoque \u00e0 pr\u00e9sent le panel d\u2019ONG charg\u00e9 de l\u2019accompagner. Nous participons activement aux efforts de recherche et de plaidoirie en faveur de l\u2019\u00e9tude, qui a \u00e9t\u00e9 pr\u00e9sent\u00e9 \u00e0 l\u2019Assembl\u00e9e G\u00e9n\u00e9rale des Nations Unies en octobre 2019 par le<strong> professeur Manfred Nowak, expert ind\u00e9pendant charg\u00e9 de l\u2019\u00e9tude<\/strong>.<\/p>\n<p><\/p>\n<p><strong>En 2018, DEI a co-organis\u00e9 la consultation r\u00e9gionale \u00e0 Addis-Abeba, en \u00c9thiopie<\/strong>, et a \u00e9galement particip\u00e9 et soutenu d\u2019autres efforts&nbsp;<u>\u00e0 Paris, France et \u00e0 Pretoria, Afrique du Sud.<\/u><\/p><\/div>\n\t\t\t\t<\/div>\n\t\t\t\t\t\t\t\t<\/div>\n\t\t\t\t\t\t<\/div>\n\t\t\t\t<\/div>\n\t\t\t\t\t<\/div>\n\t\t<\/div>\n\t\t\t\t<div class=\"elementor-column elementor-col-50 elementor-top-column elementor-element elementor-element-2084caf\" data-id=\"2084caf\" data-element_type=\"column\" data-e-type=\"column\">\n\t\t\t<div class=\"elementor-widget-wrap elementor-element-populated\">\n\t\t\t\t\t\t<div class=\"elementor-element elementor-element-40a3cc9 elementor-widget elementor-widget-accordion\" data-id=\"40a3cc9\" data-element_type=\"widget\" data-e-type=\"widget\" data-widget_type=\"accordion.default\">\n\t\t\t\t<div class=\"elementor-widget-container\">\n\t\t\t\t\t\t\t<div class=\"elementor-accordion\">\n\t\t\t\t\t\t\t<div class=\"elementor-accordion-item\">\n\t\t\t\t\t<div id=\"elementor-tab-title-6771\" class=\"elementor-tab-title\" data-tab=\"1\" role=\"button\" aria-controls=\"elementor-tab-content-6771\" aria-expanded=\"false\">\n\t\t\t\t\t\t\t\t\t\t\t\t\t<span class=\"elementor-accordion-icon elementor-accordion-icon-left\" aria-hidden=\"true\">\n\t\t\t\t\t\t\t\t\t\t\t\t\t\t\t<span class=\"elementor-accordion-icon-closed\"><i class=\"fas fa-plus\"><\/i><\/span>\n\t\t\t\t\t\t\t\t<span class=\"elementor-accordion-icon-opened\"><i class=\"fas fa-minus\"><\/i><\/span>\n\t\t\t\t\t\t\t\t\t\t\t\t\t\t<\/span>\n\t\t\t\t\t\t\t\t\t\t\t\t<a class=\"elementor-accordion-title\" tabindex=\"0\">Notre impact<\/a>\n\t\t\t\t\t<\/div>\n\t\t\t\t\t<div id=\"elementor-tab-content-6771\" class=\"elementor-tab-content elementor-clearfix\" data-tab=\"1\" role=\"region\" aria-labelledby=\"elementor-tab-title-6771\"><p><strong>Les sections nationales de DEI effectuent \u00e9galement plusieurs travaux avec les enfants priv\u00e9s de libert\u00e9 \u00e0 travers le monde<\/strong>, y compris la fourniture de services juridiques directs.<\/p><p>\u00a0<\/p><p><strong>Quelques exemples de travaux de nos sections nationales englobent le projet\u00a0<\/strong><u><strong>\u00ab Enfants derri\u00e8re les barreaux 2.0 \u00bb<\/strong>,\u00a0<\/u>dans le cadre duquel DEI-Belgique et DEI-Italie, aux c\u00f4t\u00e9s d\u2019autres parties prenantes gouvernementales et d\u2019organisations de d\u00e9fense des droits de l\u2019Homme, cherchent \u00e0 faire avancer la protection des enfants priv\u00e9s de libert\u00e9 en am\u00e9liorant les conditions de d\u00e9tention, notamment par le contr\u00f4le constant et la formation de professionnels de justice. En 2017, le projet a connu des avanc\u00e9es avec la participation de 200 professionnels de justice et 30 enfants priv\u00e9s de libert\u00e9.<\/p><p>\u00a0<\/p><p><strong>DEI-Belgique, DEI-Italie et DEI-Pays-Bas travaillent \u00e9troitement pour prot\u00e9ger les droits des enfants priv\u00e9s de libert\u00e9 dans le cadre du projet \u201cMy Lawyer, my Rights\u201d<\/strong>.\u00a0Ce projet pr\u00f4ne la mise en \u0153uvre efficiente et le suivi effectif des directives europ\u00e9ennes sur le droit d\u2019acc\u00e8s \u00e0 un avocat dans le cadre d\u2019une proc\u00e9dure p\u00e9nale; sur les garanties proc\u00e9durales accord\u00e9es aux enfants suspects ou accus\u00e9s dans des proc\u00e9dures p\u00e9nales; sur le droit \u00e0 l\u2019interpr\u00e9tation et \u00e0 la traduction; et sur le droit \u00e0 l\u2019information.<\/p><p>\u00a0<\/p><p>En 2017, le r\u00f4le de l\u2019avocat des enfants dans les \u00c9tats membres de l\u2019UE et de leurs syst\u00e8mes judiciaires pour mineurs a \u00e9t\u00e9 cartographi\u00e9 et une base de donn\u00e9es en ligne a \u00e9t\u00e9 cr\u00e9\u00e9e pour permettre un acc\u00e8s facile \u00e0 ces informations. <strong>Au cours de l\u2019ann\u00e9e, environ 500 jeunes avocats, responsables et d\u00e9cideurs ont \u00e9t\u00e9 form\u00e9s dans le cadre de ce projet.<\/strong><\/p><\/div>\n\t\t\t\t<\/div>\n\t\t\t\t\t\t\t\t<\/div>\n\t\t\t\t\t\t<\/div>\n\t\t\t\t<\/div>\n\t\t\t\t\t<\/div>\n\t\t<\/div>\n\t\t\t\t\t<\/div>\n\t\t<\/section>\n\t\t\t\t<section class=\"elementor-section elementor-top-section elementor-element elementor-element-f38bf67 elementor-section-boxed elementor-section-height-default elementor-section-height-default\" data-id=\"f38bf67\" data-element_type=\"section\" data-e-type=\"section\">\n\t\t\t\t\t\t<div class=\"elementor-container elementor-column-gap-default\">\n\t\t\t\t\t<div class=\"elementor-column elementor-col-100 elementor-top-column elementor-element elementor-element-30ccc07\" data-id=\"30ccc07\" data-element_type=\"column\" data-e-type=\"column\">\n\t\t\t<div class=\"elementor-widget-wrap elementor-element-populated\">\n\t\t\t\t\t\t<div class=\"elementor-element elementor-element-8512ac8 elementor-widget elementor-widget-heading\" data-id=\"8512ac8\" data-element_type=\"widget\" data-e-type=\"widget\" data-widget_type=\"heading.default\">\n\t\t\t\t<div class=\"elementor-widget-container\">\n\t\t\t\t\t<h2 class=\"elementor-heading-title elementor-size-default\">Forum Mondial sur la Justice pour les Enfants et la Privation de Libert\u00e9<\/h2>\t\t\t\t<\/div>\n\t\t\t\t<\/div>\n\t\t\t\t\t<\/div>\n\t\t<\/div>\n\t\t\t\t\t<\/div>\n\t\t<\/section>\n\t\t\t\t<section class=\"elementor-section elementor-top-section elementor-element elementor-element-4116906 elementor-section-boxed elementor-section-height-default elementor-section-height-default\" data-id=\"4116906\" data-element_type=\"section\" data-e-type=\"section\">\n\t\t\t\t\t\t<div class=\"elementor-container elementor-column-gap-default\">\n\t\t\t\t\t<div class=\"elementor-column elementor-col-50 elementor-top-column elementor-element elementor-element-a5a05c2\" data-id=\"a5a05c2\" data-element_type=\"column\" data-e-type=\"column\">\n\t\t\t<div class=\"elementor-widget-wrap elementor-element-populated\">\n\t\t\t\t\t\t<div class=\"elementor-element elementor-element-15baabe elementor-widget elementor-widget-text-editor\" data-id=\"15baabe\" data-element_type=\"widget\" data-e-type=\"widget\" data-widget_type=\"text-editor.default\">\n\t\t\t\t<div class=\"elementor-widget-container\">\n\t\t\t\t\t\t\t\t\t<p>Le Forum mondial \u00e9tait un \u00e9v\u00e9nement multipartite avec de nombreuses perspectives diff\u00e9rentes sur la question, accueillant de nombreux participants divers, tels que\u00a0<strong>des repr\u00e9sentants du Panel d\u2019ONG sur les enfants priv\u00e9s de libert\u00e9, des repr\u00e9sentants d\u2019agences des Nations Unies, le Comit\u00e9 des droits de l\u2019enfant des Nations Unies, des fonctionnaires du gouvernement mauritanien, et des praticiens des droits de l\u2019enfant aux niveaux national, r\u00e9gional et international<\/strong>, entre autres.<\/p><p>\u00a0<\/p><p>Les discussions en pl\u00e9ni\u00e8re et en petits groupes ont permis d\u2019<strong>\u00e9laborer une feuille de route pour guider nos activit\u00e9s conjointes sur la justice et la privation de libert\u00e9 au cours des deux prochaines ann\u00e9es (2023-2024).<\/strong> La feuille de route identifie les principales recommandations de l\u2019\u00c9tude mondiale sur les enfants priv\u00e9s de libert\u00e9 qui doivent \u00eatre mises en \u0153uvre de toute urgence, ainsi que les principales initiatives et opportunit\u00e9s de collaboration entre les parties prenantes. La Feuille de route pour l\u2019action 2023-2024 sera publi\u00e9e en mars 2023\u00a0<a rel=\"noopener\" href=\"https:\/\/childrendeprivedofliberty.info\/global-forum-on-justice-for-children-and-deprivation-of-liberty-2\/\" target=\"_blank\"><strong>ici<\/strong><\/a>.<\/p><p>\u00a0<\/p><p><strong><a href=\"https:\/\/defenceforchildren.org\/wp-content\/uploads\/2023\/02\/Global-Forum-Round-up_FR.pdf\">Cliquez ici<\/a>\u00a0pour lire le R\u00e9sum\u00e9 du Forum mondial.<\/strong><\/p>\t\t\t\t\t\t\t\t<\/div>\n\t\t\t\t<\/div>\n\t\t\t\t\t<\/div>\n\t\t<\/div>\n\t\t\t\t<div class=\"elementor-column elementor-col-50 elementor-top-column elementor-element elementor-element-464dd7e\" data-id=\"464dd7e\" data-element_type=\"column\" data-e-type=\"column\">\n\t\t\t<div class=\"elementor-widget-wrap elementor-element-populated\">\n\t\t\t\t\t\t<div class=\"elementor-element elementor-element-b4657bc elementor-widget elementor-widget-image\" data-id=\"b4657bc\" data-element_type=\"widget\" data-e-type=\"widget\" data-widget_type=\"image.default\">\n\t\t\t\t<div class=\"elementor-widget-container\">\n\t\t\t\t\t\t\t\t\t\t\t\t\t\t\t<img decoding=\"async\" width=\"1024\" height=\"576\" src=\"https:\/\/defenceforchildren.org\/wp-content\/uploads\/2023\/02\/EN-1.png\" class=\"attachment-2048x2048 size-2048x2048 wp-image-22195\" alt=\"\" srcset=\"https:\/\/defenceforchildren.org\/wp-content\/uploads\/2023\/02\/EN-1.png 1024w, https:\/\/defenceforchildren.org\/wp-content\/uploads\/2023\/02\/EN-1-750x422.png 750w, https:\/\/defenceforchildren.org\/wp-content\/uploads\/2023\/02\/EN-1-768x432.png 768w\" sizes=\"(max-width: 1024px) 100vw, 1024px\" \/>\t\t\t\t\t\t\t\t\t\t\t\t\t\t\t<\/div>\n\t\t\t\t<\/div>\n\t\t\t\t\t<\/div>\n\t\t<\/div>\n\t\t\t\t\t<\/div>\n\t\t<\/section>\n\t\t\t\t<section class=\"elementor-section elementor-top-section elementor-element elementor-element-cdf681c elementor-section-boxed elementor-section-height-default elementor-section-height-default\" data-id=\"cdf681c\" data-element_type=\"section\" data-e-type=\"section\">\n\t\t\t\t\t\t<div class=\"elementor-container elementor-column-gap-default\">\n\t\t\t\t\t<div class=\"elementor-column elementor-col-100 elementor-top-column elementor-element elementor-element-16327e8\" data-id=\"16327e8\" data-element_type=\"column\" data-e-type=\"column\">\n\t\t\t<div class=\"elementor-widget-wrap elementor-element-populated\">\n\t\t\t\t\t\t<div class=\"elementor-element elementor-element-c66a4c3 elementor-widget elementor-widget-spacer\" data-id=\"c66a4c3\" data-element_type=\"widget\" data-e-type=\"widget\" data-widget_type=\"spacer.default\">\n\t\t\t\t<div class=\"elementor-widget-container\">\n\t\t\t\t\t\t\t<div class=\"elementor-spacer\">\n\t\t\t<div class=\"elementor-spacer-inner\"><\/div>\n\t\t<\/div>\n\t\t\t\t\t\t<\/div>\n\t\t\t\t<\/div>\n\t\t\t\t\t<\/div>\n\t\t<\/div>\n\t\t\t\t\t<\/div>\n\t\t<\/section>\n\t\t\t\t<\/div>\n\t\t","protected":false},"excerpt":{"rendered":"<p>Enfants priv\u00e9s de libert\u00e9 Malgr\u00e9 le nombre croissant de conflits dans le monde et les migrations internes et externes, les enfants priv\u00e9s de libert\u00e9 restent une population souvent oubli\u00e9e et invisible. De nombreux enfants sont plac\u00e9s dans des conditions et des installations inhumaines o\u00f9 leurs droits sont viol\u00e9s, et ils subissent des actes de violence [&hellip;]<\/p>\n","protected":false},"author":1,"featured_media":12500,"comment_status":"closed","ping_status":"open","sticky":false,"template":"","format":"standard","meta":{"_acf_changed":false,"give_campaign_id":0,"_monsterinsights_skip_tracking":false,"_monsterinsights_sitenote_active":false,"_monsterinsights_sitenote_note":"","_monsterinsights_sitenote_category":0,"site-sidebar-layout":"default","site-content-layout":"default","ast-site-content-layout":"default","site-content-style":"default","site-sidebar-style":"default","ast-global-header-display":"","ast-banner-title-visibility":"","ast-main-header-display":"","ast-hfb-above-header-display":"","ast-hfb-below-header-display":"","ast-hfb-mobile-header-display":"","site-post-title":"","ast-breadcrumbs-content":"","ast-featured-img":"","footer-sml-layout":"","ast-disable-related-posts":"","theme-transparent-header-meta":"default","adv-header-id-meta":"","stick-header-meta":"","header-above-stick-meta":"","header-main-stick-meta":"","header-below-stick-meta":"","astra-migrate-meta-layouts":"default","ast-page-background-enabled":"default","ast-page-background-meta":{"desktop":{"background-color":"var(--ast-global-color-5)","background-image":"","background-repeat":"repeat","background-position":"center center","background-size":"auto","background-attachment":"scroll","background-type":"","background-media":"","overlay-type":"","overlay-color":"","overlay-opacity":"","overlay-gradient":""},"tablet":{"background-color":"","background-image":"","background-repeat":"repeat","background-position":"center center","background-size":"auto","background-attachment":"scroll","background-type":"","background-media":"","overlay-type":"","overlay-color":"","overlay-opacity":"","overlay-gradient":""},"mobile":{"background-color":"","background-image":"","background-repeat":"repeat","background-position":"center center","background-size":"auto","background-attachment":"scroll","background-type":"","background-media":"","overlay-type":"","overlay-color":"","overlay-opacity":"","overlay-gradient":""}},"ast-content-background-meta":{"desktop":{"background-color":"var(--ast-global-color-4)","background-image":"","background-repeat":"repeat","background-position":"center center","background-size":"auto","background-attachment":"scroll","background-type":"","background-media":"","overlay-type":"","overlay-color":"","overlay-opacity":"","overlay-gradient":""},"tablet":{"background-color":"var(--ast-global-color-4)","background-image":"","background-repeat":"repeat","background-position":"center center","background-size":"auto","background-attachment":"scroll","background-type":"","background-media":"","overlay-type":"","overlay-color":"","overlay-opacity":"","overlay-gradient":""},"mobile":{"background-color":"var(--ast-global-color-4)","background-image":"","background-repeat":"repeat","background-position":"center center","background-size":"auto","background-attachment":"scroll","background-type":"","background-media":"","overlay-type":"","overlay-color":"","overlay-opacity":"","overlay-gradient":""}},"footnotes":""},"categories":[560],"tags":[],"class_list":["post-12537","post","type-post","status-publish","format-standard","has-post-thumbnail","hentry","category-thematic-priorities-fr"],"acf":[],"yoast_head":"<!-- This site is optimized with the Yoast SEO plugin v27.1.1 - https:\/\/yoast.com\/product\/yoast-seo-wordpress\/ -->\n<title>Enfants priv\u00e9s de libert\u00e9 - Defence for Children<\/title>\n<meta name=\"robots\" content=\"index, follow, max-snippet:-1, max-image-preview:large, max-video-preview:-1\" \/>\n<link rel=\"canonical\" href=\"https:\/\/defenceforchildren.org\/fr\/children-deprived-of-liberty\/\" \/>\n<meta name=\"twitter:label1\" content=\"\u00c9crit par\" \/>\n\t<meta name=\"twitter:data1\" content=\"ycoadmin\" \/>\n\t<meta name=\"twitter:label2\" content=\"Dur\u00e9e de lecture estim\u00e9e\" \/>\n\t<meta name=\"twitter:data2\" content=\"5 minutes\" \/>\n<script type=\"application\/ld+json\" class=\"yoast-schema-graph\">{\"@context\":\"https:\/\/schema.org\",\"@graph\":[{\"@type\":\"Article\",\"@id\":\"https:\/\/defenceforchildren.org\/fr\/children-deprived-of-liberty\/#article\",\"isPartOf\":{\"@id\":\"https:\/\/defenceforchildren.org\/fr\/children-deprived-of-liberty\/\"},\"author\":{\"name\":\"ycoadmin\",\"@id\":\"https:\/\/defenceforchildren.org\/#\/schema\/person\/a9d958a22f8f3d64290397d92c550663\"},\"headline\":\"Enfants priv\u00e9s de libert\u00e9\",\"datePublished\":\"2019-02-11T14:33:07+00:00\",\"dateModified\":\"2024-07-31T10:52:24+00:00\",\"mainEntityOfPage\":{\"@id\":\"https:\/\/defenceforchildren.org\/fr\/children-deprived-of-liberty\/\"},\"wordCount\":926,\"publisher\":{\"@id\":\"https:\/\/defenceforchildren.org\/#organization\"},\"image\":{\"@id\":\"https:\/\/defenceforchildren.org\/fr\/children-deprived-of-liberty\/#primaryimage\"},\"thumbnailUrl\":\"https:\/\/defenceforchildren.org\/wp-content\/uploads\/2019\/02\/Dep-liberty-1.jpg\",\"articleSection\":[\"Priorit\u00e9s Th\u00e9matiques\"],\"inLanguage\":\"fr-FR\"},{\"@type\":\"WebPage\",\"@id\":\"https:\/\/defenceforchildren.org\/fr\/children-deprived-of-liberty\/\",\"url\":\"https:\/\/defenceforchildren.org\/fr\/children-deprived-of-liberty\/\",\"name\":\"Enfants priv\u00e9s de libert\u00e9 - Defence for Children\",\"isPartOf\":{\"@id\":\"https:\/\/defenceforchildren.org\/#website\"},\"primaryImageOfPage\":{\"@id\":\"https:\/\/defenceforchildren.org\/fr\/children-deprived-of-liberty\/#primaryimage\"},\"image\":{\"@id\":\"https:\/\/defenceforchildren.org\/fr\/children-deprived-of-liberty\/#primaryimage\"},\"thumbnailUrl\":\"https:\/\/defenceforchildren.org\/wp-content\/uploads\/2019\/02\/Dep-liberty-1.jpg\",\"datePublished\":\"2019-02-11T14:33:07+00:00\",\"dateModified\":\"2024-07-31T10:52:24+00:00\",\"breadcrumb\":{\"@id\":\"https:\/\/defenceforchildren.org\/fr\/children-deprived-of-liberty\/#breadcrumb\"},\"inLanguage\":\"fr-FR\",\"potentialAction\":[{\"@type\":\"ReadAction\",\"target\":[\"https:\/\/defenceforchildren.org\/fr\/children-deprived-of-liberty\/\"]}]},{\"@type\":\"ImageObject\",\"inLanguage\":\"fr-FR\",\"@id\":\"https:\/\/defenceforchildren.org\/fr\/children-deprived-of-liberty\/#primaryimage\",\"url\":\"https:\/\/defenceforchildren.org\/wp-content\/uploads\/2019\/02\/Dep-liberty-1.jpg\",\"contentUrl\":\"https:\/\/defenceforchildren.org\/wp-content\/uploads\/2019\/02\/Dep-liberty-1.jpg\",\"width\":1024,\"height\":768},{\"@type\":\"BreadcrumbList\",\"@id\":\"https:\/\/defenceforchildren.org\/fr\/children-deprived-of-liberty\/#breadcrumb\",\"itemListElement\":[{\"@type\":\"ListItem\",\"position\":1,\"name\":\"Accueil\",\"item\":\"https:\/\/defenceforchildren.org\/fr\/homepage-v2\/\"},{\"@type\":\"ListItem\",\"position\":2,\"name\":\"Enfants priv\u00e9s de libert\u00e9\"}]},{\"@type\":\"WebSite\",\"@id\":\"https:\/\/defenceforchildren.org\/#website\",\"url\":\"https:\/\/defenceforchildren.org\/\",\"name\":\"Defence for Children\",\"description\":\"\",\"publisher\":{\"@id\":\"https:\/\/defenceforchildren.org\/#organization\"},\"potentialAction\":[{\"@type\":\"SearchAction\",\"target\":{\"@type\":\"EntryPoint\",\"urlTemplate\":\"https:\/\/defenceforchildren.org\/?s={search_term_string}\"},\"query-input\":{\"@type\":\"PropertyValueSpecification\",\"valueRequired\":true,\"valueName\":\"search_term_string\"}}],\"inLanguage\":\"fr-FR\"},{\"@type\":\"Organization\",\"@id\":\"https:\/\/defenceforchildren.org\/#organization\",\"name\":\"Defence for Children\",\"url\":\"https:\/\/defenceforchildren.org\/\",\"logo\":{\"@type\":\"ImageObject\",\"inLanguage\":\"fr-FR\",\"@id\":\"https:\/\/defenceforchildren.org\/#\/schema\/logo\/image\/\",\"url\":\"https:\/\/defenceforchildren.org\/wp-content\/uploads\/2020\/07\/cropped-INT.-SEC-EN-claim.jpg\",\"contentUrl\":\"https:\/\/defenceforchildren.org\/wp-content\/uploads\/2020\/07\/cropped-INT.-SEC-EN-claim.jpg\",\"width\":1431,\"height\":449,\"caption\":\"Defence for Children\"},\"image\":{\"@id\":\"https:\/\/defenceforchildren.org\/#\/schema\/logo\/image\/\"},\"sameAs\":[\"https:\/\/fr.wikipedia.org\/wiki\/Defence_for_Children_International\"]},{\"@type\":\"Person\",\"@id\":\"https:\/\/defenceforchildren.org\/#\/schema\/person\/a9d958a22f8f3d64290397d92c550663\",\"name\":\"ycoadmin\",\"image\":{\"@type\":\"ImageObject\",\"inLanguage\":\"fr-FR\",\"@id\":\"https:\/\/defenceforchildren.org\/#\/schema\/person\/image\/\",\"url\":\"https:\/\/secure.gravatar.com\/avatar\/b760e49550e45b6f3790a71b76ddba4f1fa44712626e8d6c4404e84ae57c9c3a?s=96&d=mm&r=g\",\"contentUrl\":\"https:\/\/secure.gravatar.com\/avatar\/b760e49550e45b6f3790a71b76ddba4f1fa44712626e8d6c4404e84ae57c9c3a?s=96&d=mm&r=g\",\"caption\":\"ycoadmin\"},\"url\":\"https:\/\/defenceforchildren.org\/fr\/author\/ycoadmin\/\"}]}<\/script>\n<!-- \/ Yoast SEO plugin. -->","yoast_head_json":{"title":"Enfants priv\u00e9s de libert\u00e9 - Defence for Children","robots":{"index":"index","follow":"follow","max-snippet":"max-snippet:-1","max-image-preview":"max-image-preview:large","max-video-preview":"max-video-preview:-1"},"canonical":"https:\/\/defenceforchildren.org\/fr\/children-deprived-of-liberty\/","twitter_misc":{"\u00c9crit par":"ycoadmin","Dur\u00e9e de lecture estim\u00e9e":"5 minutes"},"schema":{"@context":"https:\/\/schema.org","@graph":[{"@type":"Article","@id":"https:\/\/defenceforchildren.org\/fr\/children-deprived-of-liberty\/#article","isPartOf":{"@id":"https:\/\/defenceforchildren.org\/fr\/children-deprived-of-liberty\/"},"author":{"name":"ycoadmin","@id":"https:\/\/defenceforchildren.org\/#\/schema\/person\/a9d958a22f8f3d64290397d92c550663"},"headline":"Enfants priv\u00e9s de libert\u00e9","datePublished":"2019-02-11T14:33:07+00:00","dateModified":"2024-07-31T10:52:24+00:00","mainEntityOfPage":{"@id":"https:\/\/defenceforchildren.org\/fr\/children-deprived-of-liberty\/"},"wordCount":926,"publisher":{"@id":"https:\/\/defenceforchildren.org\/#organization"},"image":{"@id":"https:\/\/defenceforchildren.org\/fr\/children-deprived-of-liberty\/#primaryimage"},"thumbnailUrl":"https:\/\/defenceforchildren.org\/wp-content\/uploads\/2019\/02\/Dep-liberty-1.jpg","articleSection":["Priorit\u00e9s Th\u00e9matiques"],"inLanguage":"fr-FR"},{"@type":"WebPage","@id":"https:\/\/defenceforchildren.org\/fr\/children-deprived-of-liberty\/","url":"https:\/\/defenceforchildren.org\/fr\/children-deprived-of-liberty\/","name":"Enfants priv\u00e9s de libert\u00e9 - Defence for Children","isPartOf":{"@id":"https:\/\/defenceforchildren.org\/#website"},"primaryImageOfPage":{"@id":"https:\/\/defenceforchildren.org\/fr\/children-deprived-of-liberty\/#primaryimage"},"image":{"@id":"https:\/\/defenceforchildren.org\/fr\/children-deprived-of-liberty\/#primaryimage"},"thumbnailUrl":"https:\/\/defenceforchildren.org\/wp-content\/uploads\/2019\/02\/Dep-liberty-1.jpg","datePublished":"2019-02-11T14:33:07+00:00","dateModified":"2024-07-31T10:52:24+00:00","breadcrumb":{"@id":"https:\/\/defenceforchildren.org\/fr\/children-deprived-of-liberty\/#breadcrumb"},"inLanguage":"fr-FR","potentialAction":[{"@type":"ReadAction","target":["https:\/\/defenceforchildren.org\/fr\/children-deprived-of-liberty\/"]}]},{"@type":"ImageObject","inLanguage":"fr-FR","@id":"https:\/\/defenceforchildren.org\/fr\/children-deprived-of-liberty\/#primaryimage","url":"https:\/\/defenceforchildren.org\/wp-content\/uploads\/2019\/02\/Dep-liberty-1.jpg","contentUrl":"https:\/\/defenceforchildren.org\/wp-content\/uploads\/2019\/02\/Dep-liberty-1.jpg","width":1024,"height":768},{"@type":"BreadcrumbList","@id":"https:\/\/defenceforchildren.org\/fr\/children-deprived-of-liberty\/#breadcrumb","itemListElement":[{"@type":"ListItem","position":1,"name":"Accueil","item":"https:\/\/defenceforchildren.org\/fr\/homepage-v2\/"},{"@type":"ListItem","position":2,"name":"Enfants priv\u00e9s de libert\u00e9"}]},{"@type":"WebSite","@id":"https:\/\/defenceforchildren.org\/#website","url":"https:\/\/defenceforchildren.org\/","name":"Defence for Children","description":"","publisher":{"@id":"https:\/\/defenceforchildren.org\/#organization"},"potentialAction":[{"@type":"SearchAction","target":{"@type":"EntryPoint","urlTemplate":"https:\/\/defenceforchildren.org\/?s={search_term_string}"},"query-input":{"@type":"PropertyValueSpecification","valueRequired":true,"valueName":"search_term_string"}}],"inLanguage":"fr-FR"},{"@type":"Organization","@id":"https:\/\/defenceforchildren.org\/#organization","name":"Defence for Children","url":"https:\/\/defenceforchildren.org\/","logo":{"@type":"ImageObject","inLanguage":"fr-FR","@id":"https:\/\/defenceforchildren.org\/#\/schema\/logo\/image\/","url":"https:\/\/defenceforchildren.org\/wp-content\/uploads\/2020\/07\/cropped-INT.-SEC-EN-claim.jpg","contentUrl":"https:\/\/defenceforchildren.org\/wp-content\/uploads\/2020\/07\/cropped-INT.-SEC-EN-claim.jpg","width":1431,"height":449,"caption":"Defence for Children"},"image":{"@id":"https:\/\/defenceforchildren.org\/#\/schema\/logo\/image\/"},"sameAs":["https:\/\/fr.wikipedia.org\/wiki\/Defence_for_Children_International"]},{"@type":"Person","@id":"https:\/\/defenceforchildren.org\/#\/schema\/person\/a9d958a22f8f3d64290397d92c550663","name":"ycoadmin","image":{"@type":"ImageObject","inLanguage":"fr-FR","@id":"https:\/\/defenceforchildren.org\/#\/schema\/person\/image\/","url":"https:\/\/secure.gravatar.com\/avatar\/b760e49550e45b6f3790a71b76ddba4f1fa44712626e8d6c4404e84ae57c9c3a?s=96&d=mm&r=g","contentUrl":"https:\/\/secure.gravatar.com\/avatar\/b760e49550e45b6f3790a71b76ddba4f1fa44712626e8d6c4404e84ae57c9c3a?s=96&d=mm&r=g","caption":"ycoadmin"},"url":"https:\/\/defenceforchildren.org\/fr\/author\/ycoadmin\/"}]}},"_links":{"self":[{"href":"https:\/\/defenceforchildren.org\/fr\/wp-json\/wp\/v2\/posts\/12537","targetHints":{"allow":["GET"]}}],"collection":[{"href":"https:\/\/defenceforchildren.org\/fr\/wp-json\/wp\/v2\/posts"}],"about":[{"href":"https:\/\/defenceforchildren.org\/fr\/wp-json\/wp\/v2\/types\/post"}],"author":[{"embeddable":true,"href":"https:\/\/defenceforchildren.org\/fr\/wp-json\/wp\/v2\/users\/1"}],"replies":[{"embeddable":true,"href":"https:\/\/defenceforchildren.org\/fr\/wp-json\/wp\/v2\/comments?post=12537"}],"version-history":[{"count":0,"href":"https:\/\/defenceforchildren.org\/fr\/wp-json\/wp\/v2\/posts\/12537\/revisions"}],"wp:featuredmedia":[{"embeddable":true,"href":"https:\/\/defenceforchildren.org\/fr\/wp-json\/wp\/v2\/media\/12500"}],"wp:attachment":[{"href":"https:\/\/defenceforchildren.org\/fr\/wp-json\/wp\/v2\/media?parent=12537"}],"wp:term":[{"taxonomy":"category","embeddable":true,"href":"https:\/\/defenceforchildren.org\/fr\/wp-json\/wp\/v2\/categories?post=12537"},{"taxonomy":"post_tag","embeddable":true,"href":"https:\/\/defenceforchildren.org\/fr\/wp-json\/wp\/v2\/tags?post=12537"}],"curies":[{"name":"wp","href":"https:\/\/api.w.org\/{rel}","templated":true}]}}