{"id":12515,"date":"2019-02-11T15:23:14","date_gmt":"2019-02-11T14:23:14","guid":{"rendered":"https:\/\/defenceforchildren.org\/fr\/violence-against-children-2\/"},"modified":"2024-07-31T11:54:01","modified_gmt":"2024-07-31T10:54:01","slug":"violence-against-children-2","status":"publish","type":"post","link":"https:\/\/defenceforchildren.org\/fr\/violence-against-children-2\/","title":{"rendered":"Violence envers les enfants"},"content":{"rendered":"\t\t<div data-elementor-type=\"wp-post\" data-elementor-id=\"12515\" class=\"elementor elementor-12515\" data-elementor-post-type=\"post\">\n\t\t\t\t\t\t<section class=\"elementor-section elementor-top-section elementor-element elementor-element-b1e135e elementor-section-boxed elementor-section-height-default elementor-section-height-default\" data-id=\"b1e135e\" data-element_type=\"section\" data-e-type=\"section\">\n\t\t\t\t\t\t<div class=\"elementor-container elementor-column-gap-default\">\n\t\t\t\t\t<div class=\"elementor-column elementor-col-100 elementor-top-column elementor-element elementor-element-327f083\" data-id=\"327f083\" data-element_type=\"column\" data-e-type=\"column\">\n\t\t\t<div class=\"elementor-widget-wrap elementor-element-populated\">\n\t\t\t\t\t\t<div class=\"elementor-element elementor-element-5f9f1fb elementor-widget elementor-widget-image\" data-id=\"5f9f1fb\" data-element_type=\"widget\" data-e-type=\"widget\" data-widget_type=\"image.default\">\n\t\t\t\t<div class=\"elementor-widget-container\">\n\t\t\t\t\t\t\t\t\t\t\t\t\t\t\t<img fetchpriority=\"high\" decoding=\"async\" width=\"2048\" height=\"1362\" src=\"https:\/\/defenceforchildren.org\/wp-content\/uploads\/2023\/02\/photo16-2048x1362.jpg\" class=\"attachment-2048x2048 size-2048x2048 wp-image-22648\" alt=\"\" srcset=\"https:\/\/defenceforchildren.org\/wp-content\/uploads\/2023\/02\/photo16-2048x1362.jpg 2048w, https:\/\/defenceforchildren.org\/wp-content\/uploads\/2023\/02\/photo16-750x499.jpg 750w, https:\/\/defenceforchildren.org\/wp-content\/uploads\/2023\/02\/photo16-1024x681.jpg 1024w, https:\/\/defenceforchildren.org\/wp-content\/uploads\/2023\/02\/photo16-768x511.jpg 768w, https:\/\/defenceforchildren.org\/wp-content\/uploads\/2023\/02\/photo16-1536x1021.jpg 1536w\" sizes=\"(max-width: 2048px) 100vw, 2048px\" \/>\t\t\t\t\t\t\t\t\t\t\t\t\t\t\t<\/div>\n\t\t\t\t<\/div>\n\t\t\t\t<div class=\"elementor-element elementor-element-e864e90 elementor-align-center elementor-widget elementor-widget-button\" data-id=\"e864e90\" data-element_type=\"widget\" data-e-type=\"widget\" data-widget_type=\"button.default\">\n\t\t\t\t<div class=\"elementor-widget-container\">\n\t\t\t\t\t\t\t\t\t<div class=\"elementor-button-wrapper\">\n\t\t\t\t\t<a class=\"elementor-button elementor-size-sm\" role=\"button\">\n\t\t\t\t\t\t<span class=\"elementor-button-content-wrapper\">\n\t\t\t\t\t\t\t\t\t<span class=\"elementor-button-text\">Violence envers les enfants<\/span>\n\t\t\t\t\t<\/span>\n\t\t\t\t\t<\/a>\n\t\t\t\t<\/div>\n\t\t\t\t\t\t\t\t<\/div>\n\t\t\t\t<\/div>\n\t\t\t\t\t<\/div>\n\t\t<\/div>\n\t\t\t\t\t<\/div>\n\t\t<\/section>\n\t\t\t\t<section class=\"elementor-section elementor-top-section elementor-element elementor-element-174f603 elementor-section-boxed elementor-section-height-default elementor-section-height-default\" data-id=\"174f603\" data-element_type=\"section\" data-e-type=\"section\">\n\t\t\t\t\t\t<div class=\"elementor-container elementor-column-gap-default\">\n\t\t\t\t\t<div class=\"elementor-column elementor-col-50 elementor-top-column elementor-element elementor-element-9b05c6d\" data-id=\"9b05c6d\" data-element_type=\"column\" data-e-type=\"column\">\n\t\t\t<div class=\"elementor-widget-wrap elementor-element-populated\">\n\t\t\t\t\t\t<div class=\"elementor-element elementor-element-000eb11 elementor-widget elementor-widget-text-editor\" data-id=\"000eb11\" data-element_type=\"widget\" data-e-type=\"widget\" data-widget_type=\"text-editor.default\">\n\t\t\t\t<div class=\"elementor-widget-container\">\n\t\t\t\t\t\t\t\t\t<p><strong>La violence envers les enfants reste un probl\u00e8me mondial fondamental et transversal<\/strong>. DEI cr\u00e9e en permanence des actions visant \u00e0 pr\u00e9venir et \u00e0 combattre la violence \u00e0 l\u2019\u00e9gard des enfants dans tous les contextes, en particulier dans le domaine de la justice pour mineurs et plus r\u00e9cemment en mettant l\u2019accent sur la violence sexiste.<\/p>\n<p><\/p>\n<p><strong>DEI a \u00e9t\u00e9 un partenaire majeur de la collaboration des ONG pour la pr\u00e9paration de l\u2019\u00e9tude des Nations Unies sur la violence envers les enfants en 2006<\/strong> et son suivi ult\u00e9rieur. DEI-IS contribue r\u00e9guli\u00e8rement aux travaux du RSSG sur la violence et les enfants. De m\u00eame, DEI-IS est un membre actif du&nbsp;<a href=\"https:\/\/www.childrightsconnect.org\/working_groups\/children-and-violence\/\">groupe de travail sur les enfants et la violence de Child Rights Connect<\/a>.<\/p>\n<p><\/p>\n<p>Ce groupe a pour objectif de joindre ses efforts pour plaider en faveur de <strong>l\u2019\u00e9limination de la violence \u00e0 l\u2019\u00e9gard des enfants avec le m\u00e9canisme et les organes des droits de l\u2019homme des Nations Unies \u00e0 Gen\u00e8ve<\/strong> et de suivre la mise en \u0153uvre des objectifs de d\u00e9veloppement durable, en particulier la cible 16.2 visant \u00e0 mettre fin aux abus, \u00e0 l\u2019exploitation, \u00e0 la traite et au trafic, toutes les formes de violence et de torture contre les enfants. DEI-IS est \u00e9galement membre du <a href=\"http:\/\/www.end-violence.org\/\">Partenariat mondial pour mettre fin \u00e0 la violence envers les enfants<\/a>&nbsp;et du&nbsp;<a href=\"https:\/\/www.crin.org\/en\/home\/rights\/themes\/violence\/un-study\/international-ngo-council-violence-against-children\">Conseil international de l\u2019ONG sur la violence \u00e0 l\u2019encontre des enfants<\/a>.<\/p>\t\t\t\t\t\t\t\t<\/div>\n\t\t\t\t<\/div>\n\t\t\t\t<div class=\"elementor-element elementor-element-1378f71 elementor-widget elementor-widget-image\" data-id=\"1378f71\" data-element_type=\"widget\" data-e-type=\"widget\" data-widget_type=\"image.default\">\n\t\t\t\t<div class=\"elementor-widget-container\">\n\t\t\t\t\t\t\t\t\t\t\t\t\t\t\t<img decoding=\"async\" width=\"1024\" height=\"724\" src=\"https:\/\/defenceforchildren.org\/wp-content\/uploads\/2021\/03\/Untitled-design-9-1024x724.jpg\" class=\"attachment-large size-large wp-image-19335\" alt=\"\" srcset=\"https:\/\/defenceforchildren.org\/wp-content\/uploads\/2021\/03\/Untitled-design-9-1024x724.jpg 1024w, https:\/\/defenceforchildren.org\/wp-content\/uploads\/2021\/03\/Untitled-design-9-750x530.jpg 750w, https:\/\/defenceforchildren.org\/wp-content\/uploads\/2021\/03\/Untitled-design-9-768x543.jpg 768w, https:\/\/defenceforchildren.org\/wp-content\/uploads\/2021\/03\/Untitled-design-9-1536x1086.jpg 1536w, https:\/\/defenceforchildren.org\/wp-content\/uploads\/2021\/03\/Untitled-design-9-2048x1448.jpg 2048w\" sizes=\"(max-width: 1024px) 100vw, 1024px\" \/>\t\t\t\t\t\t\t\t\t\t\t\t\t\t\t<\/div>\n\t\t\t\t<\/div>\n\t\t\t\t\t<\/div>\n\t\t<\/div>\n\t\t\t\t<div class=\"elementor-column elementor-col-50 elementor-top-column elementor-element elementor-element-1ffde01\" data-id=\"1ffde01\" data-element_type=\"column\" data-e-type=\"column\">\n\t\t\t<div class=\"elementor-widget-wrap elementor-element-populated\">\n\t\t\t\t\t\t<div class=\"elementor-element elementor-element-469c9c9 elementor-widget elementor-widget-image\" data-id=\"469c9c9\" data-element_type=\"widget\" data-e-type=\"widget\" data-widget_type=\"image.default\">\n\t\t\t\t<div class=\"elementor-widget-container\">\n\t\t\t\t\t\t\t\t\t\t\t\t\t\t\t<img decoding=\"async\" width=\"410\" height=\"1024\" src=\"https:\/\/defenceforchildren.org\/wp-content\/uploads\/2023\/02\/Violence-envers-les-enfants-410x1024.png\" class=\"attachment-large size-large wp-image-22879\" alt=\"\" srcset=\"https:\/\/defenceforchildren.org\/wp-content\/uploads\/2023\/02\/Violence-envers-les-enfants-410x1024.png 410w, https:\/\/defenceforchildren.org\/wp-content\/uploads\/2023\/02\/Violence-envers-les-enfants-300x750.png 300w, https:\/\/defenceforchildren.org\/wp-content\/uploads\/2023\/02\/Violence-envers-les-enfants-768x1920.png 768w, https:\/\/defenceforchildren.org\/wp-content\/uploads\/2023\/02\/Violence-envers-les-enfants.png 800w\" sizes=\"(max-width: 410px) 100vw, 410px\" \/>\t\t\t\t\t\t\t\t\t\t\t\t\t\t\t<\/div>\n\t\t\t\t<\/div>\n\t\t\t\t\t<\/div>\n\t\t<\/div>\n\t\t\t\t\t<\/div>\n\t\t<\/section>\n\t\t\t\t<section class=\"elementor-section elementor-top-section elementor-element elementor-element-2e3486a elementor-section-boxed elementor-section-height-default elementor-section-height-default\" data-id=\"2e3486a\" data-element_type=\"section\" data-e-type=\"section\">\n\t\t\t\t\t\t<div class=\"elementor-container elementor-column-gap-default\">\n\t\t\t\t\t<div class=\"elementor-column elementor-col-100 elementor-top-column elementor-element elementor-element-180d961\" data-id=\"180d961\" data-element_type=\"column\" data-e-type=\"column\">\n\t\t\t<div class=\"elementor-widget-wrap elementor-element-populated\">\n\t\t\t\t\t\t<div class=\"elementor-element elementor-element-98ead7d elementor-widget elementor-widget-spacer\" data-id=\"98ead7d\" data-element_type=\"widget\" data-e-type=\"widget\" data-widget_type=\"spacer.default\">\n\t\t\t\t<div class=\"elementor-widget-container\">\n\t\t\t\t\t\t\t<div class=\"elementor-spacer\">\n\t\t\t<div class=\"elementor-spacer-inner\"><\/div>\n\t\t<\/div>\n\t\t\t\t\t\t<\/div>\n\t\t\t\t<\/div>\n\t\t\t\t\t<\/div>\n\t\t<\/div>\n\t\t\t\t\t<\/div>\n\t\t<\/section>\n\t\t\t\t<section class=\"elementor-section elementor-top-section elementor-element elementor-element-0d16e3a elementor-section-boxed elementor-section-height-default elementor-section-height-default\" data-id=\"0d16e3a\" data-element_type=\"section\" data-e-type=\"section\">\n\t\t\t\t\t\t<div class=\"elementor-container elementor-column-gap-default\">\n\t\t\t\t\t<div class=\"elementor-column elementor-col-50 elementor-top-column elementor-element elementor-element-7885ea6\" data-id=\"7885ea6\" data-element_type=\"column\" data-e-type=\"column\">\n\t\t\t<div class=\"elementor-widget-wrap elementor-element-populated\">\n\t\t\t\t\t\t<div class=\"elementor-element elementor-element-1e38bcd elementor-widget elementor-widget-accordion\" data-id=\"1e38bcd\" data-element_type=\"widget\" data-e-type=\"widget\" data-widget_type=\"accordion.default\">\n\t\t\t\t<div class=\"elementor-widget-container\">\n\t\t\t\t\t\t\t<div class=\"elementor-accordion\">\n\t\t\t\t\t\t\t<div class=\"elementor-accordion-item\">\n\t\t\t\t\t<div id=\"elementor-tab-title-3161\" class=\"elementor-tab-title\" data-tab=\"1\" role=\"button\" aria-controls=\"elementor-tab-content-3161\" aria-expanded=\"false\">\n\t\t\t\t\t\t\t\t\t\t\t\t\t<span class=\"elementor-accordion-icon elementor-accordion-icon-left\" aria-hidden=\"true\">\n\t\t\t\t\t\t\t\t\t\t\t\t\t\t\t<span class=\"elementor-accordion-icon-closed\"><i class=\"fas fa-plus\"><\/i><\/span>\n\t\t\t\t\t\t\t\t<span class=\"elementor-accordion-icon-opened\"><i class=\"fas fa-minus\"><\/i><\/span>\n\t\t\t\t\t\t\t\t\t\t\t\t\t\t<\/span>\n\t\t\t\t\t\t\t\t\t\t\t\t<a class=\"elementor-accordion-title\" tabindex=\"0\">Notre r\u00f4le<\/a>\n\t\t\t\t\t<\/div>\n\t\t\t\t\t<div id=\"elementor-tab-content-3161\" class=\"elementor-tab-content elementor-clearfix\" data-tab=\"1\" role=\"region\" aria-labelledby=\"elementor-tab-title-3161\"><p>L\u2019adoption d\u2019instruments juridiques a progress\u00e9, mais certaines des pires formes de violence demeurent l\u00e9gales dans le monde et certaines estimations indiquent qu\u2019au <strong>moins un milliard d\u2019enfants subissent chaque ann\u00e9e une forme ou une autre de violence<\/strong> (voir:\u00a0<a href=\"https:\/\/defenceforchildren.org\/es\/10-years-global-progress-delay-ending-violence-children-rhetoric-reality\/\">Conseil international des ONG sur la violence Contre les enfants, dix ans apr\u00e8s: Progr\u00e8s mondiaux et retard dans l\u2019\u00e9limination de la violence \u00e0 l\u2019\u00e9gard des enfants \u2013 La rh\u00e9torique et la r\u00e9alit\u00e9, novembre 2016<\/a>).<\/p><\/div>\n\t\t\t\t<\/div>\n\t\t\t\t\t\t\t\t<\/div>\n\t\t\t\t\t\t<\/div>\n\t\t\t\t<\/div>\n\t\t\t\t\t<\/div>\n\t\t<\/div>\n\t\t\t\t<div class=\"elementor-column elementor-col-50 elementor-top-column elementor-element elementor-element-49ee8c5\" data-id=\"49ee8c5\" data-element_type=\"column\" data-e-type=\"column\">\n\t\t\t<div class=\"elementor-widget-wrap elementor-element-populated\">\n\t\t\t\t\t\t<div class=\"elementor-element elementor-element-031570a elementor-widget elementor-widget-accordion\" data-id=\"031570a\" data-element_type=\"widget\" data-e-type=\"widget\" data-widget_type=\"accordion.default\">\n\t\t\t\t<div class=\"elementor-widget-container\">\n\t\t\t\t\t\t\t<div class=\"elementor-accordion\">\n\t\t\t\t\t\t\t<div class=\"elementor-accordion-item\">\n\t\t\t\t\t<div id=\"elementor-tab-title-3231\" class=\"elementor-tab-title\" data-tab=\"1\" role=\"button\" aria-controls=\"elementor-tab-content-3231\" aria-expanded=\"false\">\n\t\t\t\t\t\t\t\t\t\t\t\t\t<span class=\"elementor-accordion-icon elementor-accordion-icon-left\" aria-hidden=\"true\">\n\t\t\t\t\t\t\t\t\t\t\t\t\t\t\t<span class=\"elementor-accordion-icon-closed\"><i class=\"fas fa-plus\"><\/i><\/span>\n\t\t\t\t\t\t\t\t<span class=\"elementor-accordion-icon-opened\"><i class=\"fas fa-minus\"><\/i><\/span>\n\t\t\t\t\t\t\t\t\t\t\t\t\t\t<\/span>\n\t\t\t\t\t\t\t\t\t\t\t\t<a class=\"elementor-accordion-title\" tabindex=\"0\">Notre impact<\/a>\n\t\t\t\t\t<\/div>\n\t\t\t\t\t<div id=\"elementor-tab-content-3231\" class=\"elementor-tab-content elementor-clearfix\" data-tab=\"1\" role=\"region\" aria-labelledby=\"elementor-tab-title-3231\"><p>Au niveau national, l<strong>es sections nationales de DEI travaillent directement avec les enfants victimes de violence, de maltraitance, d\u2019exploitation et de n\u00e9gligence<\/strong>, ainsi qu\u2019avec les enfants \u00e0 risque et ayant besoin de protection. En 2017, DEI dans le monde entier \u2013 des Am\u00e9riques \u00e0 l\u2019Afrique et de la r\u00e9gion MENA \u00e0 l\u2019Europe \u2013 a soutenu les enfants victimes de violences telles que la violence communautaire, l\u2019exploitation sexuelle \u00e0 des fins commerciales, la\u00a0<a href=\"https:\/\/defenceforchildren.org\/?page_id=2596\">traite<\/a>, la violence en ligne, le\u00a0<a href=\"https:\/\/defenceforchildren.org\/?page_id=4089\">travail des enfants<\/a>\u00a0et la violence sexiste.<\/p><p>\u00a0<\/p><p>Les sections nationales de DEI travaillent avec les enfants victimes de violence <strong>dans le cadre de divers projets, programmes et activit\u00e9s,<\/strong> notamment en fournissant une assistance directe, un <strong>renforcement des capacit\u00e9s, une sensibilisation et un plaidoyer<\/strong>. En <strong>Colombie<\/strong>, par exemple, DEI surveille les cas de violence sexuelle \u00e0 l\u2019encontre de filles autochtones, tandis qu\u2019au <strong>Costa Rica<\/strong>, DEI concentre ses activit\u00e9s de lutte contre le travail des enfants dans l\u2019industrie du tabac. De m\u00eame, DEI au <strong>Liban<\/strong> offre des formations aux m\u00e9tiers et des programmes d\u2019\u00e9ducation pour am\u00e9liorer les conditions de vie des enfants qui travaillent dans les pires formes de travail des enfants ou qui risquent de l\u2019\u00eatre. De plus, DEI au <strong>Lib\u00e9ria<\/strong> fournit un soutien psychosocial et des services de conseil aux enfants victimes de violence.<\/p><\/div>\n\t\t\t\t<\/div>\n\t\t\t\t\t\t\t\t<\/div>\n\t\t\t\t\t\t<\/div>\n\t\t\t\t<\/div>\n\t\t\t\t\t<\/div>\n\t\t<\/div>\n\t\t\t\t\t<\/div>\n\t\t<\/section>\n\t\t\t\t<section class=\"elementor-section elementor-top-section elementor-element elementor-element-8947a0f elementor-section-boxed elementor-section-height-default elementor-section-height-default\" data-id=\"8947a0f\" data-element_type=\"section\" data-e-type=\"section\">\n\t\t\t\t\t\t<div class=\"elementor-container elementor-column-gap-default\">\n\t\t\t\t\t<div class=\"elementor-column elementor-col-100 elementor-top-column elementor-element elementor-element-3829efa\" data-id=\"3829efa\" data-element_type=\"column\" data-e-type=\"column\">\n\t\t\t<div class=\"elementor-widget-wrap elementor-element-populated\">\n\t\t\t\t\t\t<div class=\"elementor-element elementor-element-beb5101 elementor-widget elementor-widget-spacer\" data-id=\"beb5101\" data-element_type=\"widget\" data-e-type=\"widget\" data-widget_type=\"spacer.default\">\n\t\t\t\t<div class=\"elementor-widget-container\">\n\t\t\t\t\t\t\t<div class=\"elementor-spacer\">\n\t\t\t<div class=\"elementor-spacer-inner\"><\/div>\n\t\t<\/div>\n\t\t\t\t\t\t<\/div>\n\t\t\t\t<\/div>\n\t\t\t\t\t<\/div>\n\t\t<\/div>\n\t\t\t\t\t<\/div>\n\t\t<\/section>\n\t\t\t\t<\/div>\n\t\t","protected":false},"excerpt":{"rendered":"<p>Violence envers les enfants La violence envers les enfants reste un probl\u00e8me mondial fondamental et transversal. DEI cr\u00e9e en permanence des actions visant \u00e0 pr\u00e9venir et \u00e0 combattre la violence \u00e0 l\u2019\u00e9gard des enfants dans tous les contextes, en particulier dans le domaine de la justice pour mineurs et plus r\u00e9cemment en mettant l\u2019accent sur [&hellip;]<\/p>\n","protected":false},"author":1,"featured_media":22649,"comment_status":"closed","ping_status":"open","sticky":false,"template":"","format":"standard","meta":{"_acf_changed":false,"give_campaign_id":0,"_monsterinsights_skip_tracking":false,"_monsterinsights_sitenote_active":false,"_monsterinsights_sitenote_note":"","_monsterinsights_sitenote_category":0,"site-sidebar-layout":"default","site-content-layout":"default","ast-site-content-layout":"default","site-content-style":"default","site-sidebar-style":"default","ast-global-header-display":"","ast-banner-title-visibility":"","ast-main-header-display":"disabled","ast-hfb-above-header-display":"","ast-hfb-below-header-display":"","ast-hfb-mobile-header-display":"","site-post-title":"disabled","ast-breadcrumbs-content":"disabled","ast-featured-img":"disabled","footer-sml-layout":"","ast-disable-related-posts":"","theme-transparent-header-meta":"default","adv-header-id-meta":"","stick-header-meta":"","header-above-stick-meta":"","header-main-stick-meta":"","header-below-stick-meta":"","astra-migrate-meta-layouts":"default","ast-page-background-enabled":"default","ast-page-background-meta":{"desktop":{"background-color":"var(--ast-global-color-5)","background-image":"","background-repeat":"repeat","background-position":"center center","background-size":"auto","background-attachment":"scroll","background-type":"","background-media":"","overlay-type":"","overlay-color":"","overlay-opacity":"","overlay-gradient":""},"tablet":{"background-color":"","background-image":"","background-repeat":"repeat","background-position":"center center","background-size":"auto","background-attachment":"scroll","background-type":"","background-media":"","overlay-type":"","overlay-color":"","overlay-opacity":"","overlay-gradient":""},"mobile":{"background-color":"","background-image":"","background-repeat":"repeat","background-position":"center center","background-size":"auto","background-attachment":"scroll","background-type":"","background-media":"","overlay-type":"","overlay-color":"","overlay-opacity":"","overlay-gradient":""}},"ast-content-background-meta":{"desktop":{"background-color":"var(--ast-global-color-4)","background-image":"","background-repeat":"repeat","background-position":"center center","background-size":"auto","background-attachment":"scroll","background-type":"","background-media":"","overlay-type":"","overlay-color":"","overlay-opacity":"","overlay-gradient":""},"tablet":{"background-color":"var(--ast-global-color-4)","background-image":"","background-repeat":"repeat","background-position":"center center","background-size":"auto","background-attachment":"scroll","background-type":"","background-media":"","overlay-type":"","overlay-color":"","overlay-opacity":"","overlay-gradient":""},"mobile":{"background-color":"var(--ast-global-color-4)","background-image":"","background-repeat":"repeat","background-position":"center center","background-size":"auto","background-attachment":"scroll","background-type":"","background-media":"","overlay-type":"","overlay-color":"","overlay-opacity":"","overlay-gradient":""}},"footnotes":""},"categories":[275,560],"tags":[],"class_list":["post-12515","post","type-post","status-publish","format-standard","has-post-thumbnail","hentry","category-highlight-fr","category-thematic-priorities-fr"],"acf":[],"yoast_head":"<!-- This site is optimized with the Yoast SEO plugin v27.1.1 - https:\/\/yoast.com\/product\/yoast-seo-wordpress\/ -->\n<title>Violence envers les enfants - Defence for Children<\/title>\n<meta name=\"robots\" content=\"index, follow, max-snippet:-1, max-image-preview:large, max-video-preview:-1\" \/>\n<link rel=\"canonical\" href=\"https:\/\/defenceforchildren.org\/fr\/violence-against-children-2\/\" \/>\n<meta name=\"twitter:label1\" content=\"\u00c9crit par\" \/>\n\t<meta name=\"twitter:data1\" content=\"ycoadmin\" \/>\n\t<meta name=\"twitter:label2\" content=\"Dur\u00e9e de lecture estim\u00e9e\" \/>\n\t<meta name=\"twitter:data2\" content=\"3 minutes\" \/>\n<script type=\"application\/ld+json\" class=\"yoast-schema-graph\">{\"@context\":\"https:\/\/schema.org\",\"@graph\":[{\"@type\":\"Article\",\"@id\":\"https:\/\/defenceforchildren.org\/fr\/violence-against-children-2\/#article\",\"isPartOf\":{\"@id\":\"https:\/\/defenceforchildren.org\/fr\/violence-against-children-2\/\"},\"author\":{\"name\":\"ycoadmin\",\"@id\":\"https:\/\/defenceforchildren.org\/#\/schema\/person\/a9d958a22f8f3d64290397d92c550663\"},\"headline\":\"Violence envers les enfants\",\"datePublished\":\"2019-02-11T14:23:14+00:00\",\"dateModified\":\"2024-07-31T10:54:01+00:00\",\"mainEntityOfPage\":{\"@id\":\"https:\/\/defenceforchildren.org\/fr\/violence-against-children-2\/\"},\"wordCount\":556,\"publisher\":{\"@id\":\"https:\/\/defenceforchildren.org\/#organization\"},\"image\":{\"@id\":\"https:\/\/defenceforchildren.org\/fr\/violence-against-children-2\/#primaryimage\"},\"thumbnailUrl\":\"https:\/\/defenceforchildren.org\/wp-content\/uploads\/2023\/02\/photo16.jpg\",\"articleSection\":[\"Highlight @fr\",\"Priorit\u00e9s Th\u00e9matiques\"],\"inLanguage\":\"fr-FR\"},{\"@type\":\"WebPage\",\"@id\":\"https:\/\/defenceforchildren.org\/fr\/violence-against-children-2\/\",\"url\":\"https:\/\/defenceforchildren.org\/fr\/violence-against-children-2\/\",\"name\":\"Violence envers les enfants - Defence for Children\",\"isPartOf\":{\"@id\":\"https:\/\/defenceforchildren.org\/#website\"},\"primaryImageOfPage\":{\"@id\":\"https:\/\/defenceforchildren.org\/fr\/violence-against-children-2\/#primaryimage\"},\"image\":{\"@id\":\"https:\/\/defenceforchildren.org\/fr\/violence-against-children-2\/#primaryimage\"},\"thumbnailUrl\":\"https:\/\/defenceforchildren.org\/wp-content\/uploads\/2023\/02\/photo16.jpg\",\"datePublished\":\"2019-02-11T14:23:14+00:00\",\"dateModified\":\"2024-07-31T10:54:01+00:00\",\"breadcrumb\":{\"@id\":\"https:\/\/defenceforchildren.org\/fr\/violence-against-children-2\/#breadcrumb\"},\"inLanguage\":\"fr-FR\",\"potentialAction\":[{\"@type\":\"ReadAction\",\"target\":[\"https:\/\/defenceforchildren.org\/fr\/violence-against-children-2\/\"]}]},{\"@type\":\"ImageObject\",\"inLanguage\":\"fr-FR\",\"@id\":\"https:\/\/defenceforchildren.org\/fr\/violence-against-children-2\/#primaryimage\",\"url\":\"https:\/\/defenceforchildren.org\/wp-content\/uploads\/2023\/02\/photo16.jpg\",\"contentUrl\":\"https:\/\/defenceforchildren.org\/wp-content\/uploads\/2023\/02\/photo16.jpg\",\"width\":2560,\"height\":1702},{\"@type\":\"BreadcrumbList\",\"@id\":\"https:\/\/defenceforchildren.org\/fr\/violence-against-children-2\/#breadcrumb\",\"itemListElement\":[{\"@type\":\"ListItem\",\"position\":1,\"name\":\"Accueil\",\"item\":\"https:\/\/defenceforchildren.org\/fr\/homepage-v2\/\"},{\"@type\":\"ListItem\",\"position\":2,\"name\":\"Violence envers les enfants\"}]},{\"@type\":\"WebSite\",\"@id\":\"https:\/\/defenceforchildren.org\/#website\",\"url\":\"https:\/\/defenceforchildren.org\/\",\"name\":\"Defence for Children\",\"description\":\"\",\"publisher\":{\"@id\":\"https:\/\/defenceforchildren.org\/#organization\"},\"potentialAction\":[{\"@type\":\"SearchAction\",\"target\":{\"@type\":\"EntryPoint\",\"urlTemplate\":\"https:\/\/defenceforchildren.org\/?s={search_term_string}\"},\"query-input\":{\"@type\":\"PropertyValueSpecification\",\"valueRequired\":true,\"valueName\":\"search_term_string\"}}],\"inLanguage\":\"fr-FR\"},{\"@type\":\"Organization\",\"@id\":\"https:\/\/defenceforchildren.org\/#organization\",\"name\":\"Defence for Children\",\"url\":\"https:\/\/defenceforchildren.org\/\",\"logo\":{\"@type\":\"ImageObject\",\"inLanguage\":\"fr-FR\",\"@id\":\"https:\/\/defenceforchildren.org\/#\/schema\/logo\/image\/\",\"url\":\"https:\/\/defenceforchildren.org\/wp-content\/uploads\/2020\/07\/cropped-INT.-SEC-EN-claim.jpg\",\"contentUrl\":\"https:\/\/defenceforchildren.org\/wp-content\/uploads\/2020\/07\/cropped-INT.-SEC-EN-claim.jpg\",\"width\":1431,\"height\":449,\"caption\":\"Defence for Children\"},\"image\":{\"@id\":\"https:\/\/defenceforchildren.org\/#\/schema\/logo\/image\/\"},\"sameAs\":[\"https:\/\/fr.wikipedia.org\/wiki\/Defence_for_Children_International\"]},{\"@type\":\"Person\",\"@id\":\"https:\/\/defenceforchildren.org\/#\/schema\/person\/a9d958a22f8f3d64290397d92c550663\",\"name\":\"ycoadmin\",\"image\":{\"@type\":\"ImageObject\",\"inLanguage\":\"fr-FR\",\"@id\":\"https:\/\/defenceforchildren.org\/#\/schema\/person\/image\/\",\"url\":\"https:\/\/secure.gravatar.com\/avatar\/b760e49550e45b6f3790a71b76ddba4f1fa44712626e8d6c4404e84ae57c9c3a?s=96&d=mm&r=g\",\"contentUrl\":\"https:\/\/secure.gravatar.com\/avatar\/b760e49550e45b6f3790a71b76ddba4f1fa44712626e8d6c4404e84ae57c9c3a?s=96&d=mm&r=g\",\"caption\":\"ycoadmin\"},\"url\":\"https:\/\/defenceforchildren.org\/fr\/author\/ycoadmin\/\"}]}<\/script>\n<!-- \/ Yoast SEO plugin. -->","yoast_head_json":{"title":"Violence envers les enfants - Defence for Children","robots":{"index":"index","follow":"follow","max-snippet":"max-snippet:-1","max-image-preview":"max-image-preview:large","max-video-preview":"max-video-preview:-1"},"canonical":"https:\/\/defenceforchildren.org\/fr\/violence-against-children-2\/","twitter_misc":{"\u00c9crit par":"ycoadmin","Dur\u00e9e de lecture estim\u00e9e":"3 minutes"},"schema":{"@context":"https:\/\/schema.org","@graph":[{"@type":"Article","@id":"https:\/\/defenceforchildren.org\/fr\/violence-against-children-2\/#article","isPartOf":{"@id":"https:\/\/defenceforchildren.org\/fr\/violence-against-children-2\/"},"author":{"name":"ycoadmin","@id":"https:\/\/defenceforchildren.org\/#\/schema\/person\/a9d958a22f8f3d64290397d92c550663"},"headline":"Violence envers les enfants","datePublished":"2019-02-11T14:23:14+00:00","dateModified":"2024-07-31T10:54:01+00:00","mainEntityOfPage":{"@id":"https:\/\/defenceforchildren.org\/fr\/violence-against-children-2\/"},"wordCount":556,"publisher":{"@id":"https:\/\/defenceforchildren.org\/#organization"},"image":{"@id":"https:\/\/defenceforchildren.org\/fr\/violence-against-children-2\/#primaryimage"},"thumbnailUrl":"https:\/\/defenceforchildren.org\/wp-content\/uploads\/2023\/02\/photo16.jpg","articleSection":["Highlight @fr","Priorit\u00e9s Th\u00e9matiques"],"inLanguage":"fr-FR"},{"@type":"WebPage","@id":"https:\/\/defenceforchildren.org\/fr\/violence-against-children-2\/","url":"https:\/\/defenceforchildren.org\/fr\/violence-against-children-2\/","name":"Violence envers les enfants - Defence for Children","isPartOf":{"@id":"https:\/\/defenceforchildren.org\/#website"},"primaryImageOfPage":{"@id":"https:\/\/defenceforchildren.org\/fr\/violence-against-children-2\/#primaryimage"},"image":{"@id":"https:\/\/defenceforchildren.org\/fr\/violence-against-children-2\/#primaryimage"},"thumbnailUrl":"https:\/\/defenceforchildren.org\/wp-content\/uploads\/2023\/02\/photo16.jpg","datePublished":"2019-02-11T14:23:14+00:00","dateModified":"2024-07-31T10:54:01+00:00","breadcrumb":{"@id":"https:\/\/defenceforchildren.org\/fr\/violence-against-children-2\/#breadcrumb"},"inLanguage":"fr-FR","potentialAction":[{"@type":"ReadAction","target":["https:\/\/defenceforchildren.org\/fr\/violence-against-children-2\/"]}]},{"@type":"ImageObject","inLanguage":"fr-FR","@id":"https:\/\/defenceforchildren.org\/fr\/violence-against-children-2\/#primaryimage","url":"https:\/\/defenceforchildren.org\/wp-content\/uploads\/2023\/02\/photo16.jpg","contentUrl":"https:\/\/defenceforchildren.org\/wp-content\/uploads\/2023\/02\/photo16.jpg","width":2560,"height":1702},{"@type":"BreadcrumbList","@id":"https:\/\/defenceforchildren.org\/fr\/violence-against-children-2\/#breadcrumb","itemListElement":[{"@type":"ListItem","position":1,"name":"Accueil","item":"https:\/\/defenceforchildren.org\/fr\/homepage-v2\/"},{"@type":"ListItem","position":2,"name":"Violence envers les enfants"}]},{"@type":"WebSite","@id":"https:\/\/defenceforchildren.org\/#website","url":"https:\/\/defenceforchildren.org\/","name":"Defence for Children","description":"","publisher":{"@id":"https:\/\/defenceforchildren.org\/#organization"},"potentialAction":[{"@type":"SearchAction","target":{"@type":"EntryPoint","urlTemplate":"https:\/\/defenceforchildren.org\/?s={search_term_string}"},"query-input":{"@type":"PropertyValueSpecification","valueRequired":true,"valueName":"search_term_string"}}],"inLanguage":"fr-FR"},{"@type":"Organization","@id":"https:\/\/defenceforchildren.org\/#organization","name":"Defence for Children","url":"https:\/\/defenceforchildren.org\/","logo":{"@type":"ImageObject","inLanguage":"fr-FR","@id":"https:\/\/defenceforchildren.org\/#\/schema\/logo\/image\/","url":"https:\/\/defenceforchildren.org\/wp-content\/uploads\/2020\/07\/cropped-INT.-SEC-EN-claim.jpg","contentUrl":"https:\/\/defenceforchildren.org\/wp-content\/uploads\/2020\/07\/cropped-INT.-SEC-EN-claim.jpg","width":1431,"height":449,"caption":"Defence for Children"},"image":{"@id":"https:\/\/defenceforchildren.org\/#\/schema\/logo\/image\/"},"sameAs":["https:\/\/fr.wikipedia.org\/wiki\/Defence_for_Children_International"]},{"@type":"Person","@id":"https:\/\/defenceforchildren.org\/#\/schema\/person\/a9d958a22f8f3d64290397d92c550663","name":"ycoadmin","image":{"@type":"ImageObject","inLanguage":"fr-FR","@id":"https:\/\/defenceforchildren.org\/#\/schema\/person\/image\/","url":"https:\/\/secure.gravatar.com\/avatar\/b760e49550e45b6f3790a71b76ddba4f1fa44712626e8d6c4404e84ae57c9c3a?s=96&d=mm&r=g","contentUrl":"https:\/\/secure.gravatar.com\/avatar\/b760e49550e45b6f3790a71b76ddba4f1fa44712626e8d6c4404e84ae57c9c3a?s=96&d=mm&r=g","caption":"ycoadmin"},"url":"https:\/\/defenceforchildren.org\/fr\/author\/ycoadmin\/"}]}},"_links":{"self":[{"href":"https:\/\/defenceforchildren.org\/fr\/wp-json\/wp\/v2\/posts\/12515","targetHints":{"allow":["GET"]}}],"collection":[{"href":"https:\/\/defenceforchildren.org\/fr\/wp-json\/wp\/v2\/posts"}],"about":[{"href":"https:\/\/defenceforchildren.org\/fr\/wp-json\/wp\/v2\/types\/post"}],"author":[{"embeddable":true,"href":"https:\/\/defenceforchildren.org\/fr\/wp-json\/wp\/v2\/users\/1"}],"replies":[{"embeddable":true,"href":"https:\/\/defenceforchildren.org\/fr\/wp-json\/wp\/v2\/comments?post=12515"}],"version-history":[{"count":0,"href":"https:\/\/defenceforchildren.org\/fr\/wp-json\/wp\/v2\/posts\/12515\/revisions"}],"wp:featuredmedia":[{"embeddable":true,"href":"https:\/\/defenceforchildren.org\/fr\/wp-json\/wp\/v2\/media\/22649"}],"wp:attachment":[{"href":"https:\/\/defenceforchildren.org\/fr\/wp-json\/wp\/v2\/media?parent=12515"}],"wp:term":[{"taxonomy":"category","embeddable":true,"href":"https:\/\/defenceforchildren.org\/fr\/wp-json\/wp\/v2\/categories?post=12515"},{"taxonomy":"post_tag","embeddable":true,"href":"https:\/\/defenceforchildren.org\/fr\/wp-json\/wp\/v2\/tags?post=12515"}],"curies":[{"name":"wp","href":"https:\/\/api.w.org\/{rel}","templated":true}]}}