{"id":22894,"date":"2023-02-27T16:27:43","date_gmt":"2023-02-27T15:27:43","guid":{"rendered":"https:\/\/defenceforchildren.org\/es\/?p=22894"},"modified":"2026-06-15T11:40:01","modified_gmt":"2026-06-15T10:40:01","slug":"justicia-para-las-nna","status":"publish","type":"post","link":"https:\/\/defenceforchildren.org\/es\/justicia-para-las-nna\/","title":{"rendered":"Justicia para las NNA"},"content":{"rendered":"\t\t<div data-elementor-type=\"wp-post\" data-elementor-id=\"22894\" class=\"elementor elementor-22894\" data-elementor-post-type=\"post\">\n\t\t\t\t\t\t<section class=\"elementor-section elementor-top-section elementor-element elementor-element-81b51a7 elementor-section-boxed elementor-section-height-default elementor-section-height-default\" data-id=\"81b51a7\" data-element_type=\"section\" data-e-type=\"section\">\n\t\t\t\t\t\t<div class=\"elementor-container elementor-column-gap-default\">\n\t\t\t\t\t<div class=\"elementor-column elementor-col-100 elementor-top-column elementor-element elementor-element-dd3dd5e\" data-id=\"dd3dd5e\" data-element_type=\"column\" data-e-type=\"column\">\n\t\t\t<div class=\"elementor-widget-wrap elementor-element-populated\">\n\t\t\t\t\t\t<div class=\"elementor-element elementor-element-1060229 elementor-widget elementor-widget-image\" data-id=\"1060229\" data-element_type=\"widget\" data-e-type=\"widget\" data-widget_type=\"image.default\">\n\t\t\t\t<div class=\"elementor-widget-container\">\n\t\t\t\t\t\t\t\t\t\t\t\t\t\t\t<img fetchpriority=\"high\" decoding=\"async\" width=\"2048\" height=\"1069\" src=\"https:\/\/defenceforchildren.org\/wp-content\/uploads\/2022\/12\/Sierra-Leone-13-scaled-3-e1676547014411-2048x1069.jpg\" class=\"attachment-2048x2048 size-2048x2048 wp-image-22085\" alt=\"\" srcset=\"https:\/\/defenceforchildren.org\/wp-content\/uploads\/2022\/12\/Sierra-Leone-13-scaled-3-e1676547014411-2048x1069.jpg 2048w, https:\/\/defenceforchildren.org\/wp-content\/uploads\/2022\/12\/Sierra-Leone-13-scaled-3-e1676547014411-750x392.jpg 750w, https:\/\/defenceforchildren.org\/wp-content\/uploads\/2022\/12\/Sierra-Leone-13-scaled-3-e1676547014411-1024x535.jpg 1024w, https:\/\/defenceforchildren.org\/wp-content\/uploads\/2022\/12\/Sierra-Leone-13-scaled-3-e1676547014411-768x401.jpg 768w, https:\/\/defenceforchildren.org\/wp-content\/uploads\/2022\/12\/Sierra-Leone-13-scaled-3-e1676547014411-1536x802.jpg 1536w\" sizes=\"(max-width: 2048px) 100vw, 2048px\" \/>\t\t\t\t\t\t\t\t\t\t\t\t\t\t\t<\/div>\n\t\t\t\t<\/div>\n\t\t\t\t<div class=\"elementor-element elementor-element-1c63bba elementor-align-center elementor-widget elementor-widget-button\" data-id=\"1c63bba\" data-element_type=\"widget\" data-e-type=\"widget\" data-widget_type=\"button.default\">\n\t\t\t\t<div class=\"elementor-widget-container\">\n\t\t\t\t\t\t\t\t\t<div class=\"elementor-button-wrapper\">\n\t\t\t\t\t<a class=\"elementor-button elementor-size-sm\" role=\"button\">\n\t\t\t\t\t\t<span class=\"elementor-button-content-wrapper\">\n\t\t\t\t\t\t\t\t\t<span class=\"elementor-button-text\">Justicia para las NNA<\/span>\n\t\t\t\t\t<\/span>\n\t\t\t\t\t<\/a>\n\t\t\t\t<\/div>\n\t\t\t\t\t\t\t\t<\/div>\n\t\t\t\t<\/div>\n\t\t\t\t\t<\/div>\n\t\t<\/div>\n\t\t\t\t\t<\/div>\n\t\t<\/section>\n\t\t\t\t<section class=\"elementor-section elementor-top-section elementor-element elementor-element-a194997 elementor-section-boxed elementor-section-height-default elementor-section-height-default\" data-id=\"a194997\" data-element_type=\"section\" data-e-type=\"section\">\n\t\t\t\t\t\t<div class=\"elementor-container elementor-column-gap-default\">\n\t\t\t\t\t<div class=\"elementor-column elementor-col-50 elementor-top-column elementor-element elementor-element-558315e\" data-id=\"558315e\" data-element_type=\"column\" data-e-type=\"column\">\n\t\t\t<div class=\"elementor-widget-wrap elementor-element-populated\">\n\t\t\t\t\t\t<div class=\"elementor-element elementor-element-0d2747f elementor-widget elementor-widget-text-editor\" data-id=\"0d2747f\" data-element_type=\"widget\" data-e-type=\"widget\" data-widget_type=\"text-editor.default\">\n\t\t\t\t<div class=\"elementor-widget-container\">\n\t\t\t\t\t\t\t\t\t<p><strong>La justicia para las ni\u00f1as, ni\u00f1os y adolescentes NNA sigue siendo la prioridad tem\u00e1tica general del Movimiento DNI.<\/strong>\u00a0A trav\u00e9s de su constante trabajo durante las \u00faltimas cuatro d\u00e9cadas \u2013 desde la participaci\u00f3n en la redacci\u00f3n de las Reglas M\u00ednimas de las Naciones Unidas para la Administraci\u00f3n de la Justicia de Menores-<strong><a href=\"http:\/\/www.cidh.org\/ninez\/pdf%20files\/Reglas%20de%20Beijing.pdf\">Reglas de Beijing (1985<\/a><\/strong>), hasta\u00a0la coordinaci\u00f3n del panel de ONG para el<strong>\u00a0Estudio Mundial de las Naciones Unidas sobre los Ni\u00f1os Privados de Libertad <\/strong>(<strong>GSCDL,<\/strong> por sus siglas en ingl\u00e9s).\u00a0<\/p><p>Los objetivos a largo plazo de DNI, tal y como se establecen en nuestro\u00a0<a href=\"https:\/\/defenceforchildren.org\/wp-content\/uploads\/2023\/02\/ES_Strategic-Framework-adopted.pdf\" target=\"_blank\" rel=\"noopener\"><strong>Marco Estrat\u00e9gico<\/strong><\/a>, se centran en <strong>garantizar que los derechos de los NNA no s\u00f3lo se reconozcan a nivel internacional y nacional, sino que se establezcan sistemas de justicia nacionales adaptados a los ni\u00f1os, ni\u00f1as y adolescentes<\/strong>, guiados por los principios consagrados en la\u00a0<strong>Convenci\u00f3n de las Naciones Unidas sobre los Derechos del Ni\u00f1o (CDN)<\/strong>\u00a0y todas las dem\u00e1s normas y est\u00e1ndares internacionales, regionales y nacionales pertinentes.<\/p><p>Cuando se trata de la justicia para los (NNA), <strong>DNI trabaja en ambas caras de la moneda, proporcionando apoyo y orientaci\u00f3n a los NNA cuyos derechos han sido\/est\u00e1n siendo vulnerados y a los NNA en contacto directo con la ley.\u00a0<\/strong>\u00a0 Sin embargo, la definici\u00f3n de DNI de \u201cJusticia para los ni\u00f1os, ni\u00f1as y adolescentes\u201d va mucho m\u00e1s all\u00e1 de la justicia infantil: desde el desarrollo de sistemas de protecci\u00f3n de los NNA, hasta <strong>proyectos de prevenci\u00f3n, rehabilitaci\u00f3n y empoderamiento para los NNA v\u00edctimas de violencia,<\/strong> <strong>as\u00ed como la lucha contra la discriminaci\u00f3n de g\u00e9nero, el empoderamiento de los NNA como actores y protagonistas en la defensa de sus derechos.<\/strong><\/p>\t\t\t\t\t\t\t\t<\/div>\n\t\t\t\t<\/div>\n\t\t\t\t<div class=\"elementor-element elementor-element-ee65676 elementor-widget elementor-widget-image\" data-id=\"ee65676\" data-element_type=\"widget\" data-e-type=\"widget\" data-widget_type=\"image.default\">\n\t\t\t\t<div class=\"elementor-widget-container\">\n\t\t\t\t\t\t\t\t\t\t\t\t\t\t\t<img decoding=\"async\" width=\"1024\" height=\"683\" src=\"https:\/\/defenceforchildren.org\/wp-content\/uploads\/2023\/02\/1-10-1024x683.jpg\" class=\"attachment-large size-large wp-image-22655\" alt=\"\" srcset=\"https:\/\/defenceforchildren.org\/wp-content\/uploads\/2023\/02\/1-10-1024x683.jpg 1024w, https:\/\/defenceforchildren.org\/wp-content\/uploads\/2023\/02\/1-10-750x501.jpg 750w, https:\/\/defenceforchildren.org\/wp-content\/uploads\/2023\/02\/1-10-768x513.jpg 768w, https:\/\/defenceforchildren.org\/wp-content\/uploads\/2023\/02\/1-10-1536x1025.jpg 1536w, https:\/\/defenceforchildren.org\/wp-content\/uploads\/2023\/02\/1-10-2048x1367.jpg 2048w\" sizes=\"(max-width: 1024px) 100vw, 1024px\" \/>\t\t\t\t\t\t\t\t\t\t\t\t\t\t\t<\/div>\n\t\t\t\t<\/div>\n\t\t\t\t\t<\/div>\n\t\t<\/div>\n\t\t\t\t<div class=\"elementor-column elementor-col-50 elementor-top-column elementor-element elementor-element-973594e\" data-id=\"973594e\" data-element_type=\"column\" data-e-type=\"column\">\n\t\t\t<div class=\"elementor-widget-wrap elementor-element-populated\">\n\t\t\t\t\t\t<div class=\"elementor-element elementor-element-c842636 elementor-widget elementor-widget-image\" data-id=\"c842636\" data-element_type=\"widget\" data-e-type=\"widget\" data-widget_type=\"image.default\">\n\t\t\t\t<div class=\"elementor-widget-container\">\n\t\t\t\t\t\t\t\t\t\t\t\t\t\t\t<img decoding=\"async\" width=\"410\" height=\"1024\" src=\"https:\/\/defenceforchildren.org\/wp-content\/uploads\/2023\/02\/Justicia-para-las-NNA-1-410x1024.png\" class=\"attachment-large size-large wp-image-31989\" alt=\"\" srcset=\"https:\/\/defenceforchildren.org\/wp-content\/uploads\/2023\/02\/Justicia-para-las-NNA-1-410x1024.png 410w, https:\/\/defenceforchildren.org\/wp-content\/uploads\/2023\/02\/Justicia-para-las-NNA-1-300x750.png 300w, https:\/\/defenceforchildren.org\/wp-content\/uploads\/2023\/02\/Justicia-para-las-NNA-1-768x1920.png 768w, https:\/\/defenceforchildren.org\/wp-content\/uploads\/2023\/02\/Justicia-para-las-NNA-1.png 800w\" sizes=\"(max-width: 410px) 100vw, 410px\" \/>\t\t\t\t\t\t\t\t\t\t\t\t\t\t\t<\/div>\n\t\t\t\t<\/div>\n\t\t\t\t\t<\/div>\n\t\t<\/div>\n\t\t\t\t\t<\/div>\n\t\t<\/section>\n\t\t\t\t<section class=\"elementor-section elementor-top-section elementor-element elementor-element-0eb2fa1 elementor-section-boxed elementor-section-height-default elementor-section-height-default\" data-id=\"0eb2fa1\" data-element_type=\"section\" data-e-type=\"section\">\n\t\t\t\t\t\t<div class=\"elementor-container elementor-column-gap-default\">\n\t\t\t\t\t<div class=\"elementor-column elementor-col-100 elementor-top-column elementor-element elementor-element-5e56d53\" data-id=\"5e56d53\" data-element_type=\"column\" data-e-type=\"column\">\n\t\t\t<div class=\"elementor-widget-wrap elementor-element-populated\">\n\t\t\t\t\t\t<div class=\"elementor-element elementor-element-18665a9 elementor-widget elementor-widget-spacer\" data-id=\"18665a9\" data-element_type=\"widget\" data-e-type=\"widget\" data-widget_type=\"spacer.default\">\n\t\t\t\t<div class=\"elementor-widget-container\">\n\t\t\t\t\t\t\t<div class=\"elementor-spacer\">\n\t\t\t<div class=\"elementor-spacer-inner\"><\/div>\n\t\t<\/div>\n\t\t\t\t\t\t<\/div>\n\t\t\t\t<\/div>\n\t\t\t\t\t<\/div>\n\t\t<\/div>\n\t\t\t\t\t<\/div>\n\t\t<\/section>\n\t\t\t\t<section class=\"elementor-section elementor-top-section elementor-element elementor-element-7ee8fab elementor-section-boxed elementor-section-height-default elementor-section-height-default\" data-id=\"7ee8fab\" data-element_type=\"section\" data-e-type=\"section\">\n\t\t\t\t\t\t<div class=\"elementor-container elementor-column-gap-default\">\n\t\t\t\t\t<div class=\"elementor-column elementor-col-50 elementor-top-column elementor-element elementor-element-72e067e\" data-id=\"72e067e\" data-element_type=\"column\" data-e-type=\"column\">\n\t\t\t<div class=\"elementor-widget-wrap elementor-element-populated\">\n\t\t\t\t\t\t<div class=\"elementor-element elementor-element-24f5f85 elementor-widget__width-initial elementor-widget elementor-widget-accordion\" data-id=\"24f5f85\" data-element_type=\"widget\" data-e-type=\"widget\" data-widget_type=\"accordion.default\">\n\t\t\t\t<div class=\"elementor-widget-container\">\n\t\t\t\t\t\t\t<div class=\"elementor-accordion\">\n\t\t\t\t\t\t\t<div class=\"elementor-accordion-item\">\n\t\t\t\t\t<div id=\"elementor-tab-title-3871\" class=\"elementor-tab-title\" data-tab=\"1\" role=\"button\" aria-controls=\"elementor-tab-content-3871\" aria-expanded=\"false\">\n\t\t\t\t\t\t\t\t\t\t\t\t\t<span class=\"elementor-accordion-icon elementor-accordion-icon-left\" aria-hidden=\"true\">\n\t\t\t\t\t\t\t\t\t\t\t\t\t\t\t<span class=\"elementor-accordion-icon-closed\"><i class=\"fas fa-plus\"><\/i><\/span>\n\t\t\t\t\t\t\t\t<span class=\"elementor-accordion-icon-opened\"><i class=\"fas fa-minus\"><\/i><\/span>\n\t\t\t\t\t\t\t\t\t\t\t\t\t\t<\/span>\n\t\t\t\t\t\t\t\t\t\t\t\t<a class=\"elementor-accordion-title\" tabindex=\"0\">Nuestro rol<\/a>\n\t\t\t\t\t<\/div>\n\t\t\t\t\t<div id=\"elementor-tab-content-3871\" class=\"elementor-tab-content elementor-clearfix\" data-tab=\"1\" role=\"region\" aria-labelledby=\"elementor-tab-title-3871\"><p>A trav\u00e9s de sus <strong>Secciones Nacionales<\/strong>, DNI descubri\u00f3 que los\u00a0<strong><a href=\"https:\/\/defenceforchildren.org\/es\/socio-legal-defence-centres\/\">Centros de Defensa Socio-Juridica<\/a><\/strong>\u00a0(SLDCs, por sus siglas en ingl\u00e9s) se muestran extremamente eficientes para dar a los NNA la oportunidad de acceder realmente a la justicia y obtener reparaciones. Los SLDCs <strong>promueven de manera proactiva y protegen reactivamente los derechos humanos de los NNA tal como codificados en la UNCRC<\/strong>. Los SLDCs proporcionan un acceso directo a la justicia para los NNA en conflicto con la ley, NNA v\u00edctimas y testigos, y adultos confrontados con violaciones de los derechos de los NNA. <strong>Estos servicios est\u00e1n tambi\u00e9n acompa\u00f1ados por los soportes sociales y legales correspondientes<\/strong>, de la forma siguiente: provisi\u00f3n de informaci\u00f3n, derivaci\u00f3n a otros proveedores de servicios, asesoramiento psicol\u00f3gico, y consejo y representaci\u00f3n legal gratuitos.<\/p><p>\u00a0<\/p><p>Adem\u00e1s de nuestras actividades nacionales, e<strong>l Secretariado Internacional de DNI aboga por los NNA y sus derechos dentro del sistema de justicia a nivel internacional.<\/strong> Junto con otros socios de la sociedad civil y expertos independientes, DNI contribuy\u00f3 a una\u00a0<a href=\"https:\/\/www.ohchr.org\/Documents\/HRBodies\/CRC\/GC24\/DCI.pdf\">presentaci\u00f3n conjunta (ingl\u00e9s)<\/a>\u00a0a la Observaci\u00f3n General 24 del Comit\u00e9 de los Derechos del Ni\u00f1o de la ONU (tambi\u00e9n conocida como la revisi\u00f3n de la Observaci\u00f3n General 10 sobre los derechos de los NNA en los sistemas de justicia de menores).\u00a0 En la presentaci\u00f3n se destac\u00f3 la importancia, entre otras prioridades, de la ratificaci\u00f3n de la Convenci\u00f3n contra la Tortura y Otros Tratos o Penas Crueles, Inhumanos o Degradantes y su Protocolo Facultativo, as\u00ed como <strong>el establecimiento de mecanismos nacionales de prevenci\u00f3n<\/strong>.<\/p><\/div>\n\t\t\t\t<\/div>\n\t\t\t\t\t\t\t\t<\/div>\n\t\t\t\t\t\t<\/div>\n\t\t\t\t<\/div>\n\t\t\t\t\t<\/div>\n\t\t<\/div>\n\t\t\t\t<div class=\"elementor-column elementor-col-50 elementor-top-column elementor-element elementor-element-65af766\" data-id=\"65af766\" data-element_type=\"column\" data-e-type=\"column\">\n\t\t\t<div class=\"elementor-widget-wrap elementor-element-populated\">\n\t\t\t\t\t\t<div class=\"elementor-element elementor-element-d386812 elementor-widget__width-initial elementor-widget elementor-widget-accordion\" data-id=\"d386812\" data-element_type=\"widget\" data-e-type=\"widget\" data-widget_type=\"accordion.default\">\n\t\t\t\t<div class=\"elementor-widget-container\">\n\t\t\t\t\t\t\t<div class=\"elementor-accordion\">\n\t\t\t\t\t\t\t<div class=\"elementor-accordion-item\">\n\t\t\t\t\t<div id=\"elementor-tab-title-2211\" class=\"elementor-tab-title\" data-tab=\"1\" role=\"button\" aria-controls=\"elementor-tab-content-2211\" aria-expanded=\"false\">\n\t\t\t\t\t\t\t\t\t\t\t\t\t<span class=\"elementor-accordion-icon elementor-accordion-icon-left\" aria-hidden=\"true\">\n\t\t\t\t\t\t\t\t\t\t\t\t\t\t\t<span class=\"elementor-accordion-icon-closed\"><i class=\"fas fa-plus\"><\/i><\/span>\n\t\t\t\t\t\t\t\t<span class=\"elementor-accordion-icon-opened\"><i class=\"fas fa-minus\"><\/i><\/span>\n\t\t\t\t\t\t\t\t\t\t\t\t\t\t<\/span>\n\t\t\t\t\t\t\t\t\t\t\t\t<a class=\"elementor-accordion-title\" tabindex=\"0\">Nuestro impacto<\/a>\n\t\t\t\t\t<\/div>\n\t\t\t\t\t<div id=\"elementor-tab-content-2211\" class=\"elementor-tab-content elementor-clearfix\" data-tab=\"1\" role=\"region\" aria-labelledby=\"elementor-tab-title-2211\"><p>A pesar de algunos progresos, <strong>muchos pa\u00edses carecen de informaci\u00f3n sobre las necesidades de los ni\u00f1os, ni\u00f1as y adolescentes en contacto con la ley.<\/strong>\u00a0 Los gobiernos a menudo no logran incorporar las normas existentes a su legislaci\u00f3n nacional y en consecuencia no proporcionan sistemas de justicia adaptados a los NNA, como consagra la Convenci\u00f3n de las Naciones Unidas sobre los Derechos del Ni\u00f1o (CDN). <strong>La protecci\u00f3n y el respeto de los derechos humanos de los NNA que participan en el sistema de justicia sigue siendo un importante desaf\u00edo<\/strong>.<strong>\u00a0<\/strong><\/p><p><strong>DNI es un miembro fundador activo del Grupo de Defensa de la Justicia para los Ni\u00f1os, Ni\u00f1as y Adolescentes <\/strong>(<strong>CJAG<\/strong>, por sus siglas en ingl\u00e9s). El grupo re\u00fane a las principales organizaciones no gubernamentales internacionales que trabajan en el \u00e1mbito de la justicia de menores: la Federaci\u00f3n Internacional Terre des Hommes, Reforma Penal Internacional (Penal Reform International, por sus siglas en ingl\u00e9s), Red de Informaci\u00f3n sobre los Derechos del Ni\u00f1o (Child Rights Information Network, por sus siglas en ingl\u00e9s), Red Internacional de Derechos del Ni\u00f1o (CRIN, por sus siglas en ingl\u00e9s), Organizaci\u00f3n Mundial contra la Tortura, Estudio de Justicia (Justice Studio, por sus siglas en ingl\u00e9s), Asociaci\u00f3n Internacional de Jueces y Magistrados de la Juventud y la Familia. En lo que respecta a los ni\u00f1os, ni\u00f1as y adolescentes reclutados por el Estado Isl\u00e1mico (EIIL, por sus siglas en ingl\u00e9s), CJAG pide a todas las autoridades que faciliten su rehabilitaci\u00f3n y recuperaci\u00f3n. El documento de posici\u00f3n de CJAG \u201c<strong><u><a href=\"https:\/\/defenceforchildren.org\/wp-content\/uploads\/2020\/01\/Position-paper.pdf\">Bringing Children Home<\/a><\/u><\/strong>\u201d hace hincapi\u00e9 en los derechos de los NNA, establecidos en la CDN y afirma que <strong>los NNA nunca deben ser criminalizados s\u00f3lo por su asociaci\u00f3n o pertenencia a un grupo terrorista.<\/strong><\/p><p>En colaboraci\u00f3n con el Grupo de Trabajo sobre Justicia: \u201c<a href=\"https:\/\/www.sdg16.plus\/\">Pathfinders for Peaceful, Just and Inclusive Societies<\/a>\u201d, el Representante Especial del Secretario General sobre la Violencia contra los Ni\u00f1os, Ni\u00f1as y Adolescentes, UNICEF y otros asociados de renombre mundial, DNI forma parte de la Iniciativa\u00a0<strong>Justicia para los Ni\u00f1os, Justicia para Todos (SDG16+<\/strong>, por sus siglas en ingl\u00e9s<b>)<\/b>, una iniciativa interinstitucional cuyo objetivo es no dejar atr\u00e1s a ning\u00fan NNA en el contexto de la consecuci\u00f3n de los SDG. Sin embargo, la iniciativa pone en relieve que los ni\u00f1os se est\u00e1n quedando atr\u00e1s en la consecuci\u00f3n de las SDG16 (sobre justicia).<\/p><p>En respuesta a los desaf\u00edos, se lanz\u00f3 un<strong>\u00a0<a href=\"https:\/\/defenceforchildren.org\/justice-for-children-call-to-action\/\">llamado mundial a la acci\u00f3n<\/a><\/strong>\u00a0en medio de la iniciativa\u00a0<a href=\"https:\/\/bf889554-6857-4cfe-8d55-8770007b8841.filesusr.com\/ugd\/6c192f_4226db2cdab740b3bbd4e1a70a4a2b7c.pdf\">\u201cJusticia para los ni\u00f1os y ni\u00f1as, justicia para todos: el desaf\u00edo de lograr el SDG16+\u201d.\u00a0<\/a> El Llamado a la Acci\u00f3n de Justicia para los NNA esboza una visi\u00f3n estrat\u00e9gica que promueve los derechos de los ni\u00f1os, ni\u00f1as y adolescentes y les permite alcanzar su pleno potencial como miembros activos de la sociedad. El Llamamiento a la Acci\u00f3n destaca los diez principales impedimentos cr\u00edticos de la justicia para los NNA y hace hincapi\u00e9 en la necesidad de un compromiso pol\u00edtico permanente.<\/p><p>Lea el\u00a0<a href=\"https:\/\/defenceforchildren.org\/es\/justice-for-children-call-to-action\/\">comunicado de prensa<\/a><\/p><\/div>\n\t\t\t\t<\/div>\n\t\t\t\t\t\t\t\t<\/div>\n\t\t\t\t\t\t<\/div>\n\t\t\t\t<\/div>\n\t\t\t\t\t<\/div>\n\t\t<\/div>\n\t\t\t\t\t<\/div>\n\t\t<\/section>\n\t\t\t\t<section class=\"elementor-section elementor-top-section elementor-element elementor-element-a4bb9d6 elementor-section-boxed elementor-section-height-default elementor-section-height-default\" data-id=\"a4bb9d6\" data-element_type=\"section\" data-e-type=\"section\">\n\t\t\t\t\t\t<div class=\"elementor-container elementor-column-gap-default\">\n\t\t\t\t\t<div class=\"elementor-column elementor-col-100 elementor-top-column elementor-element elementor-element-1889df5\" data-id=\"1889df5\" data-element_type=\"column\" data-e-type=\"column\">\n\t\t\t<div class=\"elementor-widget-wrap elementor-element-populated\">\n\t\t\t\t\t\t<div class=\"elementor-element elementor-element-f148d49 elementor-widget elementor-widget-spacer\" data-id=\"f148d49\" data-element_type=\"widget\" data-e-type=\"widget\" data-widget_type=\"spacer.default\">\n\t\t\t\t<div class=\"elementor-widget-container\">\n\t\t\t\t\t\t\t<div class=\"elementor-spacer\">\n\t\t\t<div class=\"elementor-spacer-inner\"><\/div>\n\t\t<\/div>\n\t\t\t\t\t\t<\/div>\n\t\t\t\t<\/div>\n\t\t\t\t\t<\/div>\n\t\t<\/div>\n\t\t\t\t\t<\/div>\n\t\t<\/section>\n\t\t\t\t<section class=\"elementor-section elementor-top-section elementor-element elementor-element-d69385e elementor-section-boxed elementor-section-height-default elementor-section-height-default\" data-id=\"d69385e\" data-element_type=\"section\" data-e-type=\"section\">\n\t\t\t\t\t\t<div class=\"elementor-container elementor-column-gap-default\">\n\t\t\t\t\t<div class=\"elementor-column elementor-col-100 elementor-top-column elementor-element elementor-element-4af2309\" data-id=\"4af2309\" data-element_type=\"column\" data-e-type=\"column\">\n\t\t\t<div class=\"elementor-widget-wrap elementor-element-populated\">\n\t\t\t\t\t\t<div class=\"elementor-element elementor-element-6cf65fe elementor-widget-laptop__width-initial elementor-widget elementor-widget-heading\" data-id=\"6cf65fe\" data-element_type=\"widget\" data-e-type=\"widget\" data-widget_type=\"heading.default\">\n\t\t\t\t<div class=\"elementor-widget-container\">\n\t\t\t\t\t<h2 class=\"elementor-heading-title elementor-size-default\">Centros de Defensa Socio-Jur\u00eddica (CDSJs)<\/h2>\t\t\t\t<\/div>\n\t\t\t\t<\/div>\n\t\t\t\t\t<\/div>\n\t\t<\/div>\n\t\t\t\t\t<\/div>\n\t\t<\/section>\n\t\t\t\t<section class=\"elementor-section elementor-top-section elementor-element elementor-element-cae1290 elementor-section-boxed elementor-section-height-default elementor-section-height-default\" data-id=\"cae1290\" data-element_type=\"section\" data-e-type=\"section\">\n\t\t\t\t\t\t<div class=\"elementor-container elementor-column-gap-default\">\n\t\t\t\t\t<div class=\"elementor-column elementor-col-50 elementor-top-column elementor-element elementor-element-d733839\" data-id=\"d733839\" data-element_type=\"column\" data-e-type=\"column\">\n\t\t\t<div class=\"elementor-widget-wrap elementor-element-populated\">\n\t\t\t\t\t\t<div class=\"elementor-element elementor-element-0a21982 elementor-widget elementor-widget-text-editor\" data-id=\"0a21982\" data-element_type=\"widget\" data-e-type=\"widget\" data-widget_type=\"text-editor.default\">\n\t\t\t\t<div class=\"elementor-widget-container\">\n\t\t\t\t\t\t\t\t\t<p>El trabajo de los <a href=\"https:\/\/defenceforchildren.org\/es\/socio-legal-defence-centres\/\"><strong>CDSJ<\/strong><\/a>\u00a0consiste en ofrecer activamente a las NNA en conflicto con la ley, a las NNA v\u00edctimas y testigos, as\u00ed como a los adultos que se enfrentan a violaciones de los derechos del ni\u00f1o, un\u00a0<strong>acceso directo a la justicia y el correspondiente apoyo socio-jur\u00eddico de calidad<\/strong>, incluyendo:<\/p><ul><li>suministro de informaci\u00f3n<\/li><li>derivaci\u00f3n a otros proveedores de servicios<\/li><li>asesoramiento psicosocial<\/li><li>asesoramiento y representaci\u00f3n jur\u00eddicos gratuitos, incluso ante los tribunales<\/li><\/ul><p>A trav\u00e9s de sus Secciones Nacionales en todo el mundo, DNI ha comprobado que los\u00a0<strong>Centros de Defensa Sociojur\u00eddica (CDSJ) son eficaces a la hora de proporcionar a los ni\u00f1os y ni\u00f1as la oportunidad de acceder de forma efectiva a la justicia y obtener reparaci\u00f3n.<\/strong><\/p>\t\t\t\t\t\t\t\t<\/div>\n\t\t\t\t<\/div>\n\t\t\t\t\t<\/div>\n\t\t<\/div>\n\t\t\t\t<div class=\"elementor-column elementor-col-50 elementor-top-column elementor-element elementor-element-3ec319c\" data-id=\"3ec319c\" data-element_type=\"column\" data-e-type=\"column\">\n\t\t\t<div class=\"elementor-widget-wrap elementor-element-populated\">\n\t\t\t\t\t\t<div class=\"elementor-element elementor-element-f9a1cd9 elementor-widget elementor-widget-image\" data-id=\"f9a1cd9\" data-element_type=\"widget\" data-e-type=\"widget\" data-widget_type=\"image.default\">\n\t\t\t\t<div class=\"elementor-widget-container\">\n\t\t\t\t\t\t\t\t\t\t\t\t\t\t\t<img loading=\"lazy\" decoding=\"async\" width=\"960\" height=\"819\" src=\"https:\/\/defenceforchildren.org\/wp-content\/uploads\/2023\/02\/SLDC-Lebanon-1-cropped.png\" class=\"attachment-2048x2048 size-2048x2048 wp-image-23807\" alt=\"\" srcset=\"https:\/\/defenceforchildren.org\/wp-content\/uploads\/2023\/02\/SLDC-Lebanon-1-cropped.png 960w, https:\/\/defenceforchildren.org\/wp-content\/uploads\/2023\/02\/SLDC-Lebanon-1-cropped-750x640.png 750w, https:\/\/defenceforchildren.org\/wp-content\/uploads\/2023\/02\/SLDC-Lebanon-1-cropped-768x655.png 768w\" sizes=\"(max-width: 960px) 100vw, 960px\" \/>\t\t\t\t\t\t\t\t\t\t\t\t\t\t\t<\/div>\n\t\t\t\t<\/div>\n\t\t\t\t\t<\/div>\n\t\t<\/div>\n\t\t\t\t\t<\/div>\n\t\t<\/section>\n\t\t\t\t<section class=\"elementor-section elementor-top-section elementor-element elementor-element-8d67584 elementor-section-boxed elementor-section-height-default elementor-section-height-default\" data-id=\"8d67584\" data-element_type=\"section\" data-e-type=\"section\">\n\t\t\t\t\t\t<div class=\"elementor-container elementor-column-gap-default\">\n\t\t\t\t\t<div class=\"elementor-column elementor-col-100 elementor-top-column elementor-element elementor-element-1dd2b94\" data-id=\"1dd2b94\" data-element_type=\"column\" data-e-type=\"column\">\n\t\t\t<div class=\"elementor-widget-wrap elementor-element-populated\">\n\t\t\t\t\t\t<div class=\"elementor-element elementor-element-6c4cbdf elementor-widget elementor-widget-spacer\" data-id=\"6c4cbdf\" data-element_type=\"widget\" data-e-type=\"widget\" data-widget_type=\"spacer.default\">\n\t\t\t\t<div class=\"elementor-widget-container\">\n\t\t\t\t\t\t\t<div class=\"elementor-spacer\">\n\t\t\t<div class=\"elementor-spacer-inner\"><\/div>\n\t\t<\/div>\n\t\t\t\t\t\t<\/div>\n\t\t\t\t<\/div>\n\t\t\t\t\t<\/div>\n\t\t<\/div>\n\t\t\t\t\t<\/div>\n\t\t<\/section>\n\t\t\t\t<\/div>\n\t\t","protected":false},"excerpt":{"rendered":"<p>Justicia para las NNA La justicia para las ni\u00f1as, ni\u00f1os y adolescentes NNA sigue siendo la prioridad tem\u00e1tica general del Movimiento DNI.\u00a0A trav\u00e9s de su constante trabajo durante las \u00faltimas cuatro d\u00e9cadas \u2013 desde la participaci\u00f3n en la redacci\u00f3n de las Reglas M\u00ednimas de las Naciones Unidas para la Administraci\u00f3n de la Justicia de Menores-Reglas [&hellip;]<\/p>\n","protected":false},"author":4,"featured_media":22072,"comment_status":"closed","ping_status":"open","sticky":false,"template":"","format":"standard","meta":{"_acf_changed":false,"give_campaign_id":0,"_monsterinsights_skip_tracking":false,"_monsterinsights_sitenote_active":false,"_monsterinsights_sitenote_note":"","_monsterinsights_sitenote_category":0,"site-sidebar-layout":"default","site-content-layout":"default","ast-site-content-layout":"default","site-content-style":"default","site-sidebar-style":"default","ast-global-header-display":"","ast-banner-title-visibility":"","ast-main-header-display":"disabled","ast-hfb-above-header-display":"","ast-hfb-below-header-display":"","ast-hfb-mobile-header-display":"","site-post-title":"disabled","ast-breadcrumbs-content":"","ast-featured-img":"disabled","footer-sml-layout":"disabled","ast-disable-related-posts":"","theme-transparent-header-meta":"default","adv-header-id-meta":"","stick-header-meta":"","header-above-stick-meta":"","header-main-stick-meta":"","header-below-stick-meta":"","astra-migrate-meta-layouts":"default","ast-page-background-enabled":"default","ast-page-background-meta":{"desktop":{"background-color":"var(--ast-global-color-5)","background-image":"","background-repeat":"repeat","background-position":"center center","background-size":"auto","background-attachment":"scroll","background-type":"","background-media":"","overlay-type":"","overlay-color":"","overlay-opacity":"","overlay-gradient":""},"tablet":{"background-color":"","background-image":"","background-repeat":"repeat","background-position":"center center","background-size":"auto","background-attachment":"scroll","background-type":"","background-media":"","overlay-type":"","overlay-color":"","overlay-opacity":"","overlay-gradient":""},"mobile":{"background-color":"","background-image":"","background-repeat":"repeat","background-position":"center center","background-size":"auto","background-attachment":"scroll","background-type":"","background-media":"","overlay-type":"","overlay-color":"","overlay-opacity":"","overlay-gradient":""}},"ast-content-background-meta":{"desktop":{"background-color":"var(--ast-global-color-4)","background-image":"","background-repeat":"repeat","background-position":"center center","background-size":"auto","background-attachment":"scroll","background-type":"","background-media":"","overlay-type":"","overlay-color":"","overlay-opacity":"","overlay-gradient":""},"tablet":{"background-color":"var(--ast-global-color-4)","background-image":"","background-repeat":"repeat","background-position":"center center","background-size":"auto","background-attachment":"scroll","background-type":"","background-media":"","overlay-type":"","overlay-color":"","overlay-opacity":"","overlay-gradient":""},"mobile":{"background-color":"var(--ast-global-color-4)","background-image":"","background-repeat":"repeat","background-position":"center center","background-size":"auto","background-attachment":"scroll","background-type":"","background-media":"","overlay-type":"","overlay-color":"","overlay-opacity":"","overlay-gradient":""}},"footnotes":""},"categories":[402,767],"tags":[],"class_list":["post-22894","post","type-post","status-publish","format-standard","has-post-thumbnail","hentry","category-highlight-es-es","category-prioridad-general"],"acf":[],"yoast_head":"<!-- This site is optimized with the Yoast SEO plugin v27.1.1 - https:\/\/yoast.com\/product\/yoast-seo-wordpress\/ -->\n<title>Justicia para las NNA - Defence for Children<\/title>\n<meta name=\"robots\" content=\"index, follow, max-snippet:-1, max-image-preview:large, max-video-preview:-1\" \/>\n<link rel=\"canonical\" href=\"https:\/\/defenceforchildren.org\/es\/justicia-para-las-nna\/\" \/>\n<meta name=\"twitter:label1\" content=\"Escrito por\" \/>\n\t<meta name=\"twitter:data1\" content=\"Defence for Children\" \/>\n\t<meta name=\"twitter:label2\" content=\"Tiempo de lectura\" \/>\n\t<meta name=\"twitter:data2\" content=\"6 minutos\" \/>\n<script type=\"application\/ld+json\" class=\"yoast-schema-graph\">{\"@context\":\"https:\/\/schema.org\",\"@graph\":[{\"@type\":\"Article\",\"@id\":\"https:\/\/defenceforchildren.org\/es\/justicia-para-las-nna\/#article\",\"isPartOf\":{\"@id\":\"https:\/\/defenceforchildren.org\/es\/justicia-para-las-nna\/\"},\"author\":{\"name\":\"Defence for Children\",\"@id\":\"https:\/\/defenceforchildren.org\/#\/schema\/person\/9541019ea0377bfc30e2cbbbb9adc5e9\"},\"headline\":\"Justicia para las NNA\",\"datePublished\":\"2023-02-27T15:27:43+00:00\",\"dateModified\":\"2026-06-15T10:40:01+00:00\",\"mainEntityOfPage\":{\"@id\":\"https:\/\/defenceforchildren.org\/es\/justicia-para-las-nna\/\"},\"wordCount\":1258,\"publisher\":{\"@id\":\"https:\/\/defenceforchildren.org\/#organization\"},\"image\":{\"@id\":\"https:\/\/defenceforchildren.org\/es\/justicia-para-las-nna\/#primaryimage\"},\"thumbnailUrl\":\"https:\/\/defenceforchildren.org\/wp-content\/uploads\/2022\/12\/Sierra-Leone-13-scaled-2.jpg\",\"articleSection\":[\"Highlight @es\",\"Prioridad general\"],\"inLanguage\":\"es\"},{\"@type\":\"WebPage\",\"@id\":\"https:\/\/defenceforchildren.org\/es\/justicia-para-las-nna\/\",\"url\":\"https:\/\/defenceforchildren.org\/es\/justicia-para-las-nna\/\",\"name\":\"Justicia para las NNA - Defence for Children\",\"isPartOf\":{\"@id\":\"https:\/\/defenceforchildren.org\/#website\"},\"primaryImageOfPage\":{\"@id\":\"https:\/\/defenceforchildren.org\/es\/justicia-para-las-nna\/#primaryimage\"},\"image\":{\"@id\":\"https:\/\/defenceforchildren.org\/es\/justicia-para-las-nna\/#primaryimage\"},\"thumbnailUrl\":\"https:\/\/defenceforchildren.org\/wp-content\/uploads\/2022\/12\/Sierra-Leone-13-scaled-2.jpg\",\"datePublished\":\"2023-02-27T15:27:43+00:00\",\"dateModified\":\"2026-06-15T10:40:01+00:00\",\"breadcrumb\":{\"@id\":\"https:\/\/defenceforchildren.org\/es\/justicia-para-las-nna\/#breadcrumb\"},\"inLanguage\":\"es\",\"potentialAction\":[{\"@type\":\"ReadAction\",\"target\":[\"https:\/\/defenceforchildren.org\/es\/justicia-para-las-nna\/\"]}]},{\"@type\":\"ImageObject\",\"inLanguage\":\"es\",\"@id\":\"https:\/\/defenceforchildren.org\/es\/justicia-para-las-nna\/#primaryimage\",\"url\":\"https:\/\/defenceforchildren.org\/wp-content\/uploads\/2022\/12\/Sierra-Leone-13-scaled-2.jpg\",\"contentUrl\":\"https:\/\/defenceforchildren.org\/wp-content\/uploads\/2022\/12\/Sierra-Leone-13-scaled-2.jpg\",\"width\":2560,\"height\":1492},{\"@type\":\"BreadcrumbList\",\"@id\":\"https:\/\/defenceforchildren.org\/es\/justicia-para-las-nna\/#breadcrumb\",\"itemListElement\":[{\"@type\":\"ListItem\",\"position\":1,\"name\":\"Inicio\",\"item\":\"https:\/\/defenceforchildren.org\/es\/\"},{\"@type\":\"ListItem\",\"position\":2,\"name\":\"Justicia para las NNA\"}]},{\"@type\":\"WebSite\",\"@id\":\"https:\/\/defenceforchildren.org\/#website\",\"url\":\"https:\/\/defenceforchildren.org\/\",\"name\":\"Defence for Children\",\"description\":\"\",\"publisher\":{\"@id\":\"https:\/\/defenceforchildren.org\/#organization\"},\"potentialAction\":[{\"@type\":\"SearchAction\",\"target\":{\"@type\":\"EntryPoint\",\"urlTemplate\":\"https:\/\/defenceforchildren.org\/?s={search_term_string}\"},\"query-input\":{\"@type\":\"PropertyValueSpecification\",\"valueRequired\":true,\"valueName\":\"search_term_string\"}}],\"inLanguage\":\"es\"},{\"@type\":\"Organization\",\"@id\":\"https:\/\/defenceforchildren.org\/#organization\",\"name\":\"Defence for Children\",\"url\":\"https:\/\/defenceforchildren.org\/\",\"logo\":{\"@type\":\"ImageObject\",\"inLanguage\":\"es\",\"@id\":\"https:\/\/defenceforchildren.org\/#\/schema\/logo\/image\/\",\"url\":\"https:\/\/defenceforchildren.org\/wp-content\/uploads\/2020\/07\/cropped-INT.-SEC-EN-claim.jpg\",\"contentUrl\":\"https:\/\/defenceforchildren.org\/wp-content\/uploads\/2020\/07\/cropped-INT.-SEC-EN-claim.jpg\",\"width\":1431,\"height\":449,\"caption\":\"Defence for Children\"},\"image\":{\"@id\":\"https:\/\/defenceforchildren.org\/#\/schema\/logo\/image\/\"},\"sameAs\":[\"https:\/\/fr.wikipedia.org\/wiki\/Defence_for_Children_International\"]},{\"@type\":\"Person\",\"@id\":\"https:\/\/defenceforchildren.org\/#\/schema\/person\/9541019ea0377bfc30e2cbbbb9adc5e9\",\"name\":\"Defence for Children\",\"image\":{\"@type\":\"ImageObject\",\"inLanguage\":\"es\",\"@id\":\"https:\/\/defenceforchildren.org\/#\/schema\/person\/image\/\",\"url\":\"https:\/\/secure.gravatar.com\/avatar\/10eb139d73f78549568375f543efd2ed773063735b6ea6a975066b2f03004b44?s=96&d=mm&r=g\",\"contentUrl\":\"https:\/\/secure.gravatar.com\/avatar\/10eb139d73f78549568375f543efd2ed773063735b6ea6a975066b2f03004b44?s=96&d=mm&r=g\",\"caption\":\"Defence for Children\"},\"url\":\"https:\/\/defenceforchildren.org\/es\/author\/defence4c\/\"}]}<\/script>\n<!-- \/ Yoast SEO plugin. -->","yoast_head_json":{"title":"Justicia para las NNA - Defence for Children","robots":{"index":"index","follow":"follow","max-snippet":"max-snippet:-1","max-image-preview":"max-image-preview:large","max-video-preview":"max-video-preview:-1"},"canonical":"https:\/\/defenceforchildren.org\/es\/justicia-para-las-nna\/","twitter_misc":{"Escrito por":"Defence for Children","Tiempo de lectura":"6 minutos"},"schema":{"@context":"https:\/\/schema.org","@graph":[{"@type":"Article","@id":"https:\/\/defenceforchildren.org\/es\/justicia-para-las-nna\/#article","isPartOf":{"@id":"https:\/\/defenceforchildren.org\/es\/justicia-para-las-nna\/"},"author":{"name":"Defence for Children","@id":"https:\/\/defenceforchildren.org\/#\/schema\/person\/9541019ea0377bfc30e2cbbbb9adc5e9"},"headline":"Justicia para las NNA","datePublished":"2023-02-27T15:27:43+00:00","dateModified":"2026-06-15T10:40:01+00:00","mainEntityOfPage":{"@id":"https:\/\/defenceforchildren.org\/es\/justicia-para-las-nna\/"},"wordCount":1258,"publisher":{"@id":"https:\/\/defenceforchildren.org\/#organization"},"image":{"@id":"https:\/\/defenceforchildren.org\/es\/justicia-para-las-nna\/#primaryimage"},"thumbnailUrl":"https:\/\/defenceforchildren.org\/wp-content\/uploads\/2022\/12\/Sierra-Leone-13-scaled-2.jpg","articleSection":["Highlight @es","Prioridad general"],"inLanguage":"es"},{"@type":"WebPage","@id":"https:\/\/defenceforchildren.org\/es\/justicia-para-las-nna\/","url":"https:\/\/defenceforchildren.org\/es\/justicia-para-las-nna\/","name":"Justicia para las NNA - Defence for Children","isPartOf":{"@id":"https:\/\/defenceforchildren.org\/#website"},"primaryImageOfPage":{"@id":"https:\/\/defenceforchildren.org\/es\/justicia-para-las-nna\/#primaryimage"},"image":{"@id":"https:\/\/defenceforchildren.org\/es\/justicia-para-las-nna\/#primaryimage"},"thumbnailUrl":"https:\/\/defenceforchildren.org\/wp-content\/uploads\/2022\/12\/Sierra-Leone-13-scaled-2.jpg","datePublished":"2023-02-27T15:27:43+00:00","dateModified":"2026-06-15T10:40:01+00:00","breadcrumb":{"@id":"https:\/\/defenceforchildren.org\/es\/justicia-para-las-nna\/#breadcrumb"},"inLanguage":"es","potentialAction":[{"@type":"ReadAction","target":["https:\/\/defenceforchildren.org\/es\/justicia-para-las-nna\/"]}]},{"@type":"ImageObject","inLanguage":"es","@id":"https:\/\/defenceforchildren.org\/es\/justicia-para-las-nna\/#primaryimage","url":"https:\/\/defenceforchildren.org\/wp-content\/uploads\/2022\/12\/Sierra-Leone-13-scaled-2.jpg","contentUrl":"https:\/\/defenceforchildren.org\/wp-content\/uploads\/2022\/12\/Sierra-Leone-13-scaled-2.jpg","width":2560,"height":1492},{"@type":"BreadcrumbList","@id":"https:\/\/defenceforchildren.org\/es\/justicia-para-las-nna\/#breadcrumb","itemListElement":[{"@type":"ListItem","position":1,"name":"Inicio","item":"https:\/\/defenceforchildren.org\/es\/"},{"@type":"ListItem","position":2,"name":"Justicia para las NNA"}]},{"@type":"WebSite","@id":"https:\/\/defenceforchildren.org\/#website","url":"https:\/\/defenceforchildren.org\/","name":"Defence for Children","description":"","publisher":{"@id":"https:\/\/defenceforchildren.org\/#organization"},"potentialAction":[{"@type":"SearchAction","target":{"@type":"EntryPoint","urlTemplate":"https:\/\/defenceforchildren.org\/?s={search_term_string}"},"query-input":{"@type":"PropertyValueSpecification","valueRequired":true,"valueName":"search_term_string"}}],"inLanguage":"es"},{"@type":"Organization","@id":"https:\/\/defenceforchildren.org\/#organization","name":"Defence for Children","url":"https:\/\/defenceforchildren.org\/","logo":{"@type":"ImageObject","inLanguage":"es","@id":"https:\/\/defenceforchildren.org\/#\/schema\/logo\/image\/","url":"https:\/\/defenceforchildren.org\/wp-content\/uploads\/2020\/07\/cropped-INT.-SEC-EN-claim.jpg","contentUrl":"https:\/\/defenceforchildren.org\/wp-content\/uploads\/2020\/07\/cropped-INT.-SEC-EN-claim.jpg","width":1431,"height":449,"caption":"Defence for Children"},"image":{"@id":"https:\/\/defenceforchildren.org\/#\/schema\/logo\/image\/"},"sameAs":["https:\/\/fr.wikipedia.org\/wiki\/Defence_for_Children_International"]},{"@type":"Person","@id":"https:\/\/defenceforchildren.org\/#\/schema\/person\/9541019ea0377bfc30e2cbbbb9adc5e9","name":"Defence for Children","image":{"@type":"ImageObject","inLanguage":"es","@id":"https:\/\/defenceforchildren.org\/#\/schema\/person\/image\/","url":"https:\/\/secure.gravatar.com\/avatar\/10eb139d73f78549568375f543efd2ed773063735b6ea6a975066b2f03004b44?s=96&d=mm&r=g","contentUrl":"https:\/\/secure.gravatar.com\/avatar\/10eb139d73f78549568375f543efd2ed773063735b6ea6a975066b2f03004b44?s=96&d=mm&r=g","caption":"Defence for Children"},"url":"https:\/\/defenceforchildren.org\/es\/author\/defence4c\/"}]}},"_links":{"self":[{"href":"https:\/\/defenceforchildren.org\/es\/wp-json\/wp\/v2\/posts\/22894","targetHints":{"allow":["GET"]}}],"collection":[{"href":"https:\/\/defenceforchildren.org\/es\/wp-json\/wp\/v2\/posts"}],"about":[{"href":"https:\/\/defenceforchildren.org\/es\/wp-json\/wp\/v2\/types\/post"}],"author":[{"embeddable":true,"href":"https:\/\/defenceforchildren.org\/es\/wp-json\/wp\/v2\/users\/4"}],"replies":[{"embeddable":true,"href":"https:\/\/defenceforchildren.org\/es\/wp-json\/wp\/v2\/comments?post=22894"}],"version-history":[{"count":0,"href":"https:\/\/defenceforchildren.org\/es\/wp-json\/wp\/v2\/posts\/22894\/revisions"}],"wp:featuredmedia":[{"embeddable":true,"href":"https:\/\/defenceforchildren.org\/es\/wp-json\/wp\/v2\/media\/22072"}],"wp:attachment":[{"href":"https:\/\/defenceforchildren.org\/es\/wp-json\/wp\/v2\/media?parent=22894"}],"wp:term":[{"taxonomy":"category","embeddable":true,"href":"https:\/\/defenceforchildren.org\/es\/wp-json\/wp\/v2\/categories?post=22894"},{"taxonomy":"post_tag","embeddable":true,"href":"https:\/\/defenceforchildren.org\/es\/wp-json\/wp\/v2\/tags?post=22894"}],"curies":[{"name":"wp","href":"https:\/\/api.w.org\/{rel}","templated":true}]}}