{"id":20554,"date":"2021-09-29T15:23:07","date_gmt":"2021-09-29T14:23:07","guid":{"rendered":"https:\/\/defenceforchildren.org\/es\/?p=20554"},"modified":"2021-10-04T15:01:52","modified_gmt":"2021-10-04T14:01:52","slug":"ninas-ninos-y-adolescentes-que-viven-con-sus-progenitores-en-prision","status":"publish","type":"post","link":"https:\/\/defenceforchildren.org\/es\/ninas-ninos-y-adolescentes-que-viven-con-sus-progenitores-en-prision\/","title":{"rendered":"Ni\u00f1as, ni\u00f1os y adolescentes que viven con sus progenitores en prisi\u00f3n"},"content":{"rendered":"\t\t<div data-elementor-type=\"wp-post\" data-elementor-id=\"20554\" class=\"elementor elementor-20554\" data-elementor-post-type=\"post\">\n\t\t\t\t\t\t<section class=\"elementor-section elementor-top-section elementor-element elementor-element-b02c8e8 elementor-section-boxed elementor-section-height-default elementor-section-height-default\" data-id=\"b02c8e8\" data-element_type=\"section\" data-e-type=\"section\">\n\t\t\t\t\t\t<div class=\"elementor-container elementor-column-gap-default\">\n\t\t\t\t\t<div class=\"elementor-column elementor-col-100 elementor-top-column elementor-element elementor-element-b7b1864\" data-id=\"b7b1864\" data-element_type=\"column\" data-e-type=\"column\">\n\t\t\t<div class=\"elementor-widget-wrap elementor-element-populated\">\n\t\t\t\t\t\t<div class=\"elementor-element elementor-element-b351205 elementor-widget elementor-widget-image\" data-id=\"b351205\" data-element_type=\"widget\" data-e-type=\"widget\" data-widget_type=\"image.default\">\n\t\t\t\t<div class=\"elementor-widget-container\">\n\t\t\t\t\t\t\t\t\t\t\t\t\t\t\t<img fetchpriority=\"high\" decoding=\"async\" width=\"750\" height=\"500\" src=\"https:\/\/defenceforchildren.org\/wp-content\/uploads\/2021\/09\/Children-living-with-parents-in-prisions-750x500.png\" class=\"attachment-medium size-medium wp-image-20550\" alt=\"\" srcset=\"https:\/\/defenceforchildren.org\/wp-content\/uploads\/2021\/09\/Children-living-with-parents-in-prisions-750x500.png 750w, https:\/\/defenceforchildren.org\/wp-content\/uploads\/2021\/09\/Children-living-with-parents-in-prisions-768x512.png 768w, https:\/\/defenceforchildren.org\/wp-content\/uploads\/2021\/09\/Children-living-with-parents-in-prisions.png 799w\" sizes=\"(max-width: 750px) 100vw, 750px\" \/>\t\t\t\t\t\t\t\t\t\t\t\t\t\t\t<\/div>\n\t\t\t\t<\/div>\n\t\t\t\t\t<\/div>\n\t\t<\/div>\n\t\t\t\t\t<\/div>\n\t\t<\/section>\n\t\t\t\t<section class=\"elementor-section elementor-top-section elementor-element elementor-element-c8c55ce elementor-section-boxed elementor-section-height-default elementor-section-height-default\" data-id=\"c8c55ce\" data-element_type=\"section\" data-e-type=\"section\">\n\t\t\t\t\t\t<div class=\"elementor-container elementor-column-gap-default\">\n\t\t\t\t\t<div class=\"elementor-column elementor-col-50 elementor-top-column elementor-element elementor-element-862e287\" data-id=\"862e287\" data-element_type=\"column\" data-e-type=\"column\">\n\t\t\t<div class=\"elementor-widget-wrap\">\n\t\t\t\t\t\t\t<\/div>\n\t\t<\/div>\n\t\t\t\t<div class=\"elementor-column elementor-col-50 elementor-top-column elementor-element elementor-element-9b2e19a\" data-id=\"9b2e19a\" data-element_type=\"column\" data-e-type=\"column\">\n\t\t\t<div class=\"elementor-widget-wrap elementor-element-populated\">\n\t\t\t\t\t\t<div class=\"elementor-element elementor-element-7eba0cc elementor-widget elementor-widget-text-editor\" data-id=\"7eba0cc\" data-element_type=\"widget\" data-e-type=\"widget\" data-widget_type=\"text-editor.default\">\n\t\t\t\t<div class=\"elementor-widget-container\">\n\t\t\t\t\t\t\t\t\t<p>\u00a9 Prisoners Advice Service (Wikimedia Commons)<\/p>\t\t\t\t\t\t\t\t<\/div>\n\t\t\t\t<\/div>\n\t\t\t\t\t<\/div>\n\t\t<\/div>\n\t\t\t\t\t<\/div>\n\t\t<\/section>\n\t\t\t\t<section class=\"elementor-section elementor-top-section elementor-element elementor-element-7044f68 elementor-section-boxed elementor-section-height-default elementor-section-height-default\" data-id=\"7044f68\" data-element_type=\"section\" data-e-type=\"section\">\n\t\t\t\t\t\t<div class=\"elementor-container elementor-column-gap-default\">\n\t\t\t\t\t<div class=\"elementor-column elementor-col-100 elementor-top-column elementor-element elementor-element-d899498\" data-id=\"d899498\" data-element_type=\"column\" data-e-type=\"column\">\n\t\t\t<div class=\"elementor-widget-wrap elementor-element-populated\">\n\t\t\t\t\t\t<div class=\"elementor-element elementor-element-d4753e2 elementor-widget elementor-widget-spacer\" data-id=\"d4753e2\" data-element_type=\"widget\" data-e-type=\"widget\" data-widget_type=\"spacer.default\">\n\t\t\t\t<div class=\"elementor-widget-container\">\n\t\t\t\t\t\t\t<div class=\"elementor-spacer\">\n\t\t\t<div class=\"elementor-spacer-inner\"><\/div>\n\t\t<\/div>\n\t\t\t\t\t\t<\/div>\n\t\t\t\t<\/div>\n\t\t\t\t\t<\/div>\n\t\t<\/div>\n\t\t\t\t\t<\/div>\n\t\t<\/section>\n\t\t\t\t<section class=\"elementor-section elementor-top-section elementor-element elementor-element-096beec elementor-section-boxed elementor-section-height-default elementor-section-height-default\" data-id=\"096beec\" data-element_type=\"section\" data-e-type=\"section\">\n\t\t\t\t\t\t<div class=\"elementor-container elementor-column-gap-default\">\n\t\t\t\t\t<div class=\"elementor-column elementor-col-100 elementor-top-column elementor-element elementor-element-62b7ec0\" data-id=\"62b7ec0\" data-element_type=\"column\" data-e-type=\"column\">\n\t\t\t<div class=\"elementor-widget-wrap elementor-element-populated\">\n\t\t\t\t\t\t<div class=\"elementor-element elementor-element-2106705 elementor-widget elementor-widget-author-box\" data-id=\"2106705\" data-element_type=\"widget\" data-e-type=\"widget\" data-widget_type=\"author-box.default\">\n\t\t\t\t<div class=\"elementor-widget-container\">\n\t\t\t\t\t\t\t<div class=\"elementor-author-box\">\n\t\t\t\n\t\t\t<div class=\"elementor-author-box__text\">\n\t\t\t\t\t\t\t\t\t<div >\n\t\t\t\t\t\t<h4 class=\"elementor-author-box__name\">\n\t\t\t\t\t\t\tLaurel Townhead\t\t\t\t\t\t<\/h4>\n\t\t\t\t\t<\/div>\n\t\t\t\t\n\t\t\t\t\t\t\t\t\t<div class=\"elementor-author-box__bio\">\n\t\t\t\t\t\t<p> Representante (Human Rights and Refugees) at Quaker United Nations Office<\/p>\n\t\t\t\t\t<\/div>\n\t\t\t\t\n\t\t\t\t\t\t\t<\/div>\n\t\t<\/div>\n\t\t\t\t\t\t<\/div>\n\t\t\t\t<\/div>\n\t\t\t\t<div class=\"elementor-element elementor-element-d49a857 elementor-widget elementor-widget-text-editor\" data-id=\"d49a857\" data-element_type=\"widget\" data-e-type=\"widget\" data-widget_type=\"text-editor.default\">\n\t\t\t\t<div class=\"elementor-widget-container\">\n\t\t\t\t\t\t\t\t\t<p><span data-contrast=\"none\">En casi todos los pa\u00edses hay ni\u00f1as, ni\u00f1os y adolescentes viviendo en prisi\u00f3n con un progenitor, pero las normas sobre cu\u00e1ndo sucede (por ejemplo, limitarlo solo a aquellos NNA que nacen\u00a0en prisi\u00f3n), hasta qu\u00e9 edad estos NNA pueden permanecer con sus progenitores y las condiciones en las que viven, var\u00edan enormemente. Todos los ni\u00f1os, ni\u00f1as y adolescentes son titulares de derechos, pero no todos son autom\u00e1ticamente considerados como tales en las decisiones que les afectan. Es necesario visibilizar los NNA que viven en prisi\u00f3n con un progenitor y los que son separados de su progenitor por encarcelamiento,\u00a0y se\u00a0deben\u00a0tomar medidas espec\u00edficas para defender sus derechos.\u00a0<\/span><span data-ccp-props=\"{&quot;201341983&quot;:0,&quot;335551550&quot;:6,&quot;335551620&quot;:6,&quot;335559739&quot;:160,&quot;335559740&quot;:240}\">\u00a0<\/span><\/p><p><span data-ccp-props=\"{&quot;201341983&quot;:0,&quot;335551550&quot;:6,&quot;335551620&quot;:6,&quot;335559739&quot;:160,&quot;335559740&quot;:240}\">\u00a0<\/span><\/p><p><span data-contrast=\"none\">La inclusi\u00f3n en el Estudio\u00a0Mundial\u00a0sobre Ni\u00f1ez\u00a0Privada\u00a0de Libertad de un cap\u00edtulo espec\u00edfico sobre los ni\u00f1os y ni\u00f1as que viven en prisi\u00f3n con un progenitor es importante por la visibilidad que proporciona y las recomendaciones que hace\u00a0al respecto.\u00a0\u00a0<\/span><span data-ccp-props=\"{&quot;201341983&quot;:0,&quot;335551550&quot;:6,&quot;335551620&quot;:6,&quot;335559739&quot;:160,&quot;335559740&quot;:240}\">\u00a0<\/span><\/p><p><span data-contrast=\"none\">Desde el d\u00eda de\u00a0Discusi\u00f3n\u00a0General del Comit\u00e9 de los Derechos del Ni\u00f1o de 2011, se ha prestado mayor atenci\u00f3n a la forma en que deben aplicarse los est\u00e1ndares internacionales para defender los derechos de estos ni\u00f1os y ni\u00f1as.<\/span><span data-contrast=\"none\">1<\/span><span data-contrast=\"none\">\u00a0A trav\u00e9s de este debate, el Comit\u00e9 trat\u00f3 de aprender m\u00e1s sobre las repercusiones que el encarcelamiento de los progenitores tiene en los ni\u00f1os y ni\u00f1as y sobre las estrategias para defender sus derechos.\u00a0 Los avances m\u00e1s recientes, en particular el Estudio\u00a0Mundial, se basan en este D\u00eda de\u00a0Discusi\u00f3n\u00a0General y proporcionan un nuevo impulso para el cambio tendiente a mitigar y limitar las violaciones de los derechos a los que se enfrentan estos ni\u00f1os y ni\u00f1as.\u00a0<\/span><span data-ccp-props=\"{&quot;201341983&quot;:0,&quot;335551550&quot;:6,&quot;335551620&quot;:6,&quot;335559739&quot;:160,&quot;335559740&quot;:240}\">\u00a0<\/span><\/p><p><span data-ccp-props=\"{&quot;201341983&quot;:0,&quot;335551550&quot;:6,&quot;335551620&quot;:6,&quot;335559739&quot;:160,&quot;335559740&quot;:240}\">\u00a0<\/span><\/p><p><span data-contrast=\"none\">Los debates y avances han abarcado tanto el trato a los ni\u00f1os, ni\u00f1as y adolescentes mientras est\u00e1n privados de libertad con sus progenitores, como los pasos que se deber\u00edan tomar para evitar que los NNA se encuentren en esta situaci\u00f3n. Una soluci\u00f3n aparentemente simple ser\u00eda prohibir que los NNA vivan con un progenitor en prisi\u00f3n. Sin embargo, separarlos del progenitor debido a su encarcelamiento tiene importantes repercusiones a corto y largo plazo en los ni\u00f1os, ni\u00f1as y adolescentes, y estas repercusiones no se limitan a su separaci\u00f3n cuando son beb\u00e9s o en sus primeros a\u00f1os de vida.<\/span><span data-contrast=\"none\">2<\/span><span data-contrast=\"none\">\u00a0<\/span><\/p><p><span data-contrast=\"none\">\u00a0<\/span><\/p><p><span data-contrast=\"none\"><u><b>Una recomendaci\u00f3n clara del Comit\u00e9 fue:<\/b><\/u>\u00a0<\/span><span data-ccp-props=\"{&quot;201341983&quot;:0,&quot;335551550&quot;:6,&quot;335551620&quot;:6,&quot;335559739&quot;:160,&quot;335559740&quot;:240}\">\u00a0<\/span><\/p><p><span data-ccp-props=\"{&quot;201341983&quot;:0,&quot;335551550&quot;:6,&quot;335551620&quot;:6,&quot;335559739&quot;:160,&quot;335559740&quot;:240}\">\u00a0<\/span><\/p><blockquote><span data-contrast=\"none\">Al dictar sentencias a los progenitores y cuidadores primarios, siempre que sea posible, deben dictarse sentencias que no sean privativas de la libertad, incluso en la fase previa al juicio y durante el juicio. Deben existir alternativas a la detenci\u00f3n y deben aplicarse de acuerdo a cada caso, tomando en consideraci\u00f3n las posibles repercusiones de las distintas sentencias en el inter\u00e9s superior de los ni\u00f1os afectados.<\/span><span data-contrast=\"none\">4<\/span><span data-ccp-props=\"{&quot;201341983&quot;:0,&quot;335551550&quot;:6,&quot;335551620&quot;:6,&quot;335559685&quot;:720,&quot;335559739&quot;:160,&quot;335559740&quot;:240}\">\u00a0<\/span><\/blockquote><p><span data-ccp-props=\"{&quot;201341983&quot;:0,&quot;335551550&quot;:6,&quot;335551620&quot;:6,&quot;335559685&quot;:720,&quot;335559739&quot;:160,&quot;335559740&quot;:240}\">\u00a0<\/span><\/p><p><span data-contrast=\"none\"><b><u>El Estudio\u00a0Mundial\u00a0se basa en lo siguiente:<\/u><\/b>\u00a0<\/span><span data-ccp-props=\"{&quot;201341983&quot;:0,&quot;335551550&quot;:6,&quot;335551620&quot;:6,&quot;335559739&quot;:160,&quot;335559740&quot;:240}\">\u00a0<\/span><\/p><p><span data-ccp-props=\"{&quot;201341983&quot;:0,&quot;335551550&quot;:6,&quot;335551620&quot;:6,&quot;335559739&quot;:160,&quot;335559740&quot;:240}\">\u00a0<\/span><\/p><blockquote><span data-contrast=\"none\">Se alienta a los gobiernos a reconocer tanto la repercusi\u00f3n perjudicial de la separaci\u00f3n de la familia debido al encarcelamiento de un progenitor como la repercusi\u00f3n perjudicial de la privaci\u00f3n de libertad con un progenitor. Se deben tomar todas las medidas posibles a fin de reducir el n\u00famero de ni\u00f1as y ni\u00f1os privados de libertad con un progenitor en el sistema de justicia penal sin aumentar la separaci\u00f3n del ni\u00f1o\u00a0o ni\u00f1a\u00a0de un progenitor debido a su encarcelamiento. Se deber\u00eda aplicar una presunci\u00f3n contra una medida o sentencia privativa de la libertad para los cuidadores principales.<\/span><span data-ccp-props=\"{&quot;201341983&quot;:0,&quot;335551550&quot;:6,&quot;335551620&quot;:6,&quot;335559685&quot;:720,&quot;335559739&quot;:160,&quot;335559740&quot;:240}\">\u00a0<\/span><\/blockquote><p><span data-ccp-props=\"{&quot;201341983&quot;:0,&quot;335551550&quot;:6,&quot;335551620&quot;:6,&quot;335559685&quot;:720,&quot;335559739&quot;:160,&quot;335559740&quot;:240}\">\u00a0<\/span><\/p><p><span data-contrast=\"none\">Ambas recomendaciones incluyen la necesidad que tienen los Estados, a trav\u00e9s de las autoridades encargadas de dictar sentencias, de tener en cuenta las repercusiones que tienen sobre los ni\u00f1os y ni\u00f1as la condena de sus progenitores. Lo fundamental de estas recomendaciones es la primac\u00eda de defender la dignidad inherente y el inter\u00e9s superior del\u00a0Ni\u00f1o en sus circunstancias espec\u00edficas. El D\u00eda de\u00a0Discusi\u00f3n\u00a0General contempl\u00f3 una recomendaci\u00f3n de la edad m\u00e1xima para ni\u00f1os y ni\u00f1as que vivan en prisi\u00f3n con un progenitor.\u00a0Esto se consider\u00f3 dado el rango de edades (desde aproximadamente seis meses hasta alrededor de seis a\u00f1os o m\u00e1s) y el reconocimiento de los posibles riesgos y las repercusiones en el bienestar y el desarrollo de los ni\u00f1os\u00a0y ni\u00f1as\u00a0que viven en prisi\u00f3n. Sin embargo, luego de reflexionar y haber escuchado a los participantes, incluidos ni\u00f1os y ni\u00f1as en prisi\u00f3n con un progenitor, el Comit\u00e9 no decidi\u00f3 a favor de una recomendaci\u00f3n uniforme sobre la edad. En cambio, enfatiz\u00f3 la necesidad de realizar evaluaciones individualizadas.\u00a0<\/span><span data-ccp-props=\"{&quot;201341983&quot;:0,&quot;335551550&quot;:6,&quot;335551620&quot;:6,&quot;335559739&quot;:160,&quot;335559740&quot;:240}\">\u00a0<\/span><\/p><p><span data-ccp-props=\"{&quot;201341983&quot;:0,&quot;335551550&quot;:6,&quot;335551620&quot;:6,&quot;335559739&quot;:160,&quot;335559740&quot;:240}\">\u00a0<\/span><\/p><p><span data-contrast=\"none\">Este \u00e9nfasis en la inclusi\u00f3n de evaluaciones individualizadas en el inter\u00e9s superior del\u00a0Ni\u00f1o en la decisi\u00f3n de dictar sentencia tambi\u00e9n figura en la primera Observaci\u00f3n general del Comit\u00e9 Africano de Expertos sobre los Derechos y el Bienestar del Ni\u00f1o.<\/span><span data-contrast=\"none\">5<\/span><span data-contrast=\"none\">\u00a0Esta estipula una lista de cinco puntos que las autoridades encargadas de dictar sentencias deben considerar.\u00a0<\/span><span data-ccp-props=\"{&quot;201341983&quot;:0,&quot;335551550&quot;:6,&quot;335551620&quot;:6,&quot;335559739&quot;:160,&quot;335559740&quot;:240}\">\u00a0<\/span><\/p><p><span data-contrast=\"none\">A pesar de estas recomendaciones, estamos lejos de utilizar determinaciones relativas al inter\u00e9s superior del\u00a0Ni\u00f1o cuando un progenitor es sentenciado y los\/as\u00a0menores contin\u00faan privados\/as\u00a0de libertad viviendo con sus padres en prisi\u00f3n. Las principales preocupaciones por defender los derechos de estos ni\u00f1os, ni\u00f1as y adolescentes incluyen:\u00a0<\/span><span data-ccp-props=\"{&quot;201341983&quot;:0,&quot;335551550&quot;:6,&quot;335551620&quot;:6,&quot;335559739&quot;:160,&quot;335559740&quot;:240}\">\u00a0<\/span><\/p><p><span data-ccp-props=\"{&quot;201341983&quot;:0,&quot;335551550&quot;:6,&quot;335551620&quot;:6,&quot;335559739&quot;:160,&quot;335559740&quot;:240}\">\u00a0<\/span><\/p><ul><li data-leveltext=\"-\" data-font=\"Calibri\" data-listid=\"1\" aria-setsize=\"-1\" data-aria-posinset=\"1\" data-aria-level=\"1\"><span data-contrast=\"none\">Seguridad\u00a0<\/span><span data-ccp-props=\"{&quot;134233279&quot;:true,&quot;201341983&quot;:0,&quot;335551550&quot;:6,&quot;335551620&quot;:6,&quot;335559739&quot;:160,&quot;335559740&quot;:240}\">\u00a0<\/span><\/li><li data-leveltext=\"-\" data-font=\"Calibri\" data-listid=\"1\" aria-setsize=\"-1\" data-aria-posinset=\"2\" data-aria-level=\"1\"><span data-contrast=\"none\">Salud\u00a0<\/span><span data-ccp-props=\"{&quot;134233279&quot;:true,&quot;201341983&quot;:0,&quot;335551550&quot;:6,&quot;335551620&quot;:6,&quot;335559739&quot;:160,&quot;335559740&quot;:240}\">\u00a0<\/span><\/li><li data-leveltext=\"-\" data-font=\"Calibri\" data-listid=\"1\" aria-setsize=\"-1\" data-aria-posinset=\"1\" data-aria-level=\"1\"><span data-contrast=\"none\">Educaci\u00f3n y desarrollo\u00a0<\/span><span data-ccp-props=\"{&quot;134233279&quot;:true,&quot;201341983&quot;:0,&quot;335551550&quot;:6,&quot;335551620&quot;:6,&quot;335559739&quot;:160,&quot;335559740&quot;:240}\">\u00a0<\/span><\/li><li data-leveltext=\"-\" data-font=\"Calibri\" data-listid=\"1\" aria-setsize=\"-1\" data-aria-posinset=\"2\" data-aria-level=\"1\"><span data-contrast=\"none\">Contacto con los miembros de la familia fuera de prisi\u00f3n\u00a0<\/span><span data-ccp-props=\"{&quot;134233279&quot;:true,&quot;201341983&quot;:0,&quot;335551550&quot;:6,&quot;335551620&quot;:6,&quot;335559739&quot;:160,&quot;335559740&quot;:240}\">\u00a0<\/span><\/li><li data-leveltext=\"-\" data-font=\"Calibri\" data-listid=\"1\" aria-setsize=\"-1\" data-aria-posinset=\"3\" data-aria-level=\"1\"><span data-contrast=\"none\">Preparaci\u00f3n para la excarcelaci\u00f3n\u00a0<\/span><span data-ccp-props=\"{&quot;134233279&quot;:true,&quot;201341983&quot;:0,&quot;335551550&quot;:6,&quot;335551620&quot;:6,&quot;335559739&quot;:160,&quot;335559740&quot;:240}\">\u00a0<\/span><\/li><\/ul><p><span data-contrast=\"none\">Las recomendaciones del Estudio\u00a0Mundial\u00a0y del Comit\u00e9 han tratado de abordar tambi\u00e9n esas cuestiones.<\/span><span data-contrast=\"none\">6<\/span><span data-ccp-props=\"{&quot;201341983&quot;:0,&quot;335551550&quot;:6,&quot;335551620&quot;:6,&quot;335559739&quot;:160,&quot;335559740&quot;:240}\">\u00a0<\/span><\/p><p>\u00a0<\/p>\t\t\t\t\t\t\t\t<\/div>\n\t\t\t\t<\/div>\n\t\t\t\t\t<\/div>\n\t\t<\/div>\n\t\t\t\t\t<\/div>\n\t\t<\/section>\n\t\t\t\t<section class=\"elementor-section elementor-top-section elementor-element elementor-element-d1e46d5 elementor-section-boxed elementor-section-height-default elementor-section-height-default\" data-id=\"d1e46d5\" data-element_type=\"section\" data-e-type=\"section\">\n\t\t\t\t\t\t<div class=\"elementor-container elementor-column-gap-default\">\n\t\t\t\t\t<div class=\"elementor-column elementor-col-50 elementor-top-column elementor-element elementor-element-0063fae\" data-id=\"0063fae\" data-element_type=\"column\" data-e-type=\"column\">\n\t\t\t<div class=\"elementor-widget-wrap elementor-element-populated\">\n\t\t\t\t\t\t<div class=\"elementor-element elementor-element-dbaf950 elementor-widget elementor-widget-text-editor\" data-id=\"dbaf950\" data-element_type=\"widget\" data-e-type=\"widget\" data-widget_type=\"text-editor.default\">\n\t\t\t\t<div class=\"elementor-widget-container\">\n\t\t\t\t\t\t\t\t\t<p><span data-contrast=\"none\">Este septiembre se cumplen diez a\u00f1os del D\u00eda de&nbsp;Discusi\u00f3n&nbsp;General. En esta d\u00e9cada, hubo avances en el aumento de los conocimientos, el crecimiento y el establecimiento de redes y el desarrollo de normas. El Estudio&nbsp;Mundial&nbsp;ha contribuido en cada uno de estos aspectos. Sin embargo, sigue pendiente la necesidad de una mayor orientaci\u00f3n para mitigar las repercusiones de la privaci\u00f3n de libertad con un progenitor y tambi\u00e9n para impedirla, manteniendo el inter\u00e9s superior del&nbsp;Ni\u00f1o.&nbsp;<\/span><\/p><p><span data-contrast=\"none\"><br><\/span><\/p><p><span data-contrast=\"none\">La inclusi\u00f3n de evaluaciones en el inter\u00e9s superior del&nbsp;Ni\u00f1o en la decisi\u00f3n de dictar sentencia no es una tarea menor, requiere conocimiento y capacidades que tal vez a\u00fan no tengan quienes dictan sentencias. Garantizar una nutrici\u00f3n adecuada, el apoyo al desarrollo y la atenci\u00f3n m\u00e9dica pedi\u00e1trica en las prisiones para adultos tampoco es una tarea menor; requiere de la opini\u00f3n de los especialistas pertinentes. Preparar a los ni\u00f1os y ni\u00f1as para su excarcelaci\u00f3n, especialmente si sus progenitores no son excarcelados al mismo tiempo, no es una tarea f\u00e1cil; requiere la coordinaci\u00f3n entre las distintas autoridades, incluidas las de bienestar infantil, as\u00ed como las responsables de gesti\u00f3n penitenciaria y la planificaci\u00f3n de la excarcelaci\u00f3n.<\/span><span data-ccp-props=\"{&quot;201341983&quot;:0,&quot;335551550&quot;:6,&quot;335551620&quot;:6,&quot;335559739&quot;:160,&quot;335559740&quot;:240}\">&nbsp;<\/span><\/p>\t\t\t\t\t\t\t\t<\/div>\n\t\t\t\t<\/div>\n\t\t\t\t\t<\/div>\n\t\t<\/div>\n\t\t\t\t<div class=\"elementor-column elementor-col-50 elementor-top-column elementor-element elementor-element-5ec1411\" data-id=\"5ec1411\" data-element_type=\"column\" data-e-type=\"column\">\n\t\t\t<div class=\"elementor-widget-wrap elementor-element-populated\">\n\t\t\t\t\t\t<div class=\"elementor-element elementor-element-319fddb elementor-widget elementor-widget-image\" data-id=\"319fddb\" data-element_type=\"widget\" data-e-type=\"widget\" data-widget_type=\"image.default\">\n\t\t\t\t<div class=\"elementor-widget-container\">\n\t\t\t\t\t\t\t\t\t\t\t\t\t\t\t<img decoding=\"async\" width=\"768\" height=\"945\" src=\"https:\/\/defenceforchildren.org\/wp-content\/uploads\/2019\/12\/Drawing-3-768x945.jpg\" class=\"attachment-medium_large size-medium_large wp-image-13789\" alt=\"\" srcset=\"https:\/\/defenceforchildren.org\/wp-content\/uploads\/2019\/12\/Drawing-3-768x945.jpg 768w, https:\/\/defenceforchildren.org\/wp-content\/uploads\/2019\/12\/Drawing-3-610x750.jpg 610w, https:\/\/defenceforchildren.org\/wp-content\/uploads\/2019\/12\/Drawing-3-832x1024.jpg 832w, https:\/\/defenceforchildren.org\/wp-content\/uploads\/2019\/12\/Drawing-3.jpg 878w\" sizes=\"(max-width: 768px) 100vw, 768px\" \/>\t\t\t\t\t\t\t\t\t\t\t\t\t\t\t<\/div>\n\t\t\t\t<\/div>\n\t\t\t\t\t<\/div>\n\t\t<\/div>\n\t\t\t\t\t<\/div>\n\t\t<\/section>\n\t\t\t\t<section class=\"elementor-section elementor-top-section elementor-element elementor-element-ea2529c elementor-section-boxed elementor-section-height-default elementor-section-height-default\" data-id=\"ea2529c\" data-element_type=\"section\" data-e-type=\"section\">\n\t\t\t\t\t\t<div class=\"elementor-container elementor-column-gap-default\">\n\t\t\t\t\t<div class=\"elementor-column elementor-col-100 elementor-top-column elementor-element elementor-element-2bee7fe\" data-id=\"2bee7fe\" data-element_type=\"column\" data-e-type=\"column\">\n\t\t\t<div class=\"elementor-widget-wrap elementor-element-populated\">\n\t\t\t\t\t\t<div class=\"elementor-element elementor-element-1aefabb elementor-widget elementor-widget-spacer\" data-id=\"1aefabb\" data-element_type=\"widget\" data-e-type=\"widget\" data-widget_type=\"spacer.default\">\n\t\t\t\t<div class=\"elementor-widget-container\">\n\t\t\t\t\t\t\t<div class=\"elementor-spacer\">\n\t\t\t<div class=\"elementor-spacer-inner\"><\/div>\n\t\t<\/div>\n\t\t\t\t\t\t<\/div>\n\t\t\t\t<\/div>\n\t\t\t\t\t<\/div>\n\t\t<\/div>\n\t\t\t\t\t<\/div>\n\t\t<\/section>\n\t\t\t\t<section class=\"elementor-section elementor-top-section elementor-element elementor-element-544f7ea elementor-section-boxed elementor-section-height-default elementor-section-height-default\" data-id=\"544f7ea\" data-element_type=\"section\" data-e-type=\"section\">\n\t\t\t\t\t\t<div class=\"elementor-container elementor-column-gap-default\">\n\t\t\t\t\t<div class=\"elementor-column elementor-col-100 elementor-top-column elementor-element elementor-element-df8f23f\" data-id=\"df8f23f\" data-element_type=\"column\" data-e-type=\"column\">\n\t\t\t<div class=\"elementor-widget-wrap elementor-element-populated\">\n\t\t\t\t\t\t<div class=\"elementor-element elementor-element-a770165 elementor-widget elementor-widget-text-editor\" data-id=\"a770165\" data-element_type=\"widget\" data-e-type=\"widget\" data-widget_type=\"text-editor.default\">\n\t\t\t\t<div class=\"elementor-widget-container\">\n\t\t\t\t\t\t\t\t\t<p><span data-contrast=\"none\">El Estudio&nbsp;Mundial&nbsp;ha sido importante para proporcionar m\u00e1s informaci\u00f3n de perfil y recomendaciones sobre la situaci\u00f3n de los ni\u00f1os, ni\u00f1as y adolescentes privados de su libertad con un progenitor en prisi\u00f3n y esperamos que los mecanismos de seguimiento sigan incluyendo a este grupo particular de NNA.&nbsp; Tambi\u00e9n creemos que existe la necesidad de contar con orientaci\u00f3n detallada y asistencia t\u00e9cnica para que los gobiernos les apoyen en la defensa de los derechos de estos NNA. Nos complace ver el inter\u00e9s de la Oficina de las Naciones Unidas contra la Droga y el Delito (ONUDD) en este tema y alentamos a los Estados a apoyar su proyecto de elaboraci\u00f3n de una gu\u00eda global sobre ni\u00f1os, ni\u00f1as y adolescentes en prisi\u00f3n con sus progenitores.<\/span><\/p><p><span data-contrast=\"none\">&nbsp;<\/span><span data-ccp-props=\"{&quot;201341983&quot;:0,&quot;335551550&quot;:6,&quot;335551620&quot;:6,&quot;335559739&quot;:160,&quot;335559740&quot;:240}\">&nbsp;<\/span><\/p>\n<p><span data-contrast=\"none\">A lo largo de nuestro trabajo en este tema, el rol de la asociaci\u00f3n y la participaci\u00f3n ha sido claro y confiamos en que los pr\u00f3ximos pasos con el Estudio&nbsp;Mundial&nbsp;servir\u00e1n para&nbsp;fomentar&nbsp;que los Estados, la ONU, el Comit\u00e9 sobre los Derechos del Ni\u00f1o y la Representante Especial del&nbsp;Secretario General&nbsp;sobre la violencia contra&nbsp;la ni\u00f1ez&nbsp;se unan a los&nbsp;NNA&nbsp;en prisi\u00f3n que viven con un progenitor para garantizar que se defiendan sus derechos.<\/span><span data-ccp-props=\"{&quot;201341983&quot;:0,&quot;335551550&quot;:6,&quot;335551620&quot;:6,&quot;335559739&quot;:160,&quot;335559740&quot;:240}\">&nbsp;<\/span><\/p>\t\t\t\t\t\t\t\t<\/div>\n\t\t\t\t<\/div>\n\t\t\t\t\t<\/div>\n\t\t<\/div>\n\t\t\t\t\t<\/div>\n\t\t<\/section>\n\t\t\t\t<section class=\"elementor-section elementor-top-section elementor-element elementor-element-73e06f9 elementor-section-boxed elementor-section-height-default elementor-section-height-default\" data-id=\"73e06f9\" data-element_type=\"section\" data-e-type=\"section\">\n\t\t\t\t\t\t<div class=\"elementor-container elementor-column-gap-default\">\n\t\t\t\t\t<div class=\"elementor-column elementor-col-50 elementor-top-column elementor-element elementor-element-7a4750b\" data-id=\"7a4750b\" data-element_type=\"column\" data-e-type=\"column\">\n\t\t\t<div class=\"elementor-widget-wrap elementor-element-populated\">\n\t\t\t\t\t\t<div class=\"elementor-element elementor-element-722372f elementor-widget-divider--view-line elementor-widget elementor-widget-divider\" data-id=\"722372f\" data-element_type=\"widget\" data-e-type=\"widget\" data-widget_type=\"divider.default\">\n\t\t\t\t<div class=\"elementor-widget-container\">\n\t\t\t\t\t\t\t<div class=\"elementor-divider\">\n\t\t\t<span class=\"elementor-divider-separator\">\n\t\t\t\t\t\t<\/span>\n\t\t<\/div>\n\t\t\t\t\t\t<\/div>\n\t\t\t\t<\/div>\n\t\t\t\t\t<\/div>\n\t\t<\/div>\n\t\t\t\t<div class=\"elementor-column elementor-col-50 elementor-top-column elementor-element elementor-element-5362ecb\" data-id=\"5362ecb\" data-element_type=\"column\" data-e-type=\"column\">\n\t\t\t<div class=\"elementor-widget-wrap\">\n\t\t\t\t\t\t\t<\/div>\n\t\t<\/div>\n\t\t\t\t\t<\/div>\n\t\t<\/section>\n\t\t\t\t<section class=\"elementor-section elementor-top-section elementor-element elementor-element-6aa071b elementor-section-boxed elementor-section-height-default elementor-section-height-default\" data-id=\"6aa071b\" data-element_type=\"section\" data-e-type=\"section\">\n\t\t\t\t\t\t<div class=\"elementor-container elementor-column-gap-default\">\n\t\t\t\t\t<div class=\"elementor-column elementor-col-100 elementor-top-column elementor-element elementor-element-9b59e44\" data-id=\"9b59e44\" data-element_type=\"column\" data-e-type=\"column\">\n\t\t\t<div class=\"elementor-widget-wrap elementor-element-populated\">\n\t\t\t\t\t\t<div class=\"elementor-element elementor-element-29f617b elementor-widget elementor-widget-text-editor\" data-id=\"29f617b\" data-element_type=\"widget\" data-e-type=\"widget\" data-widget_type=\"text-editor.default\">\n\t\t\t\t<div class=\"elementor-widget-container\">\n\t\t\t\t\t\t\t\t\t<p><span data-contrast=\"none\">[1]\u00a0<a rel=\"noopener\" href=\"https:\/\/www.ohchr.org\/EN\/HRBodies\/CRC\/Pages\/Discussion2011.aspx\" target=\"_blank\">https:\/\/www.ohchr.org\/EN\/HRBodies\/CRC\/Pages\/Discussion2011.aspx<\/a>\u00a0\u00a0<\/span><span data-ccp-props=\"{&quot;201341983&quot;:0,&quot;335551550&quot;:6,&quot;335551620&quot;:6,&quot;335559739&quot;:160,&quot;335559740&quot;:240}\">\u00a0<\/span><\/p><p><span data-contrast=\"none\">[2] V\u00e9ase, por ejemplo: Jones, Adele, Gallagher, Bernard,\u00a0Manby, Martin, Robertson, Oliver,\u00a0Sch\u00fctzwohl, Matthias, Berman, Anne H.,\u00a0Hirschfield, Alexander,\u00a0Ayre, Liz, Urban,\u00a0Mirjam,\u00a0Sharratt,\u00a0Kathryn\u00a0y\u00a0Christmann,\u00a0Kris\u00a0(2013)\u00a0Children\u00a0of\u00a0Prisoners:\u00a0Interventions\u00a0and\u00a0mitigations\u00a0to\u00a0strengthen\u00a0mental\u00a0health.\u00a0University\u00a0of\u00a0Huddersfield<\/span><span data-ccp-props=\"{&quot;201341983&quot;:0,&quot;335551550&quot;:6,&quot;335551620&quot;:6,&quot;335559739&quot;:160,&quot;335559740&quot;:240}\">\u00a0<\/span><\/p><p><span data-contrast=\"none\">\u00a0[3]\u00a0<\/span><span data-ccp-props=\"{&quot;201341983&quot;:0,&quot;335551550&quot;:6,&quot;335551620&quot;:6,&quot;335559739&quot;:160,&quot;335559740&quot;:240}\"><a rel=\"noopener\" href=\"https:\/\/www.ohchr.org\/EN\/HRBodies\/CRC\/Pages\/Discussion2011.aspx\" target=\"_blank\">https:\/\/www.ohchr.org\/EN\/HRBodies\/CRC\/Pages\/Discussion2011.aspx<\/a>\u00a0<\/span><\/p><p><span data-contrast=\"none\">\u00a0[4] Manfred\u00a0Nowak,\u00a0<\/span><span data-contrast=\"none\">Estudio mundial de las Naciones Unidas sobre los ni\u00f1os privados de libertad,<\/span><span data-contrast=\"none\">\u00a0cap\u00edtulo 10, secci\u00f3n 5, p\u00e1rrafo. 6.\u00a0<\/span><span data-ccp-props=\"{&quot;201341983&quot;:0,&quot;335551550&quot;:6,&quot;335551620&quot;:6,&quot;335559739&quot;:160,&quot;335559740&quot;:240}\">\u00a0<\/span><\/p><p><span data-contrast=\"none\">\u00a0[5] Comit\u00e9 Africano de Expertos sobre los Derechos y el Bienestar del\u00a0<\/span><span data-contrast=\"none\">Ni\u00f1o, Observaci\u00f3n General No.1 sobre el art\u00edculo 30 de la Carta Africana sobre los Derechos y el Bienestar del Ni\u00f1o<\/span><span data-contrast=\"none\">:\u00a0Children\u00a0of\u00a0incarcerated\u00a0and\u00a0imprisoned\u00a0parents\u00a0and\u00a0primary\u00a0care\u00a0givers\u00a0(2013)<\/span><span data-ccp-props=\"{&quot;201341983&quot;:0,&quot;335551550&quot;:6,&quot;335551620&quot;:6,&quot;335559739&quot;:160,&quot;335559740&quot;:240}\">\u00a0<\/span><\/p><p><span data-contrast=\"none\">[6] V\u00e9ase Lucy\u00a0Halton\u00a0y Laurel\u00a0Townhead\u00a0(2020),\u00a0Children\u00a0of\u00a0Incarcerated\u00a0Parents: International\u00a0Standards\u00a0and\u00a0Guidelines\u00a0(Oficina Cu\u00e1quera de las Naciones Unidas, Ginebra).<\/span><\/p>\t\t\t\t\t\t\t\t<\/div>\n\t\t\t\t<\/div>\n\t\t\t\t\t<\/div>\n\t\t<\/div>\n\t\t\t\t\t<\/div>\n\t\t<\/section>\n\t\t\t\t<\/div>\n\t\t","protected":false},"excerpt":{"rendered":"<p>\u00a9 Prisoners Advice Service (Wikimedia Commons) En casi todos los pa\u00edses hay ni\u00f1as, ni\u00f1os y adolescentes viviendo en prisi\u00f3n con un progenitor, pero las normas sobre cu\u00e1ndo sucede (por ejemplo, limitarlo solo a aquellos NNA que nacen\u00a0en prisi\u00f3n), hasta qu\u00e9 edad estos NNA pueden permanecer con sus progenitores y las condiciones en las que viven, [&hellip;]<\/p>\n","protected":false},"author":4,"featured_media":20552,"comment_status":"closed","ping_status":"open","sticky":false,"template":"","format":"standard","meta":{"_acf_changed":false,"give_campaign_id":0,"_monsterinsights_skip_tracking":false,"_monsterinsights_sitenote_active":false,"_monsterinsights_sitenote_note":"","_monsterinsights_sitenote_category":0,"site-sidebar-layout":"default","site-content-layout":"default","ast-site-content-layout":"default","site-content-style":"default","site-sidebar-style":"default","ast-global-header-display":"","ast-banner-title-visibility":"","ast-main-header-display":"","ast-hfb-above-header-display":"","ast-hfb-below-header-display":"","ast-hfb-mobile-header-display":"","site-post-title":"","ast-breadcrumbs-content":"","ast-featured-img":"","footer-sml-layout":"","ast-disable-related-posts":"","theme-transparent-header-meta":"default","adv-header-id-meta":"","stick-header-meta":"","header-above-stick-meta":"","header-main-stick-meta":"","header-below-stick-meta":"","astra-migrate-meta-layouts":"default","ast-page-background-enabled":"default","ast-page-background-meta":{"desktop":{"background-color":"var(--ast-global-color-5)","background-image":"","background-repeat":"repeat","background-position":"center center","background-size":"auto","background-attachment":"scroll","background-type":"","background-media":"","overlay-type":"","overlay-color":"","overlay-opacity":"","overlay-gradient":""},"tablet":{"background-color":"","background-image":"","background-repeat":"repeat","background-position":"center center","background-size":"auto","background-attachment":"scroll","background-type":"","background-media":"","overlay-type":"","overlay-color":"","overlay-opacity":"","overlay-gradient":""},"mobile":{"background-color":"","background-image":"","background-repeat":"repeat","background-position":"center center","background-size":"auto","background-attachment":"scroll","background-type":"","background-media":"","overlay-type":"","overlay-color":"","overlay-opacity":"","overlay-gradient":""}},"ast-content-background-meta":{"desktop":{"background-color":"var(--ast-global-color-4)","background-image":"","background-repeat":"repeat","background-position":"center center","background-size":"auto","background-attachment":"scroll","background-type":"","background-media":"","overlay-type":"","overlay-color":"","overlay-opacity":"","overlay-gradient":""},"tablet":{"background-color":"var(--ast-global-color-4)","background-image":"","background-repeat":"repeat","background-position":"center center","background-size":"auto","background-attachment":"scroll","background-type":"","background-media":"","overlay-type":"","overlay-color":"","overlay-opacity":"","overlay-gradient":""},"mobile":{"background-color":"var(--ast-global-color-4)","background-image":"","background-repeat":"repeat","background-position":"center center","background-size":"auto","background-attachment":"scroll","background-type":"","background-media":"","overlay-type":"","overlay-color":"","overlay-opacity":"","overlay-gradient":""}},"footnotes":""},"categories":[402,747],"tags":[],"class_list":["post-20554","post","type-post","status-publish","format-standard","has-post-thumbnail","hentry","category-highlight-es-es","category-noticias"],"acf":[],"yoast_head":"<!-- This site is optimized with the Yoast SEO plugin v27.1.1 - https:\/\/yoast.com\/product\/yoast-seo-wordpress\/ -->\n<title>Ni\u00f1as, ni\u00f1os y adolescentes que viven con sus progenitores en prisi\u00f3n - Defence for Children<\/title>\n<meta name=\"robots\" content=\"index, follow, max-snippet:-1, max-image-preview:large, max-video-preview:-1\" \/>\n<link rel=\"canonical\" href=\"https:\/\/defenceforchildren.org\/es\/ninas-ninos-y-adolescentes-que-viven-con-sus-progenitores-en-prision\/\" \/>\n<meta name=\"twitter:label1\" content=\"Escrito por\" \/>\n\t<meta name=\"twitter:data1\" content=\"Defence for Children\" \/>\n\t<meta name=\"twitter:label2\" content=\"Tiempo de lectura\" \/>\n\t<meta name=\"twitter:data2\" content=\"7 minutos\" \/>\n<script type=\"application\/ld+json\" class=\"yoast-schema-graph\">{\"@context\":\"https:\/\/schema.org\",\"@graph\":[{\"@type\":\"Article\",\"@id\":\"https:\/\/defenceforchildren.org\/es\/ninas-ninos-y-adolescentes-que-viven-con-sus-progenitores-en-prision\/#article\",\"isPartOf\":{\"@id\":\"https:\/\/defenceforchildren.org\/es\/ninas-ninos-y-adolescentes-que-viven-con-sus-progenitores-en-prision\/\"},\"author\":{\"name\":\"Defence for Children\",\"@id\":\"https:\/\/defenceforchildren.org\/#\/schema\/person\/9541019ea0377bfc30e2cbbbb9adc5e9\"},\"headline\":\"Ni\u00f1as, ni\u00f1os y adolescentes que viven con sus progenitores en prisi\u00f3n\",\"datePublished\":\"2021-09-29T14:23:07+00:00\",\"dateModified\":\"2021-10-04T14:01:52+00:00\",\"mainEntityOfPage\":{\"@id\":\"https:\/\/defenceforchildren.org\/es\/ninas-ninos-y-adolescentes-que-viven-con-sus-progenitores-en-prision\/\"},\"wordCount\":1565,\"publisher\":{\"@id\":\"https:\/\/defenceforchildren.org\/#organization\"},\"image\":{\"@id\":\"https:\/\/defenceforchildren.org\/es\/ninas-ninos-y-adolescentes-que-viven-con-sus-progenitores-en-prision\/#primaryimage\"},\"thumbnailUrl\":\"https:\/\/defenceforchildren.org\/wp-content\/uploads\/2021\/09\/Children-living-with-parents-in-prisions.png\",\"articleSection\":[\"Highlight @es\",\"Noticias\"],\"inLanguage\":\"es\"},{\"@type\":\"WebPage\",\"@id\":\"https:\/\/defenceforchildren.org\/es\/ninas-ninos-y-adolescentes-que-viven-con-sus-progenitores-en-prision\/\",\"url\":\"https:\/\/defenceforchildren.org\/es\/ninas-ninos-y-adolescentes-que-viven-con-sus-progenitores-en-prision\/\",\"name\":\"Ni\u00f1as, ni\u00f1os y adolescentes que viven con sus progenitores en prisi\u00f3n - Defence for Children\",\"isPartOf\":{\"@id\":\"https:\/\/defenceforchildren.org\/#website\"},\"primaryImageOfPage\":{\"@id\":\"https:\/\/defenceforchildren.org\/es\/ninas-ninos-y-adolescentes-que-viven-con-sus-progenitores-en-prision\/#primaryimage\"},\"image\":{\"@id\":\"https:\/\/defenceforchildren.org\/es\/ninas-ninos-y-adolescentes-que-viven-con-sus-progenitores-en-prision\/#primaryimage\"},\"thumbnailUrl\":\"https:\/\/defenceforchildren.org\/wp-content\/uploads\/2021\/09\/Children-living-with-parents-in-prisions.png\",\"datePublished\":\"2021-09-29T14:23:07+00:00\",\"dateModified\":\"2021-10-04T14:01:52+00:00\",\"breadcrumb\":{\"@id\":\"https:\/\/defenceforchildren.org\/es\/ninas-ninos-y-adolescentes-que-viven-con-sus-progenitores-en-prision\/#breadcrumb\"},\"inLanguage\":\"es\",\"potentialAction\":[{\"@type\":\"ReadAction\",\"target\":[\"https:\/\/defenceforchildren.org\/es\/ninas-ninos-y-adolescentes-que-viven-con-sus-progenitores-en-prision\/\"]}]},{\"@type\":\"ImageObject\",\"inLanguage\":\"es\",\"@id\":\"https:\/\/defenceforchildren.org\/es\/ninas-ninos-y-adolescentes-que-viven-con-sus-progenitores-en-prision\/#primaryimage\",\"url\":\"https:\/\/defenceforchildren.org\/wp-content\/uploads\/2021\/09\/Children-living-with-parents-in-prisions.png\",\"contentUrl\":\"https:\/\/defenceforchildren.org\/wp-content\/uploads\/2021\/09\/Children-living-with-parents-in-prisions.png\",\"width\":799,\"height\":533},{\"@type\":\"BreadcrumbList\",\"@id\":\"https:\/\/defenceforchildren.org\/es\/ninas-ninos-y-adolescentes-que-viven-con-sus-progenitores-en-prision\/#breadcrumb\",\"itemListElement\":[{\"@type\":\"ListItem\",\"position\":1,\"name\":\"Inicio\",\"item\":\"https:\/\/defenceforchildren.org\/es\/\"},{\"@type\":\"ListItem\",\"position\":2,\"name\":\"Ni\u00f1as, ni\u00f1os y adolescentes que viven con sus progenitores en prisi\u00f3n\"}]},{\"@type\":\"WebSite\",\"@id\":\"https:\/\/defenceforchildren.org\/#website\",\"url\":\"https:\/\/defenceforchildren.org\/\",\"name\":\"Defence for Children\",\"description\":\"\",\"publisher\":{\"@id\":\"https:\/\/defenceforchildren.org\/#organization\"},\"potentialAction\":[{\"@type\":\"SearchAction\",\"target\":{\"@type\":\"EntryPoint\",\"urlTemplate\":\"https:\/\/defenceforchildren.org\/?s={search_term_string}\"},\"query-input\":{\"@type\":\"PropertyValueSpecification\",\"valueRequired\":true,\"valueName\":\"search_term_string\"}}],\"inLanguage\":\"es\"},{\"@type\":\"Organization\",\"@id\":\"https:\/\/defenceforchildren.org\/#organization\",\"name\":\"Defence for Children\",\"url\":\"https:\/\/defenceforchildren.org\/\",\"logo\":{\"@type\":\"ImageObject\",\"inLanguage\":\"es\",\"@id\":\"https:\/\/defenceforchildren.org\/#\/schema\/logo\/image\/\",\"url\":\"https:\/\/defenceforchildren.org\/wp-content\/uploads\/2020\/07\/cropped-INT.-SEC-EN-claim.jpg\",\"contentUrl\":\"https:\/\/defenceforchildren.org\/wp-content\/uploads\/2020\/07\/cropped-INT.-SEC-EN-claim.jpg\",\"width\":1431,\"height\":449,\"caption\":\"Defence for Children\"},\"image\":{\"@id\":\"https:\/\/defenceforchildren.org\/#\/schema\/logo\/image\/\"},\"sameAs\":[\"https:\/\/fr.wikipedia.org\/wiki\/Defence_for_Children_International\"]},{\"@type\":\"Person\",\"@id\":\"https:\/\/defenceforchildren.org\/#\/schema\/person\/9541019ea0377bfc30e2cbbbb9adc5e9\",\"name\":\"Defence for Children\",\"image\":{\"@type\":\"ImageObject\",\"inLanguage\":\"es\",\"@id\":\"https:\/\/defenceforchildren.org\/#\/schema\/person\/image\/\",\"url\":\"https:\/\/secure.gravatar.com\/avatar\/10eb139d73f78549568375f543efd2ed773063735b6ea6a975066b2f03004b44?s=96&d=mm&r=g\",\"contentUrl\":\"https:\/\/secure.gravatar.com\/avatar\/10eb139d73f78549568375f543efd2ed773063735b6ea6a975066b2f03004b44?s=96&d=mm&r=g\",\"caption\":\"Defence for Children\"},\"url\":\"https:\/\/defenceforchildren.org\/es\/author\/defence4c\/\"}]}<\/script>\n<!-- \/ Yoast SEO plugin. -->","yoast_head_json":{"title":"Ni\u00f1as, ni\u00f1os y adolescentes que viven con sus progenitores en prisi\u00f3n - Defence for Children","robots":{"index":"index","follow":"follow","max-snippet":"max-snippet:-1","max-image-preview":"max-image-preview:large","max-video-preview":"max-video-preview:-1"},"canonical":"https:\/\/defenceforchildren.org\/es\/ninas-ninos-y-adolescentes-que-viven-con-sus-progenitores-en-prision\/","twitter_misc":{"Escrito por":"Defence for Children","Tiempo de lectura":"7 minutos"},"schema":{"@context":"https:\/\/schema.org","@graph":[{"@type":"Article","@id":"https:\/\/defenceforchildren.org\/es\/ninas-ninos-y-adolescentes-que-viven-con-sus-progenitores-en-prision\/#article","isPartOf":{"@id":"https:\/\/defenceforchildren.org\/es\/ninas-ninos-y-adolescentes-que-viven-con-sus-progenitores-en-prision\/"},"author":{"name":"Defence for Children","@id":"https:\/\/defenceforchildren.org\/#\/schema\/person\/9541019ea0377bfc30e2cbbbb9adc5e9"},"headline":"Ni\u00f1as, ni\u00f1os y adolescentes que viven con sus progenitores en prisi\u00f3n","datePublished":"2021-09-29T14:23:07+00:00","dateModified":"2021-10-04T14:01:52+00:00","mainEntityOfPage":{"@id":"https:\/\/defenceforchildren.org\/es\/ninas-ninos-y-adolescentes-que-viven-con-sus-progenitores-en-prision\/"},"wordCount":1565,"publisher":{"@id":"https:\/\/defenceforchildren.org\/#organization"},"image":{"@id":"https:\/\/defenceforchildren.org\/es\/ninas-ninos-y-adolescentes-que-viven-con-sus-progenitores-en-prision\/#primaryimage"},"thumbnailUrl":"https:\/\/defenceforchildren.org\/wp-content\/uploads\/2021\/09\/Children-living-with-parents-in-prisions.png","articleSection":["Highlight @es","Noticias"],"inLanguage":"es"},{"@type":"WebPage","@id":"https:\/\/defenceforchildren.org\/es\/ninas-ninos-y-adolescentes-que-viven-con-sus-progenitores-en-prision\/","url":"https:\/\/defenceforchildren.org\/es\/ninas-ninos-y-adolescentes-que-viven-con-sus-progenitores-en-prision\/","name":"Ni\u00f1as, ni\u00f1os y adolescentes que viven con sus progenitores en prisi\u00f3n - Defence for Children","isPartOf":{"@id":"https:\/\/defenceforchildren.org\/#website"},"primaryImageOfPage":{"@id":"https:\/\/defenceforchildren.org\/es\/ninas-ninos-y-adolescentes-que-viven-con-sus-progenitores-en-prision\/#primaryimage"},"image":{"@id":"https:\/\/defenceforchildren.org\/es\/ninas-ninos-y-adolescentes-que-viven-con-sus-progenitores-en-prision\/#primaryimage"},"thumbnailUrl":"https:\/\/defenceforchildren.org\/wp-content\/uploads\/2021\/09\/Children-living-with-parents-in-prisions.png","datePublished":"2021-09-29T14:23:07+00:00","dateModified":"2021-10-04T14:01:52+00:00","breadcrumb":{"@id":"https:\/\/defenceforchildren.org\/es\/ninas-ninos-y-adolescentes-que-viven-con-sus-progenitores-en-prision\/#breadcrumb"},"inLanguage":"es","potentialAction":[{"@type":"ReadAction","target":["https:\/\/defenceforchildren.org\/es\/ninas-ninos-y-adolescentes-que-viven-con-sus-progenitores-en-prision\/"]}]},{"@type":"ImageObject","inLanguage":"es","@id":"https:\/\/defenceforchildren.org\/es\/ninas-ninos-y-adolescentes-que-viven-con-sus-progenitores-en-prision\/#primaryimage","url":"https:\/\/defenceforchildren.org\/wp-content\/uploads\/2021\/09\/Children-living-with-parents-in-prisions.png","contentUrl":"https:\/\/defenceforchildren.org\/wp-content\/uploads\/2021\/09\/Children-living-with-parents-in-prisions.png","width":799,"height":533},{"@type":"BreadcrumbList","@id":"https:\/\/defenceforchildren.org\/es\/ninas-ninos-y-adolescentes-que-viven-con-sus-progenitores-en-prision\/#breadcrumb","itemListElement":[{"@type":"ListItem","position":1,"name":"Inicio","item":"https:\/\/defenceforchildren.org\/es\/"},{"@type":"ListItem","position":2,"name":"Ni\u00f1as, ni\u00f1os y adolescentes que viven con sus progenitores en prisi\u00f3n"}]},{"@type":"WebSite","@id":"https:\/\/defenceforchildren.org\/#website","url":"https:\/\/defenceforchildren.org\/","name":"Defence for Children","description":"","publisher":{"@id":"https:\/\/defenceforchildren.org\/#organization"},"potentialAction":[{"@type":"SearchAction","target":{"@type":"EntryPoint","urlTemplate":"https:\/\/defenceforchildren.org\/?s={search_term_string}"},"query-input":{"@type":"PropertyValueSpecification","valueRequired":true,"valueName":"search_term_string"}}],"inLanguage":"es"},{"@type":"Organization","@id":"https:\/\/defenceforchildren.org\/#organization","name":"Defence for Children","url":"https:\/\/defenceforchildren.org\/","logo":{"@type":"ImageObject","inLanguage":"es","@id":"https:\/\/defenceforchildren.org\/#\/schema\/logo\/image\/","url":"https:\/\/defenceforchildren.org\/wp-content\/uploads\/2020\/07\/cropped-INT.-SEC-EN-claim.jpg","contentUrl":"https:\/\/defenceforchildren.org\/wp-content\/uploads\/2020\/07\/cropped-INT.-SEC-EN-claim.jpg","width":1431,"height":449,"caption":"Defence for Children"},"image":{"@id":"https:\/\/defenceforchildren.org\/#\/schema\/logo\/image\/"},"sameAs":["https:\/\/fr.wikipedia.org\/wiki\/Defence_for_Children_International"]},{"@type":"Person","@id":"https:\/\/defenceforchildren.org\/#\/schema\/person\/9541019ea0377bfc30e2cbbbb9adc5e9","name":"Defence for Children","image":{"@type":"ImageObject","inLanguage":"es","@id":"https:\/\/defenceforchildren.org\/#\/schema\/person\/image\/","url":"https:\/\/secure.gravatar.com\/avatar\/10eb139d73f78549568375f543efd2ed773063735b6ea6a975066b2f03004b44?s=96&d=mm&r=g","contentUrl":"https:\/\/secure.gravatar.com\/avatar\/10eb139d73f78549568375f543efd2ed773063735b6ea6a975066b2f03004b44?s=96&d=mm&r=g","caption":"Defence for Children"},"url":"https:\/\/defenceforchildren.org\/es\/author\/defence4c\/"}]}},"_links":{"self":[{"href":"https:\/\/defenceforchildren.org\/es\/wp-json\/wp\/v2\/posts\/20554","targetHints":{"allow":["GET"]}}],"collection":[{"href":"https:\/\/defenceforchildren.org\/es\/wp-json\/wp\/v2\/posts"}],"about":[{"href":"https:\/\/defenceforchildren.org\/es\/wp-json\/wp\/v2\/types\/post"}],"author":[{"embeddable":true,"href":"https:\/\/defenceforchildren.org\/es\/wp-json\/wp\/v2\/users\/4"}],"replies":[{"embeddable":true,"href":"https:\/\/defenceforchildren.org\/es\/wp-json\/wp\/v2\/comments?post=20554"}],"version-history":[{"count":0,"href":"https:\/\/defenceforchildren.org\/es\/wp-json\/wp\/v2\/posts\/20554\/revisions"}],"wp:featuredmedia":[{"embeddable":true,"href":"https:\/\/defenceforchildren.org\/es\/wp-json\/wp\/v2\/media\/20552"}],"wp:attachment":[{"href":"https:\/\/defenceforchildren.org\/es\/wp-json\/wp\/v2\/media?parent=20554"}],"wp:term":[{"taxonomy":"category","embeddable":true,"href":"https:\/\/defenceforchildren.org\/es\/wp-json\/wp\/v2\/categories?post=20554"},{"taxonomy":"post_tag","embeddable":true,"href":"https:\/\/defenceforchildren.org\/es\/wp-json\/wp\/v2\/tags?post=20554"}],"curies":[{"name":"wp","href":"https:\/\/api.w.org\/{rel}","templated":true}]}}