{"id":20547,"date":"2021-09-29T13:59:41","date_gmt":"2021-09-29T12:59:41","guid":{"rendered":"https:\/\/defenceforchildren.org\/es\/?p=20547"},"modified":"2021-10-04T14:47:24","modified_gmt":"2021-10-04T13:47:24","slug":"la-detencion-de-ninas-ninos-y-adolescentes-palestinos-por-parte-de-israel-es-un-ultraje-a-la-humanidad","status":"publish","type":"post","link":"https:\/\/defenceforchildren.org\/es\/la-detencion-de-ninas-ninos-y-adolescentes-palestinos-por-parte-de-israel-es-un-ultraje-a-la-humanidad\/","title":{"rendered":"La detenci\u00f3n de ni\u00f1as, ni\u00f1os y adolescentes palestinos por parte de Israel es un ultraje a la humanidad"},"content":{"rendered":"\t\t<div data-elementor-type=\"wp-post\" data-elementor-id=\"20547\" class=\"elementor elementor-20547\" data-elementor-post-type=\"post\">\n\t\t\t\t\t\t<section class=\"elementor-section elementor-top-section elementor-element elementor-element-74a8ecf elementor-section-boxed elementor-section-height-default elementor-section-height-default\" data-id=\"74a8ecf\" data-element_type=\"section\" data-e-type=\"section\">\n\t\t\t\t\t\t<div class=\"elementor-container elementor-column-gap-default\">\n\t\t\t\t\t<div class=\"elementor-column elementor-col-100 elementor-top-column elementor-element elementor-element-42f6b0e\" data-id=\"42f6b0e\" data-element_type=\"column\" data-e-type=\"column\">\n\t\t\t<div class=\"elementor-widget-wrap elementor-element-populated\">\n\t\t\t\t\t\t<div class=\"elementor-element elementor-element-e3f0f5a elementor-widget elementor-widget-spacer\" data-id=\"e3f0f5a\" data-element_type=\"widget\" data-e-type=\"widget\" data-widget_type=\"spacer.default\">\n\t\t\t\t<div class=\"elementor-widget-container\">\n\t\t\t\t\t\t\t<div class=\"elementor-spacer\">\n\t\t\t<div class=\"elementor-spacer-inner\"><\/div>\n\t\t<\/div>\n\t\t\t\t\t\t<\/div>\n\t\t\t\t<\/div>\n\t\t\t\t\t<\/div>\n\t\t<\/div>\n\t\t\t\t\t<\/div>\n\t\t<\/section>\n\t\t\t\t<section class=\"elementor-section elementor-top-section elementor-element elementor-element-77d2ab0 elementor-section-boxed elementor-section-height-default elementor-section-height-default\" data-id=\"77d2ab0\" data-element_type=\"section\" data-e-type=\"section\">\n\t\t\t\t\t\t<div class=\"elementor-container elementor-column-gap-default\">\n\t\t\t\t\t<div class=\"elementor-column elementor-col-100 elementor-top-column elementor-element elementor-element-600f66b\" data-id=\"600f66b\" data-element_type=\"column\" data-e-type=\"column\">\n\t\t\t<div class=\"elementor-widget-wrap elementor-element-populated\">\n\t\t\t\t\t\t<div class=\"elementor-element elementor-element-451afad elementor-widget elementor-widget-image\" data-id=\"451afad\" data-element_type=\"widget\" data-e-type=\"widget\" data-widget_type=\"image.default\">\n\t\t\t\t<div class=\"elementor-widget-container\">\n\t\t\t\t\t\t\t\t\t\t\t\t\t\t\t<img fetchpriority=\"high\" decoding=\"async\" width=\"750\" height=\"422\" src=\"https:\/\/defenceforchildren.org\/wp-content\/uploads\/2021\/09\/obaida-750x422.jpg\" class=\"attachment-medium size-medium wp-image-20534\" alt=\"\" srcset=\"https:\/\/defenceforchildren.org\/wp-content\/uploads\/2021\/09\/obaida-750x422.jpg 750w, https:\/\/defenceforchildren.org\/wp-content\/uploads\/2021\/09\/obaida-1024x576.jpg 1024w, https:\/\/defenceforchildren.org\/wp-content\/uploads\/2021\/09\/obaida-768x432.jpg 768w, https:\/\/defenceforchildren.org\/wp-content\/uploads\/2021\/09\/obaida.jpg 1280w\" sizes=\"(max-width: 750px) 100vw, 750px\" \/>\t\t\t\t\t\t\t\t\t\t\t\t\t\t\t<\/div>\n\t\t\t\t<\/div>\n\t\t\t\t\t<\/div>\n\t\t<\/div>\n\t\t\t\t\t<\/div>\n\t\t<\/section>\n\t\t\t\t<section class=\"elementor-section elementor-top-section elementor-element elementor-element-43b5d69 elementor-section-boxed elementor-section-height-default elementor-section-height-default\" data-id=\"43b5d69\" data-element_type=\"section\" data-e-type=\"section\">\n\t\t\t\t\t\t<div class=\"elementor-container elementor-column-gap-default\">\n\t\t\t\t\t<div class=\"elementor-column elementor-col-50 elementor-top-column elementor-element elementor-element-89d0a44\" data-id=\"89d0a44\" data-element_type=\"column\" data-e-type=\"column\">\n\t\t\t<div class=\"elementor-widget-wrap elementor-element-populated\">\n\t\t\t\t\t\t\t<\/div>\n\t\t<\/div>\n\t\t\t\t<div class=\"elementor-column elementor-col-50 elementor-top-column elementor-element elementor-element-a2def77\" data-id=\"a2def77\" data-element_type=\"column\" data-e-type=\"column\">\n\t\t\t<div class=\"elementor-widget-wrap elementor-element-populated\">\n\t\t\t\t\t\t<div class=\"elementor-element elementor-element-21ccca2 elementor-widget elementor-widget-text-editor\" data-id=\"21ccca2\" data-element_type=\"widget\" data-e-type=\"widget\" data-widget_type=\"text-editor.default\">\n\t\t\t\t<div class=\"elementor-widget-container\">\n\t\t\t\t\t\t\t\t\t<p>\u00a9DNI-Palestina<\/p>\t\t\t\t\t\t\t\t<\/div>\n\t\t\t\t<\/div>\n\t\t\t\t\t<\/div>\n\t\t<\/div>\n\t\t\t\t\t<\/div>\n\t\t<\/section>\n\t\t\t\t<section class=\"elementor-section elementor-top-section elementor-element elementor-element-facd289 elementor-section-boxed elementor-section-height-default elementor-section-height-default\" data-id=\"facd289\" data-element_type=\"section\" data-e-type=\"section\">\n\t\t\t\t\t\t<div class=\"elementor-container elementor-column-gap-default\">\n\t\t\t\t\t<div class=\"elementor-column elementor-col-50 elementor-top-column elementor-element elementor-element-8fe7bbc\" data-id=\"8fe7bbc\" data-element_type=\"column\" data-e-type=\"column\">\n\t\t\t<div class=\"elementor-widget-wrap elementor-element-populated\">\n\t\t\t\t\t\t\t<\/div>\n\t\t<\/div>\n\t\t\t\t<div class=\"elementor-column elementor-col-50 elementor-top-column elementor-element elementor-element-22dfd9e\" data-id=\"22dfd9e\" data-element_type=\"column\" data-e-type=\"column\">\n\t\t\t<div class=\"elementor-widget-wrap elementor-element-populated\">\n\t\t\t\t\t\t<div class=\"elementor-element elementor-element-6b45b42 elementor-widget elementor-widget-text-editor\" data-id=\"6b45b42\" data-element_type=\"widget\" data-e-type=\"widget\" data-widget_type=\"text-editor.default\">\n\t\t\t\t<div class=\"elementor-widget-container\">\n\t\t\t\t\t\t\t\t\t<p><em><strong>Obaida Jawabra, del campo de refugiados de Arroub. Asesinado en mayo de 2021 por las fuerzas israel\u00edes. Ten\u00eda 17 a\u00f1os.<\/strong><\/em><\/p>\t\t\t\t\t\t\t\t<\/div>\n\t\t\t\t<\/div>\n\t\t\t\t\t<\/div>\n\t\t<\/div>\n\t\t\t\t\t<\/div>\n\t\t<\/section>\n\t\t\t\t<section class=\"elementor-section elementor-top-section elementor-element elementor-element-b9f5cb8 elementor-section-boxed elementor-section-height-default elementor-section-height-default\" data-id=\"b9f5cb8\" data-element_type=\"section\" data-e-type=\"section\">\n\t\t\t\t\t\t<div class=\"elementor-container elementor-column-gap-default\">\n\t\t\t\t\t<div class=\"elementor-column elementor-col-100 elementor-top-column elementor-element elementor-element-24d4278\" data-id=\"24d4278\" data-element_type=\"column\" data-e-type=\"column\">\n\t\t\t<div class=\"elementor-widget-wrap elementor-element-populated\">\n\t\t\t\t\t\t<div class=\"elementor-element elementor-element-4b8985a elementor-widget elementor-widget-spacer\" data-id=\"4b8985a\" data-element_type=\"widget\" data-e-type=\"widget\" data-widget_type=\"spacer.default\">\n\t\t\t\t<div class=\"elementor-widget-container\">\n\t\t\t\t\t\t\t<div class=\"elementor-spacer\">\n\t\t\t<div class=\"elementor-spacer-inner\"><\/div>\n\t\t<\/div>\n\t\t\t\t\t\t<\/div>\n\t\t\t\t<\/div>\n\t\t\t\t<div class=\"elementor-element elementor-element-f4e4213 elementor-widget elementor-widget-author-box\" data-id=\"f4e4213\" data-element_type=\"widget\" data-e-type=\"widget\" data-widget_type=\"author-box.default\">\n\t\t\t\t<div class=\"elementor-widget-container\">\n\t\t\t\t\t\t\t<div class=\"elementor-author-box\">\n\t\t\t\t\t\t\t<div  class=\"elementor-author-box__avatar\">\n\t\t\t\t\t<img decoding=\"async\" src=\"https:\/\/defenceforchildren.org\/wp-content\/uploads\/2021\/09\/Khaled-Quzmar-scaled-e1632919447658-676x750.jpg\" alt=\"Imagen de Khaled Quzmar\" loading=\"lazy\">\n\t\t\t\t<\/div>\n\t\t\t\n\t\t\t<div class=\"elementor-author-box__text\">\n\t\t\t\t\t\t\t\t\t<div >\n\t\t\t\t\t\t<h4 class=\"elementor-author-box__name\">\n\t\t\t\t\t\t\tKhaled Quzmar\t\t\t\t\t\t<\/h4>\n\t\t\t\t\t<\/div>\n\t\t\t\t\n\t\t\t\t\t\t\t\t\t<div class=\"elementor-author-box__bio\">\n\t\t\t\t\t\t<p>Director General de DNI-Palestina <\/p>\n\t\t\t\t\t<\/div>\n\t\t\t\t\n\t\t\t\t\t\t\t<\/div>\n\t\t<\/div>\n\t\t\t\t\t\t<\/div>\n\t\t\t\t<\/div>\n\t\t\t\t\t<\/div>\n\t\t<\/div>\n\t\t\t\t\t<\/div>\n\t\t<\/section>\n\t\t\t\t<section class=\"elementor-section elementor-top-section elementor-element elementor-element-4c8fa7e elementor-section-boxed elementor-section-height-default elementor-section-height-default\" data-id=\"4c8fa7e\" data-element_type=\"section\" data-e-type=\"section\">\n\t\t\t\t\t\t<div class=\"elementor-container elementor-column-gap-default\">\n\t\t\t\t\t<div class=\"elementor-column elementor-col-100 elementor-top-column elementor-element elementor-element-5dbafbc\" data-id=\"5dbafbc\" data-element_type=\"column\" data-e-type=\"column\">\n\t\t\t<div class=\"elementor-widget-wrap elementor-element-populated\">\n\t\t\t\t\t\t<div class=\"elementor-element elementor-element-2ba19e7 elementor-widget elementor-widget-spacer\" data-id=\"2ba19e7\" data-element_type=\"widget\" data-e-type=\"widget\" data-widget_type=\"spacer.default\">\n\t\t\t\t<div class=\"elementor-widget-container\">\n\t\t\t\t\t\t\t<div class=\"elementor-spacer\">\n\t\t\t<div class=\"elementor-spacer-inner\"><\/div>\n\t\t<\/div>\n\t\t\t\t\t\t<\/div>\n\t\t\t\t<\/div>\n\t\t\t\t\t<\/div>\n\t\t<\/div>\n\t\t\t\t\t<\/div>\n\t\t<\/section>\n\t\t\t\t<section class=\"elementor-section elementor-top-section elementor-element elementor-element-0f1ab93 elementor-section-boxed elementor-section-height-default elementor-section-height-default\" data-id=\"0f1ab93\" data-element_type=\"section\" data-e-type=\"section\">\n\t\t\t\t\t\t<div class=\"elementor-container elementor-column-gap-default\">\n\t\t\t\t\t<div class=\"elementor-column elementor-col-100 elementor-top-column elementor-element elementor-element-07f6eef\" data-id=\"07f6eef\" data-element_type=\"column\" data-e-type=\"column\">\n\t\t\t<div class=\"elementor-widget-wrap elementor-element-populated\">\n\t\t\t\t\t\t<div class=\"elementor-element elementor-element-7d340ae elementor-widget elementor-widget-text-editor\" data-id=\"7d340ae\" data-element_type=\"widget\" data-e-type=\"widget\" data-widget_type=\"text-editor.default\">\n\t\t\t\t<div class=\"elementor-widget-container\">\n\t\t\t\t\t\t\t\t\t<p><span data-contrast=\"none\">Decid\u00ed ejercer la abogac\u00eda cuando ten\u00eda 15 a\u00f1os, despu\u00e9s de que mi hermano fuera detenido y encarcelado por el ej\u00e9rcito israel\u00ed. Visitarlo en la c\u00e1rcel era un reto, pero me di cuenta de que el abogado de mi hermano pod\u00eda reunirse con \u00e9l individualmente, e incluso abrazarlo. Lo\u00a0\u00fanico que quer\u00eda era abrazar a mi hermano. As\u00ed que estudi\u00e9 derecho en Argelia y volv\u00ed a Palestina para defender a los ni\u00f1os, ni\u00f1as y adolescentes (NNA) palestinos detenidos y encarcelados por el ej\u00e9rcito israel\u00ed.<\/span><span data-ccp-props=\"{&quot;201341983&quot;:0,&quot;335551550&quot;:6,&quot;335551620&quot;:6,&quot;335559739&quot;:160,&quot;335559740&quot;:259}\">\u00a0<\/span><\/p><p><span data-ccp-props=\"{&quot;201341983&quot;:0,&quot;335551550&quot;:6,&quot;335551620&quot;:6,&quot;335559739&quot;:160,&quot;335559740&quot;:259}\">\u00a0<\/span><\/p><p><span data-contrast=\"none\">Desde 1967, Israel aplica dos sistemas jur\u00eddicos distintos en el mismo territorio. En la Cisjordania ocupada, los colonos israel\u00edes est\u00e1n sujetos al sistema jur\u00eddico civil, mientras que los palestinos viven bajo la ley militar. Ning\u00fan NNA<\/span><span data-contrast=\"none\">\u00a0israel\u00ed entra en contacto con los tribunales militares.<\/span><span data-ccp-props=\"{&quot;201341983&quot;:0,&quot;335551550&quot;:6,&quot;335551620&quot;:6,&quot;335559739&quot;:160,&quot;335559740&quot;:259}\">\u00a0<\/span><span style=\"font-size: 18px; color: var( --e-global-color-text );\" data-contrast=\"none\">Israel tiene la infame distinci\u00f3n de ser el \u00fanico pa\u00eds del mundo que procesa autom\u00e1tica y sistem\u00e1ticamente a NNA en tribunales militares. Cada a\u00f1o, entre 500 y 700\u00a0ni\u00f1os, ni\u00f1as y adolescentes palestinos son juzgados en estos tribunales que, en la pr\u00e1ctica y por su dise\u00f1o, niegan los derechos fundamentales de un juicio justo y las protecciones del debido proceso. Este sistema dual no ofrece ning\u00fan \u00e1pice de justicia.<\/span><span style=\"font-size: 18px; color: var( --e-global-color-text );\" data-ccp-props=\"{&quot;201341983&quot;:0,&quot;335551550&quot;:6,&quot;335551620&quot;:6,&quot;335559739&quot;:160,&quot;335559740&quot;:259}\">\u00a0<\/span><span style=\"font-size: 18px; color: var( --e-global-color-text );\" data-contrast=\"none\">Desde el momento en que los NNA palestinos entran en contacto con los soldados israel\u00edes, se les niegan sus derechos humanos m\u00e1s b\u00e1sicos. La mayor\u00eda de los menores palestinos denuncian que les vendan los ojos, que\u00a0han sido cacheados sin\u00a0ropa y\u00a0que han sido sometidos\/as a\u00a0violencia f\u00edsica\u00a0por parte\u00a0de las fuerzas israel\u00edes. La mayor\u00eda de los ni\u00f1os, ni\u00f1as y adolescntes palestinos no son informados del motivo de su detenci\u00f3n, y m\u00e1s de la mitad son obligados a firmar documentos en hebreo, un idioma que no pueden leer ni entender.<\/span><span style=\"font-size: 18px; color: var( --e-global-color-text );\" data-ccp-props=\"{&quot;201341983&quot;:0,&quot;335551550&quot;:6,&quot;335551620&quot;:6,&quot;335559739&quot;:160,&quot;335559740&quot;:259}\">\u00a0<\/span><\/p><p><span style=\"font-size: 18px; color: var( --e-global-color-text );\" data-ccp-props=\"{&quot;201341983&quot;:0,&quot;335551550&quot;:6,&quot;335551620&quot;:6,&quot;335559739&quot;:160,&quot;335559740&quot;:259}\">\u00a0<\/span><\/p><p><span data-contrast=\"none\">La tasa de condenas de los tribunales militares israel\u00edes es superior al 99%. Cuando representaba a ni\u00f1os, ni\u00f1as y adolescentes detenidos en los tribunales militares israel\u00edes, mi trabajo como abogado, guiado por el derecho internacional y la Convenci\u00f3n de las Naciones Unidas sobre los Derechos del Ni\u00f1o (CDN), era conseguir la liberaci\u00f3n del NNA lo antes posible. Cuanto m\u00e1s tiempo pasa un ni\u00f1o,ni\u00f1a o adolescente en detenci\u00f3n militar, m\u00e1s dif\u00edcil le resulta reintegrarse en la escuela y reanudar su vida.<\/span><span data-ccp-props=\"{&quot;201341983&quot;:0,&quot;335551550&quot;:6,&quot;335551620&quot;:6,&quot;335559739&quot;:160,&quot;335559740&quot;:259}\">\u00a0<\/span><\/p><p><span data-ccp-props=\"{&quot;201341983&quot;:0,&quot;335551550&quot;:6,&quot;335551620&quot;:6,&quot;335559739&quot;:160,&quot;335559740&quot;:259}\">\u00a0<\/span><\/p><p><span data-contrast=\"none\">En 1991, Israel ratific\u00f3 la CDN, que estipula que los NNA solo deben ser privados de su libertad como medida de \u00faltimo recurso, no deben ser detenidos ilegal o arbitrariamente y no deben ser sometidos a torturas y otros tratos o castigos crueles, inhumanos o degradantes.<\/span><span data-ccp-props=\"{&quot;201341983&quot;:0,&quot;335551550&quot;:6,&quot;335551620&quot;:6,&quot;335559739&quot;:160,&quot;335559740&quot;:259}\">\u00a0<\/span><span style=\"font-size: 18px; color: var( --e-global-color-text );\" data-contrast=\"none\">A pesar de la ratificaci\u00f3n de la CDN por parte de Israel, las fuerzas israel\u00edes tienen como objetivo la detenci\u00f3n de ni\u00f1os, ni\u00f1as y adolescentes palestinos; en muchos casos, los NNA palestinos son detenidos varias veces. Uno de esos ni\u00f1os era\u00a0Obaida\u00a0Jawabra, del campamento de refugiados de al-Arrub, cerca de Hebr\u00f3n, que ten\u00eda 14 a\u00f1os cuando mi equipo de DNI-Palestina lo represent\u00f3 por primera vez.<\/span><span style=\"font-size: 18px; color: var( --e-global-color-text );\" data-ccp-props=\"{&quot;201341983&quot;:0,&quot;335551550&quot;:6,&quot;335551620&quot;:6,&quot;335559739&quot;:160,&quot;335559740&quot;:259}\">\u00a0<\/span><\/p>\t\t\t\t\t\t\t\t<\/div>\n\t\t\t\t<\/div>\n\t\t\t\t\t<\/div>\n\t\t<\/div>\n\t\t\t\t\t<\/div>\n\t\t<\/section>\n\t\t\t\t<section class=\"elementor-section elementor-top-section elementor-element elementor-element-508b8fc elementor-section-boxed elementor-section-height-default elementor-section-height-default\" data-id=\"508b8fc\" data-element_type=\"section\" data-e-type=\"section\">\n\t\t\t\t\t\t<div class=\"elementor-container elementor-column-gap-default\">\n\t\t\t\t\t<div class=\"elementor-column elementor-col-100 elementor-top-column elementor-element elementor-element-87ff364\" data-id=\"87ff364\" data-element_type=\"column\" data-e-type=\"column\">\n\t\t\t<div class=\"elementor-widget-wrap elementor-element-populated\">\n\t\t\t\t\t\t<div class=\"elementor-element elementor-element-0c680bb elementor-widget elementor-widget-spacer\" data-id=\"0c680bb\" data-element_type=\"widget\" data-e-type=\"widget\" data-widget_type=\"spacer.default\">\n\t\t\t\t<div class=\"elementor-widget-container\">\n\t\t\t\t\t\t\t<div class=\"elementor-spacer\">\n\t\t\t<div class=\"elementor-spacer-inner\"><\/div>\n\t\t<\/div>\n\t\t\t\t\t\t<\/div>\n\t\t\t\t<\/div>\n\t\t\t\t\t<\/div>\n\t\t<\/div>\n\t\t\t\t\t<\/div>\n\t\t<\/section>\n\t\t\t\t<section class=\"elementor-section elementor-top-section elementor-element elementor-element-e069163 elementor-section-boxed elementor-section-height-default elementor-section-height-default\" data-id=\"e069163\" data-element_type=\"section\" data-e-type=\"section\">\n\t\t\t\t\t\t<div class=\"elementor-container elementor-column-gap-default\">\n\t\t\t\t\t<div class=\"elementor-column elementor-col-100 elementor-top-column elementor-element elementor-element-e55a1cf\" data-id=\"e55a1cf\" data-element_type=\"column\" data-e-type=\"column\">\n\t\t\t<div class=\"elementor-widget-wrap elementor-element-populated\">\n\t\t\t\t\t\t<div class=\"elementor-element elementor-element-43bb308 elementor-widget elementor-widget-image\" data-id=\"43bb308\" data-element_type=\"widget\" data-e-type=\"widget\" data-widget_type=\"image.default\">\n\t\t\t\t<div class=\"elementor-widget-container\">\n\t\t\t\t\t\t\t\t\t\t\t\t\t\t\t<img decoding=\"async\" width=\"750\" height=\"500\" src=\"https:\/\/defenceforchildren.org\/wp-content\/uploads\/2021\/09\/Obaida-2-750x500.jpg\" class=\"attachment-medium size-medium wp-image-20537\" alt=\"\" srcset=\"https:\/\/defenceforchildren.org\/wp-content\/uploads\/2021\/09\/Obaida-2-750x500.jpg 750w, https:\/\/defenceforchildren.org\/wp-content\/uploads\/2021\/09\/Obaida-2.jpg 768w\" sizes=\"(max-width: 750px) 100vw, 750px\" \/>\t\t\t\t\t\t\t\t\t\t\t\t\t\t\t<\/div>\n\t\t\t\t<\/div>\n\t\t\t\t\t<\/div>\n\t\t<\/div>\n\t\t\t\t\t<\/div>\n\t\t<\/section>\n\t\t\t\t<section class=\"elementor-section elementor-top-section elementor-element elementor-element-5ed7d1a elementor-section-boxed elementor-section-height-default elementor-section-height-default\" data-id=\"5ed7d1a\" data-element_type=\"section\" data-e-type=\"section\">\n\t\t\t\t\t\t<div class=\"elementor-container elementor-column-gap-default\">\n\t\t\t\t\t<div class=\"elementor-column elementor-col-100 elementor-top-column elementor-element elementor-element-610dac6\" data-id=\"610dac6\" data-element_type=\"column\" data-e-type=\"column\">\n\t\t\t<div class=\"elementor-widget-wrap elementor-element-populated\">\n\t\t\t\t\t\t<div class=\"elementor-element elementor-element-a088ef3 elementor-widget elementor-widget-spacer\" data-id=\"a088ef3\" data-element_type=\"widget\" data-e-type=\"widget\" data-widget_type=\"spacer.default\">\n\t\t\t\t<div class=\"elementor-widget-container\">\n\t\t\t\t\t\t\t<div class=\"elementor-spacer\">\n\t\t\t<div class=\"elementor-spacer-inner\"><\/div>\n\t\t<\/div>\n\t\t\t\t\t\t<\/div>\n\t\t\t\t<\/div>\n\t\t\t\t\t<\/div>\n\t\t<\/div>\n\t\t\t\t\t<\/div>\n\t\t<\/section>\n\t\t\t\t<section class=\"elementor-section elementor-top-section elementor-element elementor-element-8463fa4 elementor-section-boxed elementor-section-height-default elementor-section-height-default\" data-id=\"8463fa4\" data-element_type=\"section\" data-e-type=\"section\">\n\t\t\t\t\t\t<div class=\"elementor-container elementor-column-gap-default\">\n\t\t\t\t\t<div class=\"elementor-column elementor-col-100 elementor-top-column elementor-element elementor-element-7ea41c3\" data-id=\"7ea41c3\" data-element_type=\"column\" data-e-type=\"column\">\n\t\t\t<div class=\"elementor-widget-wrap elementor-element-populated\">\n\t\t\t\t\t\t<div class=\"elementor-element elementor-element-096670b elementor-widget elementor-widget-text-editor\" data-id=\"096670b\" data-element_type=\"widget\" data-e-type=\"widget\" data-widget_type=\"text-editor.default\">\n\t\t\t\t<div class=\"elementor-widget-container\">\n\t\t\t\t\t\t\t\t\t<p><span data-contrast=\"none\">Obaida\u00a0fue detenido por primera vez por las fuerzas israel\u00edes cuando se dirig\u00eda a comprar al\u00a0mercado. Los soldados le vendaron los ojos, le ataron las manos a la espalda y le acusaron de lanzar piedras, el cargo m\u00e1s com\u00fan contra los ni\u00f1os palestinos en los tribunales militares. Luego lo llevaron al centro interrogatorio de\u00a0Etzion, situado dentro de un asentamiento ilegal israel\u00ed.<\/span><span data-ccp-props=\"{&quot;201341983&quot;:0,&quot;335551550&quot;:6,&quot;335551620&quot;:6,&quot;335559739&quot;:160,&quot;335559740&quot;:259}\">\u00a0<\/span><\/p><p><span data-ccp-props=\"{&quot;201341983&quot;:0,&quot;335551550&quot;:6,&quot;335551620&quot;:6,&quot;335559739&quot;:160,&quot;335559740&quot;:259}\">\u00a0<\/span><\/p><p><span data-contrast=\"none\">\u201cTe dar\u00e9 una paliza y te dejar\u00e9 sin dientes si no confiesas\u201d, amenaz\u00f3 el interrogador israel\u00ed encargado de convencer a\u00a0Obaida\u00a0de que admitiera que lanzaba piedras. El interrogador oblig\u00f3 a\u00a0Obaida\u00a0a firmar un documento en hebreo. Despu\u00e9s de horas de interrogatorio,\u00a0Obaida\u00a0fue trasladado al tribunal militar y a la c\u00e1rcel de\u00a0Ofer, pero no antes de ser cacheado al desnudo.\u00a0Obaida\u00a0luch\u00f3 contra los cargos que se le imputaban y finalmente fue absuelto, pero permaneci\u00f3 bajo custodia israel\u00ed durante todo el proceso judicial y pas\u00f3 casi tres meses en prisi\u00f3n.<\/span><span data-ccp-props=\"{&quot;201341983&quot;:0,&quot;335551550&quot;:6,&quot;335551620&quot;:6,&quot;335559739&quot;:160,&quot;335559740&quot;:259}\">\u00a0<\/span><\/p><p><span data-ccp-props=\"{&quot;201341983&quot;:0,&quot;335551550&quot;:6,&quot;335551620&quot;:6,&quot;335559739&quot;:160,&quot;335559740&quot;:259}\">\u00a0<\/span><\/p><p><span data-contrast=\"none\">Obaida\u00a0fue detenido de nuevo menos de un a\u00f1o despu\u00e9s y opt\u00f3 por declararse culpable con la esperanza de conseguir una liberaci\u00f3n m\u00e1s temprana. Luego de esta segunda detenci\u00f3n, DNI-Palestina produjo un cortometraje sobre \u00e9l.\u00a0Obaida\u00a0cont\u00f3 su historia de manera contundente, expresando su esperanza en la liberaci\u00f3n de Palestina.<\/span><span data-ccp-props=\"{&quot;201341983&quot;:0,&quot;335551550&quot;:6,&quot;335551620&quot;:6,&quot;335559739&quot;:160,&quot;335559740&quot;:259}\">\u00a0<\/span><\/p><p><span data-ccp-props=\"{&quot;201341983&quot;:0,&quot;335551550&quot;:6,&quot;335551620&quot;:6,&quot;335559739&quot;:160,&quot;335559740&quot;:259}\">\u00a0<\/span><\/p><p><span data-contrast=\"none\">\u201cSiento libertad, pero no es una libertad completa\u201d, dijo\u00a0Obaida. \u201cPrimero tenemos que liberarnos [de la ocupaci\u00f3n] antes de poder sentir que soy verdaderamente libre. Siento libertad en el sentido de que puedo ir y venir, subirme a un taxi, hablar con quien quiera, discutir con quien quiera. Tienes voluntad personal, puedes hacer lo que quieras. Esto era algo que echaba de menos cuando estaba en la c\u00e1rcel. Pero no estamos liberados, as\u00ed que, \u00bfc\u00f3mo puedo ser verdaderamente feliz?\u201d.<\/span><span data-ccp-props=\"{&quot;201341983&quot;:0,&quot;335551550&quot;:6,&quot;335551620&quot;:6,&quot;335559739&quot;:160,&quot;335559740&quot;:240}\">\u00a0<\/span><\/p><p><span data-ccp-props=\"{&quot;201341983&quot;:0,&quot;335551550&quot;:6,&quot;335551620&quot;:6,&quot;335559739&quot;:160,&quot;335559740&quot;:240}\">\u00a0<\/span><\/p><p><span data-contrast=\"none\">El cortometraje fue visto por miles de personas en todo el mundo, con proyecciones en Washington D.C., San Francisco, Londres y en otras ciudades. Todos los que lo vieron se sintieron conectados con\u00a0Obaida. Su historia inspir\u00f3 a innumerables personas a actuar en favor de la infancia de Palestina.<\/span><span data-ccp-props=\"{&quot;201341983&quot;:0,&quot;335551550&quot;:6,&quot;335551620&quot;:6,&quot;335559739&quot;:160,&quot;335559740&quot;:259}\">\u00a0<\/span><span style=\"font-size: 18px; color: var( --e-global-color-text );\" data-contrast=\"none\">Despu\u00e9s del estreno del cortometraje en primavera de 2019,\u00a0Obaida\u00a0fue detenido por tercera vez y liberado unos d\u00edas despu\u00e9s sin cargos. Los militares israel\u00edes pudieron ver que era un adolescente brillante, sin miedo a compartir su historia con el mundo.<\/span><span style=\"font-size: 18px; color: var( --e-global-color-text );\" data-ccp-props=\"{&quot;201341983&quot;:0,&quot;335551550&quot;:6,&quot;335551620&quot;:6,&quot;335559739&quot;:160,&quot;335559740&quot;:259}\">\u00a0<\/span><\/p><p><span style=\"font-size: 18px; color: var( --e-global-color-text );\" data-ccp-props=\"{&quot;201341983&quot;:0,&quot;335551550&quot;:6,&quot;335551620&quot;:6,&quot;335559739&quot;:160,&quot;335559740&quot;:259}\">\u00a0<\/span><\/p><p><span data-contrast=\"none\">En mayo de 2021, las fuerzas israel\u00edes atacaron a\u00a0Obaida\u00a0por \u00faltima vez. Mientras el ej\u00e9rcito israel\u00ed bombardeaba la Franja de Gaza durante 11 d\u00edas, los palestinos de toda la Cisjordania ocupada protestaban contra la violencia con manifestaciones en todas las ciudades importantes. En una manifestaci\u00f3n en el campamento de refugiados de al-Arrub, donde viv\u00eda\u00a0Obaida, las fuerzas israel\u00edes lo mataron de un disparo en el pecho.\u00a0Obaida\u00a0muri\u00f3 a los 17 a\u00f1os, a pocas semanas de cumplir los 18.<\/span><span data-ccp-props=\"{&quot;201341983&quot;:0,&quot;335551550&quot;:6,&quot;335551620&quot;:6,&quot;335559739&quot;:160,&quot;335559740&quot;:259}\">\u00a0<\/span><\/p><p><span data-ccp-props=\"{&quot;201341983&quot;:0,&quot;335551550&quot;:6,&quot;335551620&quot;:6,&quot;335559739&quot;:160,&quot;335559740&quot;:259}\">\u00a0<\/span><\/p><p><span data-contrast=\"none\">Seg\u00fan nuestra documentaci\u00f3n, hasta el 30 de agosto las fuerzas israel\u00edes han matado brutalmente a 73 ni\u00f1os, ni\u00f1as y adolescentes palestinos este a\u00f1o. Nadie ha rendido cuentas por sus muertes, y es poco probable que alguien lo haga.<\/span><span data-ccp-props=\"{&quot;201341983&quot;:0,&quot;335551550&quot;:6,&quot;335551620&quot;:6,&quot;335559739&quot;:160,&quot;335559740&quot;:259}\">\u00a0<\/span><span style=\"font-size: 18px; color: var( --e-global-color-text );\" data-contrast=\"none\">Las fuerzas israel\u00edes act\u00faan con total impunidad al saber que no habr\u00e1 consecuencias por los homicidios ileg\u00edtimos y otras graves infracciones del derecho internacional. Hasta que la comunidad internacional no exija responsabilidades a los autores, esta seguir\u00e1 siendo la dura realidad de la infancia en Palestina.<\/span><span style=\"font-size: 18px; color: var( --e-global-color-text );\" data-ccp-props=\"{&quot;201341983&quot;:0,&quot;335551550&quot;:6,&quot;335551620&quot;:6,&quot;335559739&quot;:160,&quot;335559740&quot;:259}\">\u00a0<\/span><\/p><p><span data-ccp-props=\"{&quot;201341983&quot;:0,&quot;335551550&quot;:6,&quot;335551620&quot;:6,&quot;335559739&quot;:160,&quot;335559740&quot;:259}\">\u00a0<\/span><\/p><p><span data-contrast=\"none\">Los ni\u00f1os, ni\u00f1as y adolescentes palestinos merecen algo mejor que lo que el mundo les ha ofrecido. Merecen un futuro libre de violencia, un futuro en el que sus sue\u00f1os no se vean limitados por la ocupaci\u00f3n militar israel\u00ed. Un futuro liberado, como el que so\u00f1aba\u00a0Obaida.<\/span><span data-ccp-props=\"{&quot;201341983&quot;:0,&quot;335551550&quot;:6,&quot;335551620&quot;:6,&quot;335559739&quot;:160,&quot;335559740&quot;:259}\">\u00a0<\/span><\/p><p><span data-ccp-props=\"{&quot;201341983&quot;:0,&quot;335551550&quot;:6,&quot;335551620&quot;:6,&quot;335559739&quot;:160,&quot;335559740&quot;:259}\">\u00a0<\/span><\/p><p><span data-contrast=\"none\">Este a\u00f1o se celebra el\u00a030\u00ba\u00a0aniversario de DNI-Palestina. Durante 30 a\u00f1os, hemos defendido a ni\u00f1os, ni\u00f1as y adolescentes palestinos en el sistema judicial militar israel\u00ed, los hemos puesto en contacto con apoyo psicol\u00f3gico tras su liberaci\u00f3n, hemos formado a NNA para que documenten\u00a0las violaciones de sus derechos en sus comunidades, hemos trabajado con los encargados para crear sistemas y entornos adaptados a la infancia, y mucho m\u00e1s. Aunque este trabajo es gratificante, debo admitir que se ha vuelto m\u00e1s dif\u00edcil. Nuestra organizaci\u00f3n se enfrenta a crecientes ataques y represi\u00f3n que hacen que defender a los ni\u00f1os, ni\u00f1as y adolescentes palestinos sea peligroso y para nada f\u00e1cil.<\/span><span data-ccp-props=\"{&quot;201341983&quot;:0,&quot;335551550&quot;:6,&quot;335551620&quot;:6,&quot;335559739&quot;:160,&quot;335559740&quot;:259}\">\u00a0<\/span><\/p><p><span data-contrast=\"none\">\u00a0<\/span><\/p><p><span data-contrast=\"none\">Una red de organizaciones extremistas de la sociedad civil israel\u00ed, con el apoyo del Ministerio de Asuntos Estrat\u00e9gicos y Diplomacia P\u00fablica de Israel, ha organizado campa\u00f1as de difamaci\u00f3n para deslegitimar a las organizaciones humanitarias y de derechos humanos internacionales, palestinas e incluso israel\u00edes que defienden los derechos de la infancia en Palestina.\u00a0<\/span><span style=\"font-size: 18px; color: var( --e-global-color-text );\" data-contrast=\"none\">Aunque sus acusaciones no son fundamentadas y distorsionan elementos cr\u00edticos f\u00e1cticos o legales, han afectado negativamente a la capacidad de organizaciones como la nuestra para prestar asistencia cr\u00edtica a los palestinos y defender sus derechos humanos.<\/span><span style=\"font-size: 18px; color: var( --e-global-color-text );\" data-ccp-props=\"{&quot;201341983&quot;:0,&quot;335551550&quot;:6,&quot;335551620&quot;:6,&quot;335559739&quot;:160,&quot;335559740&quot;:259}\">\u00a0<\/span><\/p><p><span data-ccp-props=\"{&quot;201341983&quot;:0,&quot;335551550&quot;:6,&quot;335551620&quot;:6,&quot;335559739&quot;:160,&quot;335559740&quot;:259}\">\u00a0<\/span><\/p><p><span data-contrast=\"none\">A finales de julio de 2021,\u00a0<a rel=\"noopener\" href=\"https:\/\/defenceforchildren.org\/es\/israeli-forces-raid-dcip-office-confiscate-computers-and-client-files\/\" target=\"_blank\">la polic\u00eda fronteriza paramilitar israel\u00ed hizo una redada en la sede de DNI-Palestina en Al\u00a0Bireh<\/a>, al sur de Ramallah en la Cisjordania ocupada, confiscando\u00a0ordenadores\u00a0y archivos de ni\u00f1os, ni\u00f1as y adolescentes a quienes defendemos.<\/span><span data-ccp-props=\"{&quot;201341983&quot;:0,&quot;335551550&quot;:6,&quot;335551620&quot;:6,&quot;335559739&quot;:160,&quot;335559740&quot;:259}\">\u00a0<\/span><span style=\"font-size: 18px; color: var( --e-global-color-text );\" data-contrast=\"none\">A pesar de estos continuos ataques dise\u00f1ados para desviar nuestros recursos, aplastar nuestra moral y asustar a nuestra red internacional de socios de confianza, nuestro equipo sigue comprometido con la defensa de los derechos de los ni\u00f1os, ni\u00f1as y adolescentes palestinos como\u00a0Obaida, que merecen un futuro libre, no uno que les sea arrebatado violentamente.<\/span><span style=\"font-size: 18px; color: var( --e-global-color-text );\" data-ccp-props=\"{&quot;201341983&quot;:0,&quot;335551550&quot;:6,&quot;335551620&quot;:6,&quot;335559739&quot;:160,&quot;335559740&quot;:259}\">\u00a0<\/span><\/p>\t\t\t\t\t\t\t\t<\/div>\n\t\t\t\t<\/div>\n\t\t\t\t\t<\/div>\n\t\t<\/div>\n\t\t\t\t\t<\/div>\n\t\t<\/section>\n\t\t\t\t<section class=\"elementor-section elementor-top-section elementor-element elementor-element-3d165c7 elementor-section-boxed elementor-section-height-default elementor-section-height-default\" data-id=\"3d165c7\" data-element_type=\"section\" data-e-type=\"section\">\n\t\t\t\t\t\t<div class=\"elementor-container elementor-column-gap-default\">\n\t\t\t\t\t<div class=\"elementor-column elementor-col-100 elementor-top-column elementor-element elementor-element-dfd0d43\" data-id=\"dfd0d43\" data-element_type=\"column\" data-e-type=\"column\">\n\t\t\t<div class=\"elementor-widget-wrap elementor-element-populated\">\n\t\t\t\t\t\t<div class=\"elementor-element elementor-element-cea5245 elementor-widget elementor-widget-spacer\" data-id=\"cea5245\" data-element_type=\"widget\" data-e-type=\"widget\" data-widget_type=\"spacer.default\">\n\t\t\t\t<div class=\"elementor-widget-container\">\n\t\t\t\t\t\t\t<div class=\"elementor-spacer\">\n\t\t\t<div class=\"elementor-spacer-inner\"><\/div>\n\t\t<\/div>\n\t\t\t\t\t\t<\/div>\n\t\t\t\t<\/div>\n\t\t\t\t\t<\/div>\n\t\t<\/div>\n\t\t\t\t\t<\/div>\n\t\t<\/section>\n\t\t\t\t<section class=\"elementor-section elementor-top-section elementor-element elementor-element-0e34442 elementor-section-boxed elementor-section-height-default elementor-section-height-default\" data-id=\"0e34442\" data-element_type=\"section\" data-e-type=\"section\">\n\t\t\t\t\t\t<div class=\"elementor-container elementor-column-gap-default\">\n\t\t\t\t\t<div class=\"elementor-column elementor-col-100 elementor-top-column elementor-element elementor-element-f46d628\" data-id=\"f46d628\" data-element_type=\"column\" data-e-type=\"column\">\n\t\t\t<div class=\"elementor-widget-wrap elementor-element-populated\">\n\t\t\t\t\t\t<div class=\"elementor-element elementor-element-f32fd48 elementor-widget elementor-widget-image\" data-id=\"f32fd48\" data-element_type=\"widget\" data-e-type=\"widget\" data-widget_type=\"image.default\">\n\t\t\t\t<div class=\"elementor-widget-container\">\n\t\t\t\t\t\t\t\t\t\t\t\t\t\t\t<img decoding=\"async\" width=\"680\" height=\"396\" src=\"https:\/\/defenceforchildren.org\/wp-content\/uploads\/2021\/09\/palestinian-office.jpg\" class=\"attachment-medium size-medium wp-image-20540\" alt=\"\" \/>\t\t\t\t\t\t\t\t\t\t\t\t\t\t\t<\/div>\n\t\t\t\t<\/div>\n\t\t\t\t\t<\/div>\n\t\t<\/div>\n\t\t\t\t\t<\/div>\n\t\t<\/section>\n\t\t\t\t<\/div>\n\t\t","protected":false},"excerpt":{"rendered":"<p>\u00a9DNI-Palestina Obaida Jawabra, del campo de refugiados de Arroub. Asesinado en mayo de 2021 por las fuerzas israel\u00edes. Ten\u00eda 17 a\u00f1os. Decid\u00ed ejercer la abogac\u00eda cuando ten\u00eda 15 a\u00f1os, despu\u00e9s de que mi hermano fuera detenido y encarcelado por el ej\u00e9rcito israel\u00ed. Visitarlo en la c\u00e1rcel era un reto, pero me di cuenta de que [&hellip;]<\/p>\n","protected":false},"author":4,"featured_media":20536,"comment_status":"closed","ping_status":"open","sticky":false,"template":"","format":"standard","meta":{"_acf_changed":false,"give_campaign_id":0,"_monsterinsights_skip_tracking":false,"_monsterinsights_sitenote_active":false,"_monsterinsights_sitenote_note":"","_monsterinsights_sitenote_category":0,"site-sidebar-layout":"default","site-content-layout":"default","ast-site-content-layout":"default","site-content-style":"default","site-sidebar-style":"default","ast-global-header-display":"","ast-banner-title-visibility":"","ast-main-header-display":"","ast-hfb-above-header-display":"","ast-hfb-below-header-display":"","ast-hfb-mobile-header-display":"","site-post-title":"","ast-breadcrumbs-content":"","ast-featured-img":"","footer-sml-layout":"","ast-disable-related-posts":"","theme-transparent-header-meta":"default","adv-header-id-meta":"","stick-header-meta":"","header-above-stick-meta":"","header-main-stick-meta":"","header-below-stick-meta":"","astra-migrate-meta-layouts":"default","ast-page-background-enabled":"default","ast-page-background-meta":{"desktop":{"background-color":"var(--ast-global-color-5)","background-image":"","background-repeat":"repeat","background-position":"center center","background-size":"auto","background-attachment":"scroll","background-type":"","background-media":"","overlay-type":"","overlay-color":"","overlay-opacity":"","overlay-gradient":""},"tablet":{"background-color":"","background-image":"","background-repeat":"repeat","background-position":"center center","background-size":"auto","background-attachment":"scroll","background-type":"","background-media":"","overlay-type":"","overlay-color":"","overlay-opacity":"","overlay-gradient":""},"mobile":{"background-color":"","background-image":"","background-repeat":"repeat","background-position":"center center","background-size":"auto","background-attachment":"scroll","background-type":"","background-media":"","overlay-type":"","overlay-color":"","overlay-opacity":"","overlay-gradient":""}},"ast-content-background-meta":{"desktop":{"background-color":"var(--ast-global-color-4)","background-image":"","background-repeat":"repeat","background-position":"center center","background-size":"auto","background-attachment":"scroll","background-type":"","background-media":"","overlay-type":"","overlay-color":"","overlay-opacity":"","overlay-gradient":""},"tablet":{"background-color":"var(--ast-global-color-4)","background-image":"","background-repeat":"repeat","background-position":"center center","background-size":"auto","background-attachment":"scroll","background-type":"","background-media":"","overlay-type":"","overlay-color":"","overlay-opacity":"","overlay-gradient":""},"mobile":{"background-color":"var(--ast-global-color-4)","background-image":"","background-repeat":"repeat","background-position":"center center","background-size":"auto","background-attachment":"scroll","background-type":"","background-media":"","overlay-type":"","overlay-color":"","overlay-opacity":"","overlay-gradient":""}},"footnotes":""},"categories":[747],"tags":[],"class_list":["post-20547","post","type-post","status-publish","format-standard","has-post-thumbnail","hentry","category-noticias"],"acf":[],"yoast_head":"<!-- This site is optimized with the Yoast SEO plugin v27.1.1 - https:\/\/yoast.com\/product\/yoast-seo-wordpress\/ -->\n<title>La detenci\u00f3n de ni\u00f1as, ni\u00f1os y adolescentes palestinos por parte de Israel es un ultraje a la humanidad - Defence for Children<\/title>\n<meta name=\"robots\" content=\"index, follow, max-snippet:-1, max-image-preview:large, max-video-preview:-1\" \/>\n<link rel=\"canonical\" href=\"https:\/\/defenceforchildren.org\/es\/la-detencion-de-ninas-ninos-y-adolescentes-palestinos-por-parte-de-israel-es-un-ultraje-a-la-humanidad\/\" \/>\n<meta name=\"twitter:label1\" content=\"Escrito por\" \/>\n\t<meta name=\"twitter:data1\" content=\"Defence for Children\" \/>\n\t<meta name=\"twitter:label2\" content=\"Tiempo de lectura\" \/>\n\t<meta name=\"twitter:data2\" content=\"7 minutos\" \/>\n<script type=\"application\/ld+json\" class=\"yoast-schema-graph\">{\"@context\":\"https:\/\/schema.org\",\"@graph\":[{\"@type\":\"Article\",\"@id\":\"https:\/\/defenceforchildren.org\/es\/la-detencion-de-ninas-ninos-y-adolescentes-palestinos-por-parte-de-israel-es-un-ultraje-a-la-humanidad\/#article\",\"isPartOf\":{\"@id\":\"https:\/\/defenceforchildren.org\/es\/la-detencion-de-ninas-ninos-y-adolescentes-palestinos-por-parte-de-israel-es-un-ultraje-a-la-humanidad\/\"},\"author\":{\"name\":\"Defence for Children\",\"@id\":\"https:\/\/defenceforchildren.org\/#\/schema\/person\/9541019ea0377bfc30e2cbbbb9adc5e9\"},\"headline\":\"La detenci\u00f3n de ni\u00f1as, ni\u00f1os y adolescentes palestinos por parte de Israel es un ultraje a la humanidad\",\"datePublished\":\"2021-09-29T12:59:41+00:00\",\"dateModified\":\"2021-10-04T13:47:24+00:00\",\"mainEntityOfPage\":{\"@id\":\"https:\/\/defenceforchildren.org\/es\/la-detencion-de-ninas-ninos-y-adolescentes-palestinos-por-parte-de-israel-es-un-ultraje-a-la-humanidad\/\"},\"wordCount\":1517,\"publisher\":{\"@id\":\"https:\/\/defenceforchildren.org\/#organization\"},\"image\":{\"@id\":\"https:\/\/defenceforchildren.org\/es\/la-detencion-de-ninas-ninos-y-adolescentes-palestinos-por-parte-de-israel-es-un-ultraje-a-la-humanidad\/#primaryimage\"},\"thumbnailUrl\":\"https:\/\/defenceforchildren.org\/wp-content\/uploads\/2021\/09\/obaida.jpg\",\"articleSection\":[\"Noticias\"],\"inLanguage\":\"es\"},{\"@type\":\"WebPage\",\"@id\":\"https:\/\/defenceforchildren.org\/es\/la-detencion-de-ninas-ninos-y-adolescentes-palestinos-por-parte-de-israel-es-un-ultraje-a-la-humanidad\/\",\"url\":\"https:\/\/defenceforchildren.org\/es\/la-detencion-de-ninas-ninos-y-adolescentes-palestinos-por-parte-de-israel-es-un-ultraje-a-la-humanidad\/\",\"name\":\"La detenci\u00f3n de ni\u00f1as, ni\u00f1os y adolescentes palestinos por parte de Israel es un ultraje a la humanidad - Defence for Children\",\"isPartOf\":{\"@id\":\"https:\/\/defenceforchildren.org\/#website\"},\"primaryImageOfPage\":{\"@id\":\"https:\/\/defenceforchildren.org\/es\/la-detencion-de-ninas-ninos-y-adolescentes-palestinos-por-parte-de-israel-es-un-ultraje-a-la-humanidad\/#primaryimage\"},\"image\":{\"@id\":\"https:\/\/defenceforchildren.org\/es\/la-detencion-de-ninas-ninos-y-adolescentes-palestinos-por-parte-de-israel-es-un-ultraje-a-la-humanidad\/#primaryimage\"},\"thumbnailUrl\":\"https:\/\/defenceforchildren.org\/wp-content\/uploads\/2021\/09\/obaida.jpg\",\"datePublished\":\"2021-09-29T12:59:41+00:00\",\"dateModified\":\"2021-10-04T13:47:24+00:00\",\"breadcrumb\":{\"@id\":\"https:\/\/defenceforchildren.org\/es\/la-detencion-de-ninas-ninos-y-adolescentes-palestinos-por-parte-de-israel-es-un-ultraje-a-la-humanidad\/#breadcrumb\"},\"inLanguage\":\"es\",\"potentialAction\":[{\"@type\":\"ReadAction\",\"target\":[\"https:\/\/defenceforchildren.org\/es\/la-detencion-de-ninas-ninos-y-adolescentes-palestinos-por-parte-de-israel-es-un-ultraje-a-la-humanidad\/\"]}]},{\"@type\":\"ImageObject\",\"inLanguage\":\"es\",\"@id\":\"https:\/\/defenceforchildren.org\/es\/la-detencion-de-ninas-ninos-y-adolescentes-palestinos-por-parte-de-israel-es-un-ultraje-a-la-humanidad\/#primaryimage\",\"url\":\"https:\/\/defenceforchildren.org\/wp-content\/uploads\/2021\/09\/obaida.jpg\",\"contentUrl\":\"https:\/\/defenceforchildren.org\/wp-content\/uploads\/2021\/09\/obaida.jpg\",\"width\":1280,\"height\":720},{\"@type\":\"BreadcrumbList\",\"@id\":\"https:\/\/defenceforchildren.org\/es\/la-detencion-de-ninas-ninos-y-adolescentes-palestinos-por-parte-de-israel-es-un-ultraje-a-la-humanidad\/#breadcrumb\",\"itemListElement\":[{\"@type\":\"ListItem\",\"position\":1,\"name\":\"Inicio\",\"item\":\"https:\/\/defenceforchildren.org\/es\/\"},{\"@type\":\"ListItem\",\"position\":2,\"name\":\"La detenci\u00f3n de ni\u00f1as, ni\u00f1os y adolescentes palestinos por parte de Israel es un ultraje a la humanidad\"}]},{\"@type\":\"WebSite\",\"@id\":\"https:\/\/defenceforchildren.org\/#website\",\"url\":\"https:\/\/defenceforchildren.org\/\",\"name\":\"Defence for Children\",\"description\":\"\",\"publisher\":{\"@id\":\"https:\/\/defenceforchildren.org\/#organization\"},\"potentialAction\":[{\"@type\":\"SearchAction\",\"target\":{\"@type\":\"EntryPoint\",\"urlTemplate\":\"https:\/\/defenceforchildren.org\/?s={search_term_string}\"},\"query-input\":{\"@type\":\"PropertyValueSpecification\",\"valueRequired\":true,\"valueName\":\"search_term_string\"}}],\"inLanguage\":\"es\"},{\"@type\":\"Organization\",\"@id\":\"https:\/\/defenceforchildren.org\/#organization\",\"name\":\"Defence for Children\",\"url\":\"https:\/\/defenceforchildren.org\/\",\"logo\":{\"@type\":\"ImageObject\",\"inLanguage\":\"es\",\"@id\":\"https:\/\/defenceforchildren.org\/#\/schema\/logo\/image\/\",\"url\":\"https:\/\/defenceforchildren.org\/wp-content\/uploads\/2020\/07\/cropped-INT.-SEC-EN-claim.jpg\",\"contentUrl\":\"https:\/\/defenceforchildren.org\/wp-content\/uploads\/2020\/07\/cropped-INT.-SEC-EN-claim.jpg\",\"width\":1431,\"height\":449,\"caption\":\"Defence for Children\"},\"image\":{\"@id\":\"https:\/\/defenceforchildren.org\/#\/schema\/logo\/image\/\"},\"sameAs\":[\"https:\/\/fr.wikipedia.org\/wiki\/Defence_for_Children_International\"]},{\"@type\":\"Person\",\"@id\":\"https:\/\/defenceforchildren.org\/#\/schema\/person\/9541019ea0377bfc30e2cbbbb9adc5e9\",\"name\":\"Defence for Children\",\"image\":{\"@type\":\"ImageObject\",\"inLanguage\":\"es\",\"@id\":\"https:\/\/defenceforchildren.org\/#\/schema\/person\/image\/\",\"url\":\"https:\/\/secure.gravatar.com\/avatar\/10eb139d73f78549568375f543efd2ed773063735b6ea6a975066b2f03004b44?s=96&d=mm&r=g\",\"contentUrl\":\"https:\/\/secure.gravatar.com\/avatar\/10eb139d73f78549568375f543efd2ed773063735b6ea6a975066b2f03004b44?s=96&d=mm&r=g\",\"caption\":\"Defence for Children\"},\"url\":\"https:\/\/defenceforchildren.org\/es\/author\/defence4c\/\"}]}<\/script>\n<!-- \/ Yoast SEO plugin. -->","yoast_head_json":{"title":"La detenci\u00f3n de ni\u00f1as, ni\u00f1os y adolescentes palestinos por parte de Israel es un ultraje a la humanidad - Defence for Children","robots":{"index":"index","follow":"follow","max-snippet":"max-snippet:-1","max-image-preview":"max-image-preview:large","max-video-preview":"max-video-preview:-1"},"canonical":"https:\/\/defenceforchildren.org\/es\/la-detencion-de-ninas-ninos-y-adolescentes-palestinos-por-parte-de-israel-es-un-ultraje-a-la-humanidad\/","twitter_misc":{"Escrito por":"Defence for Children","Tiempo de lectura":"7 minutos"},"schema":{"@context":"https:\/\/schema.org","@graph":[{"@type":"Article","@id":"https:\/\/defenceforchildren.org\/es\/la-detencion-de-ninas-ninos-y-adolescentes-palestinos-por-parte-de-israel-es-un-ultraje-a-la-humanidad\/#article","isPartOf":{"@id":"https:\/\/defenceforchildren.org\/es\/la-detencion-de-ninas-ninos-y-adolescentes-palestinos-por-parte-de-israel-es-un-ultraje-a-la-humanidad\/"},"author":{"name":"Defence for Children","@id":"https:\/\/defenceforchildren.org\/#\/schema\/person\/9541019ea0377bfc30e2cbbbb9adc5e9"},"headline":"La detenci\u00f3n de ni\u00f1as, ni\u00f1os y adolescentes palestinos por parte de Israel es un ultraje a la humanidad","datePublished":"2021-09-29T12:59:41+00:00","dateModified":"2021-10-04T13:47:24+00:00","mainEntityOfPage":{"@id":"https:\/\/defenceforchildren.org\/es\/la-detencion-de-ninas-ninos-y-adolescentes-palestinos-por-parte-de-israel-es-un-ultraje-a-la-humanidad\/"},"wordCount":1517,"publisher":{"@id":"https:\/\/defenceforchildren.org\/#organization"},"image":{"@id":"https:\/\/defenceforchildren.org\/es\/la-detencion-de-ninas-ninos-y-adolescentes-palestinos-por-parte-de-israel-es-un-ultraje-a-la-humanidad\/#primaryimage"},"thumbnailUrl":"https:\/\/defenceforchildren.org\/wp-content\/uploads\/2021\/09\/obaida.jpg","articleSection":["Noticias"],"inLanguage":"es"},{"@type":"WebPage","@id":"https:\/\/defenceforchildren.org\/es\/la-detencion-de-ninas-ninos-y-adolescentes-palestinos-por-parte-de-israel-es-un-ultraje-a-la-humanidad\/","url":"https:\/\/defenceforchildren.org\/es\/la-detencion-de-ninas-ninos-y-adolescentes-palestinos-por-parte-de-israel-es-un-ultraje-a-la-humanidad\/","name":"La detenci\u00f3n de ni\u00f1as, ni\u00f1os y adolescentes palestinos por parte de Israel es un ultraje a la humanidad - Defence for Children","isPartOf":{"@id":"https:\/\/defenceforchildren.org\/#website"},"primaryImageOfPage":{"@id":"https:\/\/defenceforchildren.org\/es\/la-detencion-de-ninas-ninos-y-adolescentes-palestinos-por-parte-de-israel-es-un-ultraje-a-la-humanidad\/#primaryimage"},"image":{"@id":"https:\/\/defenceforchildren.org\/es\/la-detencion-de-ninas-ninos-y-adolescentes-palestinos-por-parte-de-israel-es-un-ultraje-a-la-humanidad\/#primaryimage"},"thumbnailUrl":"https:\/\/defenceforchildren.org\/wp-content\/uploads\/2021\/09\/obaida.jpg","datePublished":"2021-09-29T12:59:41+00:00","dateModified":"2021-10-04T13:47:24+00:00","breadcrumb":{"@id":"https:\/\/defenceforchildren.org\/es\/la-detencion-de-ninas-ninos-y-adolescentes-palestinos-por-parte-de-israel-es-un-ultraje-a-la-humanidad\/#breadcrumb"},"inLanguage":"es","potentialAction":[{"@type":"ReadAction","target":["https:\/\/defenceforchildren.org\/es\/la-detencion-de-ninas-ninos-y-adolescentes-palestinos-por-parte-de-israel-es-un-ultraje-a-la-humanidad\/"]}]},{"@type":"ImageObject","inLanguage":"es","@id":"https:\/\/defenceforchildren.org\/es\/la-detencion-de-ninas-ninos-y-adolescentes-palestinos-por-parte-de-israel-es-un-ultraje-a-la-humanidad\/#primaryimage","url":"https:\/\/defenceforchildren.org\/wp-content\/uploads\/2021\/09\/obaida.jpg","contentUrl":"https:\/\/defenceforchildren.org\/wp-content\/uploads\/2021\/09\/obaida.jpg","width":1280,"height":720},{"@type":"BreadcrumbList","@id":"https:\/\/defenceforchildren.org\/es\/la-detencion-de-ninas-ninos-y-adolescentes-palestinos-por-parte-de-israel-es-un-ultraje-a-la-humanidad\/#breadcrumb","itemListElement":[{"@type":"ListItem","position":1,"name":"Inicio","item":"https:\/\/defenceforchildren.org\/es\/"},{"@type":"ListItem","position":2,"name":"La detenci\u00f3n de ni\u00f1as, ni\u00f1os y adolescentes palestinos por parte de Israel es un ultraje a la humanidad"}]},{"@type":"WebSite","@id":"https:\/\/defenceforchildren.org\/#website","url":"https:\/\/defenceforchildren.org\/","name":"Defence for Children","description":"","publisher":{"@id":"https:\/\/defenceforchildren.org\/#organization"},"potentialAction":[{"@type":"SearchAction","target":{"@type":"EntryPoint","urlTemplate":"https:\/\/defenceforchildren.org\/?s={search_term_string}"},"query-input":{"@type":"PropertyValueSpecification","valueRequired":true,"valueName":"search_term_string"}}],"inLanguage":"es"},{"@type":"Organization","@id":"https:\/\/defenceforchildren.org\/#organization","name":"Defence for Children","url":"https:\/\/defenceforchildren.org\/","logo":{"@type":"ImageObject","inLanguage":"es","@id":"https:\/\/defenceforchildren.org\/#\/schema\/logo\/image\/","url":"https:\/\/defenceforchildren.org\/wp-content\/uploads\/2020\/07\/cropped-INT.-SEC-EN-claim.jpg","contentUrl":"https:\/\/defenceforchildren.org\/wp-content\/uploads\/2020\/07\/cropped-INT.-SEC-EN-claim.jpg","width":1431,"height":449,"caption":"Defence for Children"},"image":{"@id":"https:\/\/defenceforchildren.org\/#\/schema\/logo\/image\/"},"sameAs":["https:\/\/fr.wikipedia.org\/wiki\/Defence_for_Children_International"]},{"@type":"Person","@id":"https:\/\/defenceforchildren.org\/#\/schema\/person\/9541019ea0377bfc30e2cbbbb9adc5e9","name":"Defence for Children","image":{"@type":"ImageObject","inLanguage":"es","@id":"https:\/\/defenceforchildren.org\/#\/schema\/person\/image\/","url":"https:\/\/secure.gravatar.com\/avatar\/10eb139d73f78549568375f543efd2ed773063735b6ea6a975066b2f03004b44?s=96&d=mm&r=g","contentUrl":"https:\/\/secure.gravatar.com\/avatar\/10eb139d73f78549568375f543efd2ed773063735b6ea6a975066b2f03004b44?s=96&d=mm&r=g","caption":"Defence for Children"},"url":"https:\/\/defenceforchildren.org\/es\/author\/defence4c\/"}]}},"_links":{"self":[{"href":"https:\/\/defenceforchildren.org\/es\/wp-json\/wp\/v2\/posts\/20547","targetHints":{"allow":["GET"]}}],"collection":[{"href":"https:\/\/defenceforchildren.org\/es\/wp-json\/wp\/v2\/posts"}],"about":[{"href":"https:\/\/defenceforchildren.org\/es\/wp-json\/wp\/v2\/types\/post"}],"author":[{"embeddable":true,"href":"https:\/\/defenceforchildren.org\/es\/wp-json\/wp\/v2\/users\/4"}],"replies":[{"embeddable":true,"href":"https:\/\/defenceforchildren.org\/es\/wp-json\/wp\/v2\/comments?post=20547"}],"version-history":[{"count":0,"href":"https:\/\/defenceforchildren.org\/es\/wp-json\/wp\/v2\/posts\/20547\/revisions"}],"wp:featuredmedia":[{"embeddable":true,"href":"https:\/\/defenceforchildren.org\/es\/wp-json\/wp\/v2\/media\/20536"}],"wp:attachment":[{"href":"https:\/\/defenceforchildren.org\/es\/wp-json\/wp\/v2\/media?parent=20547"}],"wp:term":[{"taxonomy":"category","embeddable":true,"href":"https:\/\/defenceforchildren.org\/es\/wp-json\/wp\/v2\/categories?post=20547"},{"taxonomy":"post_tag","embeddable":true,"href":"https:\/\/defenceforchildren.org\/es\/wp-json\/wp\/v2\/tags?post=20547"}],"curies":[{"name":"wp","href":"https:\/\/api.w.org\/{rel}","templated":true}]}}