{"id":20532,"date":"2021-09-29T12:53:53","date_gmt":"2021-09-29T11:53:53","guid":{"rendered":"https:\/\/defenceforchildren.org\/es\/?p=20532"},"modified":"2021-10-04T14:44:30","modified_gmt":"2021-10-04T13:44:30","slug":"la-detencion-es-lo-mejor-que-el-mundo-puede-darme","status":"publish","type":"post","link":"https:\/\/defenceforchildren.org\/es\/la-detencion-es-lo-mejor-que-el-mundo-puede-darme\/","title":{"rendered":"\u00bfLa detenci\u00f3n es lo mejor que el mundo puede darme?"},"content":{"rendered":"\t\t<div data-elementor-type=\"wp-post\" data-elementor-id=\"20532\" class=\"elementor elementor-20532\" data-elementor-post-type=\"post\">\n\t\t\t\t\t\t<section class=\"elementor-section elementor-top-section elementor-element elementor-element-c7bda0f elementor-section-boxed elementor-section-height-default elementor-section-height-default\" data-id=\"c7bda0f\" data-element_type=\"section\" data-e-type=\"section\">\n\t\t\t\t\t\t<div class=\"elementor-container elementor-column-gap-default\">\n\t\t\t\t\t<div class=\"elementor-column elementor-col-100 elementor-top-column elementor-element elementor-element-9c3b198\" data-id=\"9c3b198\" data-element_type=\"column\" data-e-type=\"column\">\n\t\t\t<div class=\"elementor-widget-wrap elementor-element-populated\">\n\t\t\t\t\t\t<div class=\"elementor-element elementor-element-41610db elementor-widget elementor-widget-spacer\" data-id=\"41610db\" data-element_type=\"widget\" data-e-type=\"widget\" data-widget_type=\"spacer.default\">\n\t\t\t\t<div class=\"elementor-widget-container\">\n\t\t\t\t\t\t\t<div class=\"elementor-spacer\">\n\t\t\t<div class=\"elementor-spacer-inner\"><\/div>\n\t\t<\/div>\n\t\t\t\t\t\t<\/div>\n\t\t\t\t<\/div>\n\t\t\t\t<div class=\"elementor-element elementor-element-070de8b elementor-widget elementor-widget-image\" data-id=\"070de8b\" data-element_type=\"widget\" data-e-type=\"widget\" data-widget_type=\"image.default\">\n\t\t\t\t<div class=\"elementor-widget-container\">\n\t\t\t\t\t\t\t\t\t\t\t\t\t\t\t<img fetchpriority=\"high\" decoding=\"async\" width=\"750\" height=\"532\" src=\"https:\/\/defenceforchildren.org\/wp-content\/uploads\/2021\/09\/Diseno-sin-titulo-6-750x532.png\" class=\"attachment-medium size-medium wp-image-20569\" alt=\"\" srcset=\"https:\/\/defenceforchildren.org\/wp-content\/uploads\/2021\/09\/Diseno-sin-titulo-6-750x532.png 750w, https:\/\/defenceforchildren.org\/wp-content\/uploads\/2021\/09\/Diseno-sin-titulo-6-1024x726.png 1024w, https:\/\/defenceforchildren.org\/wp-content\/uploads\/2021\/09\/Diseno-sin-titulo-6-768x545.png 768w, https:\/\/defenceforchildren.org\/wp-content\/uploads\/2021\/09\/Diseno-sin-titulo-6-1536x1090.png 1536w, https:\/\/defenceforchildren.org\/wp-content\/uploads\/2021\/09\/Diseno-sin-titulo-6.png 1748w\" sizes=\"(max-width: 750px) 100vw, 750px\" \/>\t\t\t\t\t\t\t\t\t\t\t\t\t\t\t<\/div>\n\t\t\t\t<\/div>\n\t\t\t\t\t<\/div>\n\t\t<\/div>\n\t\t\t\t\t<\/div>\n\t\t<\/section>\n\t\t\t\t<section class=\"elementor-section elementor-top-section elementor-element elementor-element-bc61cc1 elementor-section-boxed elementor-section-height-default elementor-section-height-default\" data-id=\"bc61cc1\" data-element_type=\"section\" data-e-type=\"section\">\n\t\t\t\t\t\t<div class=\"elementor-container elementor-column-gap-default\">\n\t\t\t\t\t<div class=\"elementor-column elementor-col-33 elementor-top-column elementor-element elementor-element-159713b\" data-id=\"159713b\" data-element_type=\"column\" data-e-type=\"column\">\n\t\t\t<div class=\"elementor-widget-wrap\">\n\t\t\t\t\t\t\t<\/div>\n\t\t<\/div>\n\t\t\t\t<div class=\"elementor-column elementor-col-33 elementor-top-column elementor-element elementor-element-83018e5\" data-id=\"83018e5\" data-element_type=\"column\" data-e-type=\"column\">\n\t\t\t<div class=\"elementor-widget-wrap elementor-element-populated\">\n\t\t\t\t\t\t<div class=\"elementor-element elementor-element-57d7ccc elementor-widget elementor-widget-text-editor\" data-id=\"57d7ccc\" data-element_type=\"widget\" data-e-type=\"widget\" data-widget_type=\"text-editor.default\">\n\t\t\t\t<div class=\"elementor-widget-container\">\n\t\t\t\t\t\t\t\t\t<p>\u00a9DNI-Grecia<\/p>\t\t\t\t\t\t\t\t<\/div>\n\t\t\t\t<\/div>\n\t\t\t\t\t<\/div>\n\t\t<\/div>\n\t\t\t\t<div class=\"elementor-column elementor-col-33 elementor-top-column elementor-element elementor-element-e023fee\" data-id=\"e023fee\" data-element_type=\"column\" data-e-type=\"column\">\n\t\t\t<div class=\"elementor-widget-wrap\">\n\t\t\t\t\t\t\t<\/div>\n\t\t<\/div>\n\t\t\t\t\t<\/div>\n\t\t<\/section>\n\t\t\t\t<section class=\"elementor-section elementor-top-section elementor-element elementor-element-6fe1092 elementor-section-boxed elementor-section-height-default elementor-section-height-default\" data-id=\"6fe1092\" data-element_type=\"section\" data-e-type=\"section\">\n\t\t\t\t\t\t<div class=\"elementor-container elementor-column-gap-default\">\n\t\t\t\t\t<div class=\"elementor-column elementor-col-100 elementor-top-column elementor-element elementor-element-39b9d5f\" data-id=\"39b9d5f\" data-element_type=\"column\" data-e-type=\"column\">\n\t\t\t<div class=\"elementor-widget-wrap elementor-element-populated\">\n\t\t\t\t\t\t<div class=\"elementor-element elementor-element-40ebd1a elementor-widget elementor-widget-spacer\" data-id=\"40ebd1a\" data-element_type=\"widget\" data-e-type=\"widget\" data-widget_type=\"spacer.default\">\n\t\t\t\t<div class=\"elementor-widget-container\">\n\t\t\t\t\t\t\t<div class=\"elementor-spacer\">\n\t\t\t<div class=\"elementor-spacer-inner\"><\/div>\n\t\t<\/div>\n\t\t\t\t\t\t<\/div>\n\t\t\t\t<\/div>\n\t\t\t\t<div class=\"elementor-element elementor-element-c8d6973 elementor-widget elementor-widget-author-box\" data-id=\"c8d6973\" data-element_type=\"widget\" data-e-type=\"widget\" data-widget_type=\"author-box.default\">\n\t\t\t\t<div class=\"elementor-widget-container\">\n\t\t\t\t\t\t\t<div class=\"elementor-author-box\">\n\t\t\t\t\t\t\t<div  class=\"elementor-author-box__avatar\">\n\t\t\t\t\t<img decoding=\"async\" src=\"https:\/\/defenceforchildren.org\/wp-content\/uploads\/2021\/09\/ME-photo-e1633342431250-497x750.jpg\" alt=\"Imagen de  Nantina Tsekeri\" loading=\"lazy\">\n\t\t\t\t<\/div>\n\t\t\t\n\t\t\t<div class=\"elementor-author-box__text\">\n\t\t\t\t\t\t\t\t\t<div >\n\t\t\t\t\t\t<h4 class=\"elementor-author-box__name\">\n\t\t\t\t\t\t\t Nantina Tsekeri\t\t\t\t\t\t<\/h4>\n\t\t\t\t\t<\/div>\n\t\t\t\t\n\t\t\t\t\t\t\t\t\t<div class=\"elementor-author-box__bio\">\n\t\t\t\t\t\t<p>Fundadora y directora de DNI-Grecia<\/p>\n\t\t\t\t\t<\/div>\n\t\t\t\t\n\t\t\t\t\t\t\t<\/div>\n\t\t<\/div>\n\t\t\t\t\t\t<\/div>\n\t\t\t\t<\/div>\n\t\t\t\t\t<\/div>\n\t\t<\/div>\n\t\t\t\t\t<\/div>\n\t\t<\/section>\n\t\t\t\t<section class=\"elementor-section elementor-top-section elementor-element elementor-element-7d051c6 elementor-section-boxed elementor-section-height-default elementor-section-height-default\" data-id=\"7d051c6\" data-element_type=\"section\" data-e-type=\"section\">\n\t\t\t\t\t\t<div class=\"elementor-container elementor-column-gap-default\">\n\t\t\t\t\t<div class=\"elementor-column elementor-col-100 elementor-top-column elementor-element elementor-element-7db36cc\" data-id=\"7db36cc\" data-element_type=\"column\" data-e-type=\"column\">\n\t\t\t<div class=\"elementor-widget-wrap elementor-element-populated\">\n\t\t\t\t\t\t<div class=\"elementor-element elementor-element-5744b4a elementor-widget elementor-widget-spacer\" data-id=\"5744b4a\" data-element_type=\"widget\" data-e-type=\"widget\" data-widget_type=\"spacer.default\">\n\t\t\t\t<div class=\"elementor-widget-container\">\n\t\t\t\t\t\t\t<div class=\"elementor-spacer\">\n\t\t\t<div class=\"elementor-spacer-inner\"><\/div>\n\t\t<\/div>\n\t\t\t\t\t\t<\/div>\n\t\t\t\t<\/div>\n\t\t\t\t\t<\/div>\n\t\t<\/div>\n\t\t\t\t\t<\/div>\n\t\t<\/section>\n\t\t\t\t<section class=\"elementor-section elementor-top-section elementor-element elementor-element-561f298 elementor-section-boxed elementor-section-height-default elementor-section-height-default\" data-id=\"561f298\" data-element_type=\"section\" data-e-type=\"section\">\n\t\t\t\t\t\t<div class=\"elementor-container elementor-column-gap-default\">\n\t\t\t\t\t<div class=\"elementor-column elementor-col-100 elementor-top-column elementor-element elementor-element-7f9a75e\" data-id=\"7f9a75e\" data-element_type=\"column\" data-e-type=\"column\">\n\t\t\t<div class=\"elementor-widget-wrap elementor-element-populated\">\n\t\t\t\t\t\t<div class=\"elementor-element elementor-element-811f6d5 elementor-widget elementor-widget-text-editor\" data-id=\"811f6d5\" data-element_type=\"widget\" data-e-type=\"widget\" data-widget_type=\"text-editor.default\">\n\t\t\t\t<div class=\"elementor-widget-container\">\n\t\t\t\t\t\t\t\t\t<p><span data-contrast=\"none\">Los ni\u00f1os, ni\u00f1as y adolescentes constituyen m\u00e1s de la mitad de la poblaci\u00f3n de refugiados en todo el mundo. En 2020, m\u00e1s de 20.000&nbsp;NNA&nbsp;tuvieron que huir de sus pa\u00edses de origen, solos o con sus cuidadores, en busca de un lugar seguro que los vea y trate como ni\u00f1os.&nbsp;<\/span><span data-ccp-props=\"{&quot;201341983&quot;:0,&quot;335551550&quot;:6,&quot;335551620&quot;:6,&quot;335559739&quot;:200,&quot;335559740&quot;:240}\">&nbsp;<\/span><\/p><p><span data-ccp-props=\"{&quot;201341983&quot;:0,&quot;335551550&quot;:6,&quot;335551620&quot;:6,&quot;335559739&quot;:200,&quot;335559740&quot;:240}\"><br><\/span><\/p>\n<p><span data-contrast=\"none\">Un ni\u00f1o o ni\u00f1a que se convierte en refugiado est\u00e1 obligado\/a&nbsp;a&nbsp;dejar su pa\u00eds por miedo a ser perseguido\/a&nbsp;por m\u00faltiples razones, tales como conflictos armados, desastres naturales, matrimonio forzoso, pertenencia a un determinado grupo social, religi\u00f3n o etnia, entre otras. Un ni\u00f1o o ni\u00f1a que se convierte en refugiado\/a&nbsp;tiene la expectativa de que la comunidad internacional escuche su sufrimiento, su necesidad de protecci\u00f3n inminente y que, una vez que logr\u00f3 huir de su pa\u00eds, el mundo volver\u00e1 a ser justo con \u00e9l\/ella.<\/span><span data-ccp-props=\"{&quot;201341983&quot;:0,&quot;335551550&quot;:6,&quot;335551620&quot;:6,&quot;335559739&quot;:200,&quot;335559740&quot;:240}\">&nbsp;<\/span><\/p><p><span data-ccp-props=\"{&quot;201341983&quot;:0,&quot;335551550&quot;:6,&quot;335551620&quot;:6,&quot;335559739&quot;:200,&quot;335559740&quot;:240}\"><br><\/span><\/p>\n<p><span data-contrast=\"none\">Esta expectativa tiene una raz\u00f3n v\u00e1lida. Entre otros textos legales internacionales, el Art\u00edculo 22 de la Convenci\u00f3n sobre los Derechos del Ni\u00f1o estipula que los estados deber\u00e1n garantizar que los ni\u00f1os y ni\u00f1as que busquen protecci\u00f3n internacional reciban la protecci\u00f3n y la asistencia humanitaria adecuadas de igual manera que el resto de la poblaci\u00f3n infantil dentro de su territorio.<\/span><span data-ccp-props=\"{&quot;201341983&quot;:0,&quot;335551550&quot;:6,&quot;335551620&quot;:6,&quot;335559739&quot;:200,&quot;335559740&quot;:240}\">&nbsp;<\/span><\/p><p><span data-ccp-props=\"{&quot;201341983&quot;:0,&quot;335551550&quot;:6,&quot;335551620&quot;:6,&quot;335559739&quot;:200,&quot;335559740&quot;:240}\"><br><\/span><\/p>\n<p><span data-contrast=\"none\">Sin embargo, en los \u00faltimos a\u00f1os, los pa\u00edses de tr\u00e1nsito o de acogida de la poblaci\u00f3n refugiada se han vuelto creativos a la hora de privar de libertad a los ni\u00f1os, ni\u00f1as y adolescentes en situaci\u00f3n de migraci\u00f3n,&nbsp;y lo presentan como una cuesti\u00f3n de urgencia o una medida tomada para su protecci\u00f3n. En algunas ocasiones, la detenci\u00f3n se presenta como una protecci\u00f3n y en&nbsp;otras, como una inevitable medida de \u00faltimo recurso. Esta tendencia ha hecho que miles de NNA en situaci\u00f3n de migraci\u00f3n sean detenidos\/as&nbsp;y queden sin una infancia que reclamar.<\/span><span data-ccp-props=\"{&quot;201341983&quot;:0,&quot;335551550&quot;:6,&quot;335551620&quot;:6,&quot;335559739&quot;:200,&quot;335559740&quot;:240}\">&nbsp;<\/span><\/p><p><span data-ccp-props=\"{&quot;201341983&quot;:0,&quot;335551550&quot;:6,&quot;335551620&quot;:6,&quot;335559739&quot;:200,&quot;335559740&quot;:240}\"><br><\/span><\/p>\n<p><b><span data-contrast=\"none\">DETENCI\u00d3N BAJO CUSTODIA POR PROTECCI\u00d3N<\/span><\/b><span data-ccp-props=\"{&quot;201341983&quot;:0,&quot;335551550&quot;:6,&quot;335551620&quot;:6,&quot;335559739&quot;:200,&quot;335559740&quot;:240}\">&nbsp;<\/span><\/p><p><span data-ccp-props=\"{&quot;201341983&quot;:0,&quot;335551550&quot;:6,&quot;335551620&quot;:6,&quot;335559739&quot;:200,&quot;335559740&quot;:240}\"><br><\/span><\/p>\n<p><b><i><span data-contrast=\"none\">\u201cDej\u00e9 mi pa\u00eds porque no quer\u00eda convertirme en un ni\u00f1o soldado y matar a otras personas. El viaje a Europa fue largo y peligroso. Cuando llegu\u00e9 a Grecia ped\u00ed asilo. Pens\u00e9 que mi pesadilla hab\u00eda terminado. Pero me equivoqu\u00e9. Me pusieron en una celda de la polic\u00eda sin saber por qu\u00e9. No comet\u00ed ning\u00fan delito\u201d<\/span><\/i><\/b><span data-contrast=\"none\">, dijo Amir de 16 a\u00f1os de edad, a quien le dijeron que la detenci\u00f3n tiene lugar como medio para \u201cprotegerlo\u201d.<\/span><span data-ccp-props=\"{&quot;201341983&quot;:0,&quot;335551550&quot;:6,&quot;335551620&quot;:6,&quot;335559739&quot;:200,&quot;335559740&quot;:240}\">&nbsp;<\/span><\/p><p><span data-ccp-props=\"{&quot;201341983&quot;:0,&quot;335551550&quot;:6,&quot;335551620&quot;:6,&quot;335559739&quot;:200,&quot;335559740&quot;:240}\"><br><\/span><\/p>\n<p><span data-contrast=\"none\">Desde 2016, se han registrado m\u00e1s de 34.000 menores extranjeros no acompa\u00f1ados (MENA) en Grecia despu\u00e9s de cruzar el mar Egeo o que entran al pa\u00eds por tierra desde Turqu\u00eda. Bajo el r\u00e9gimen de custodia por protecci\u00f3n de Grecia, que comenz\u00f3 en 2001, muchos de los ni\u00f1os y ni\u00f1as han terminado detenidos en estaciones de polic\u00eda durante semanas, incluso meses, en lugar de ser transferidos a un lugar seguro adecuado a sus necesidades. Las celdas eran insalubres, estaban hacinadas y por lo general se compart\u00edan con adultos no emparentados, lo que los expon\u00eda a un mayor riesgo de abusos y agresiones sexuales.\u202f<\/span><span data-ccp-props=\"{&quot;134233117&quot;:true,&quot;134233118&quot;:true,&quot;201341983&quot;:0,&quot;335551550&quot;:6,&quot;335551620&quot;:6,&quot;335559739&quot;:160,&quot;335559740&quot;:240}\">&nbsp;<\/span><\/p><p><span data-ccp-props=\"{&quot;134233117&quot;:true,&quot;134233118&quot;:true,&quot;201341983&quot;:0,&quot;335551550&quot;:6,&quot;335551620&quot;:6,&quot;335559739&quot;:160,&quot;335559740&quot;:240}\"><br><\/span><\/p>\n<p><span data-contrast=\"none\">Grecia fue&nbsp;<\/span><a href=\"https:\/\/www.hrw.org\/news\/2019\/06\/15\/european-court-condemns-greeces-migrant-kid-lockups\"><span data-contrast=\"none\">demandada y condenada<\/span><\/a><span data-contrast=\"none\">\u202fpor esta pr\u00e1ctica en m\u00faltiples ocasiones ante el Tribunal Europeo de Derechos Humanos y en 2021 Grecia anunci\u00f3 la abolici\u00f3n de su antigua pr\u00e1ctica de mantener en custodia policial a los ni\u00f1os&nbsp;y ni\u00f1as&nbsp;migrantes no acompa\u00f1ados. Sin embargo, seg\u00fan los datos oficiales recabados del Centro Nacional de Solidaridad Social de Grecia, se registraron 36 ni\u00f1os y ni\u00f1as en custodia de protecci\u00f3n a fines de julio de 2021.<\/span><span data-ccp-props=\"{&quot;134233117&quot;:true,&quot;134233118&quot;:true,&quot;201341983&quot;:0,&quot;335551550&quot;:6,&quot;335551620&quot;:6,&quot;335559739&quot;:160,&quot;335559740&quot;:240}\">&nbsp;<\/span><\/p>\n<p><span data-ccp-props=\"{&quot;134233117&quot;:true,&quot;134233118&quot;:true,&quot;201341983&quot;:0,&quot;335551550&quot;:6,&quot;335551620&quot;:6,&quot;335559739&quot;:160,&quot;335559740&quot;:240}\">&nbsp;<\/span><\/p>\n<p><b><span data-contrast=\"none\">DETENIDOS EN PRISIONES AL AIRE LIBRE LLAMADAS&nbsp;<\/span><\/b><b><i><span data-contrast=\"none\">HOTSPOTS<\/span><\/i><\/b><span data-ccp-props=\"{&quot;134233117&quot;:true,&quot;134233118&quot;:true,&quot;201341983&quot;:0,&quot;335551550&quot;:6,&quot;335551620&quot;:6,&quot;335559739&quot;:160,&quot;335559740&quot;:240}\">&nbsp;<\/span><\/p><p><span data-ccp-props=\"{&quot;134233117&quot;:true,&quot;134233118&quot;:true,&quot;201341983&quot;:0,&quot;335551550&quot;:6,&quot;335551620&quot;:6,&quot;335559739&quot;:160,&quot;335559740&quot;:240}\"><br><\/span><\/p>\n<p><b><i><span data-contrast=\"none\">\u201cEstoy atrapada en el&nbsp;hotspot&nbsp;de Lesbos. En la noche tengo miedo de ir al ba\u00f1o. El otro d\u00eda violaron a una ni\u00f1a de 8 a\u00f1os. Tengo miedo. Durante el d\u00eda hay polic\u00edas por todos lados y no puedo salir con mi mam\u00e1 cuando quiero. Quiero salir de este infierno y quiero ir a la escuela\u201d,<\/span><\/i><\/b><i><span data-contrast=\"none\">&nbsp;dijo F\u00e1tima, de 14 a\u00f1os de edad, que tiene una restricci\u00f3n geogr\u00e1fica en sus m\u00e9ritos.<\/span><\/i><span data-ccp-props=\"{&quot;134233117&quot;:true,&quot;134233118&quot;:true,&quot;201341983&quot;:0,&quot;335551550&quot;:6,&quot;335551620&quot;:6,&quot;335559739&quot;:160,&quot;335559740&quot;:240}\">&nbsp;<\/span><\/p>\n<p><span data-ccp-props=\"{&quot;134233117&quot;:true,&quot;134233118&quot;:true,&quot;201341983&quot;:0,&quot;335551550&quot;:6,&quot;335551620&quot;:6,&quot;335559739&quot;:160,&quot;335559740&quot;:240}\">&nbsp;<\/span><\/p>\n<p><span data-contrast=\"none\">En Grecia, los campos de refugiados (llamados&nbsp;<\/span><i><span data-contrast=\"none\">hotspots&nbsp;<\/span><\/i><span data-contrast=\"none\">en ingl\u00e9s) en las islas se convirtieron esencialmente en centros de acogida despu\u00e9s de la Declaraci\u00f3n UE-Turqu\u00eda de marzo de 2016, traspuesto a la Ley griega 4375\/2016. Gradualmente, a la luz de un gran aumento de migrantes a Grecia despu\u00e9s de 2016, los&nbsp;<\/span><i><span data-contrast=\"none\">hotspots<\/span><\/i><span data-contrast=\"none\">&nbsp;en las islas griegas adquirieron m\u00e1s caracter\u00edsticas de centros de detenci\u00f3n y \u00e1reas donde los derechos humanos se han infringido sistem\u00e1ticamente. Se ha utilizado como modelo de disuasi\u00f3n basado en la pr\u00e1ctica de la limitaci\u00f3n geogr\u00e1fica de la libre circulaci\u00f3n de las personas. Esta restricci\u00f3n geogr\u00e1fica, que en realidad ha transformado los&nbsp;<\/span><i><span data-contrast=\"none\">hotspots<\/span><\/i><span data-contrast=\"none\">&nbsp;en enormes prisiones al aire libre, ha alejado a miles de ni\u00f1os, ni\u00f1as y adolescentes refugiados de ese lugar seguro en cuya b\u00fasqueda se embarcaron inicialmente y al que tienen derecho en virtud del derecho internacional de los&nbsp;derechos humanos.<\/span><span data-ccp-props=\"{&quot;134233117&quot;:true,&quot;134233118&quot;:true,&quot;201341983&quot;:0,&quot;335551550&quot;:6,&quot;335551620&quot;:6,&quot;335559739&quot;:160,&quot;335559740&quot;:240}\">&nbsp;<\/span><\/p>\n<p><span data-ccp-props=\"{&quot;201341983&quot;:0,&quot;335551550&quot;:6,&quot;335551620&quot;:6,&quot;335559739&quot;:200,&quot;335559740&quot;:240}\">&nbsp;<\/span><\/p>\n<p><span data-contrast=\"none\">Con el brote de COVID-19, los NNA que viv\u00edan en&nbsp;<\/span><i><span data-contrast=\"none\">hotspots<\/span><\/i><span data-contrast=\"none\">&nbsp;se vieron obligados a sufrir m\u00e1s restricciones de su libertad y a pr\u00e1cticas discriminatorias. Como respuesta a la pandemia, el gobierno de Grecia aplic\u00f3 un estricto aislamiento de cuarentena en los&nbsp;<\/span><i><span data-contrast=\"none\">hotspots<\/span><\/i><span data-contrast=\"none\">, en nombre de la salud p\u00fablica, el cual dur\u00f3 mucho m\u00e1s que el aislamiento p\u00fablico general.<\/span><span data-ccp-props=\"{&quot;201341983&quot;:0,&quot;335551550&quot;:6,&quot;335551620&quot;:6,&quot;335559739&quot;:200,&quot;335559740&quot;:240}\">&nbsp;<\/span><\/p><p><span data-ccp-props=\"{&quot;201341983&quot;:0,&quot;335551550&quot;:6,&quot;335551620&quot;:6,&quot;335559739&quot;:200,&quot;335559740&quot;:240}\"><br><\/span><\/p>\n<p><span data-contrast=\"none\">Luego de la aprobaci\u00f3n de la Ley 4636\/2019, las cosas se han agravado por los planes del Estado griego de convertir los&nbsp;<\/span><i><span data-contrast=\"none\">hotspots<\/span><\/i><span data-contrast=\"none\">&nbsp;y las \u00e1reas circundantes en \u201ccampos de concentraci\u00f3n\u201d bien vigilados, con puertas cerradas, m\u00faltiples patios est\u00e9riles y acceso limitado a la libre circulaci\u00f3n.&nbsp;<\/span><span data-ccp-props=\"{&quot;201341983&quot;:0,&quot;335551550&quot;:6,&quot;335551620&quot;:6,&quot;335559739&quot;:200,&quot;335559740&quot;:240}\">&nbsp;<\/span><\/p>\n<p><span data-contrast=\"none\">La detenci\u00f3n se traduce&nbsp;en&nbsp;privaci\u00f3n de derechos, visibilidad y amor. Privar a los NNA de libertad es privarlos de su derecho a ser ni\u00f1os&nbsp;y ni\u00f1as. Cuando esta privaci\u00f3n de libertad ocurre en el contexto de la migraci\u00f3n, donde los NNA escapan de la persecuci\u00f3n o de condiciones que amenazan su vida, la detenci\u00f3n no solo profundiza a\u00fan m\u00e1s sus heridas, sino que va m\u00e1s all\u00e1 en la urgencia, ya que crea desconfianza en la humanidad. Y este trauma podr\u00eda ser irreversible.&nbsp;<\/span><span data-ccp-props=\"{&quot;201341983&quot;:0,&quot;335551550&quot;:6,&quot;335551620&quot;:6,&quot;335559739&quot;:200,&quot;335559740&quot;:240,&quot;469777462&quot;:[1839],&quot;469777927&quot;:[0],&quot;469777928&quot;:[1]}\">&nbsp;<\/span><\/p><p><span data-ccp-props=\"{&quot;201341983&quot;:0,&quot;335551550&quot;:6,&quot;335551620&quot;:6,&quot;335559739&quot;:200,&quot;335559740&quot;:240,&quot;469777462&quot;:[1839],&quot;469777927&quot;:[0],&quot;469777928&quot;:[1]}\"><br><\/span><\/p>\n<p><span data-contrast=\"none\">Dado que la privaci\u00f3n de libertad constituye una forma de violencia estructural contra los ni\u00f1os, las ni\u00f1as y adolescentes, este mismo trauma deber\u00e1 sanarse en el contexto de la justicia reparadora, donde las instituciones, la justicia y la sociedad se a\u00fanen para devolver a los NNA la fe en la humanidad, trat\u00e1ndolos con dignidad y respeto. Esto constituye uno de los Objetivos de Desarrollo Sostenible 2030 que todos los estados se han comprometido situar en el centro de sus acciones pol\u00edticas.<\/span><span data-ccp-props=\"{&quot;201341983&quot;:0,&quot;335551550&quot;:6,&quot;335551620&quot;:6,&quot;335559739&quot;:200,&quot;335559740&quot;:240,&quot;469777462&quot;:[1839],&quot;469777927&quot;:[0],&quot;469777928&quot;:[1]}\">&nbsp;<\/span><\/p><p><span data-ccp-props=\"{&quot;201341983&quot;:0,&quot;335551550&quot;:6,&quot;335551620&quot;:6,&quot;335559739&quot;:200,&quot;335559740&quot;:240,&quot;469777462&quot;:[1839],&quot;469777927&quot;:[0],&quot;469777928&quot;:[1]}\"><br><\/span><\/p>\n<p><span data-contrast=\"none\">El Estudio&nbsp;Mundial&nbsp;sobre Ni\u00f1ez&nbsp;Privada&nbsp;de Libertad recuerda a los estados que la detenci\u00f3n de NNA por motivos relativos a la migraci\u00f3n no se puede aplicar como medida de \u00faltimo recurso y no satisface el inter\u00e9s superior del&nbsp;Ni\u00f1o seg\u00fan el Art\u00edculo 3 de la Convenci\u00f3n de los Derechos del Ni\u00f1o de las Naciones Unidas. El&nbsp;Estudio va m\u00e1s all\u00e1 e insta a los Estados a prohibir y poner fin a todas las formas de detenci\u00f3n de los ni\u00f1os y ni\u00f1as y sus familias relacionadas con la migraci\u00f3n,&nbsp;y los exhorta a colocar a los ni\u00f1os&nbsp;y ni\u00f1as&nbsp;solos\/as&nbsp;o con sus familias en contextos no privativos de libertad y basados en la comunidad.&nbsp;<\/span><span data-contrast=\"none\">&nbsp;<\/span><span data-contrast=\"none\">Los datos recabados para los fines de este Estudio indican que hay al menos 330.000 NNA detenidos anualmente&nbsp;en todo el mundo&nbsp;por motivos relativos a la&nbsp;migraci\u00f3n.&nbsp;El Estudio mostr\u00f3 que todos estos ni\u00f1os&nbsp;y ni\u00f1as&nbsp;est\u00e1n expuestos al riesgo de abuso y explotaci\u00f3n sexual, y a la vez desarrollan ansiedad, depresi\u00f3n,&nbsp;pensamientos suicidas&nbsp;y trastornos&nbsp;por estr\u00e9s postraum\u00e1tico.<\/span><span data-ccp-props=\"{&quot;201341983&quot;:0,&quot;335551550&quot;:6,&quot;335551620&quot;:6,&quot;335559739&quot;:200,&quot;335559740&quot;:240}\">&nbsp;<\/span><\/p><p><span data-ccp-props=\"{&quot;201341983&quot;:0,&quot;335551550&quot;:6,&quot;335551620&quot;:6,&quot;335559739&quot;:200,&quot;335559740&quot;:240}\"><br><\/span><\/p>\n<p><span data-contrast=\"none\">Sin lugar a dudas, no hay una justificaci\u00f3n v\u00e1lida basada en la \u00e9tica moral y legal para detener a los ni\u00f1os, ni\u00f1as y adolescentes. La detenci\u00f3n en nombre de intereses de emergencia, p\u00fablicos o de soberan\u00eda del estado,&nbsp;no se puede justificar.<\/span><span data-contrast=\"none\">&nbsp;<\/span><span data-contrast=\"none\">Es en \u00e9pocas de emergencia, como en una situaci\u00f3n de guerra que causa millones de refugiados o una pandemia, cuando la humanidad es puesta a prueba con dureza. Es entonces cuando se espera que los estados no comprometan los valores absolutos que conforman su identidad como estados civilizados. Indudablemente, no privar a los ni\u00f1os, ni\u00f1as y adolescentes de su libertad es uno de ellos.<\/span><span data-ccp-props=\"{&quot;201341983&quot;:0,&quot;335551550&quot;:6,&quot;335551620&quot;:6,&quot;335559739&quot;:200,&quot;335559740&quot;:240}\">&nbsp;<\/span><\/p><p><span data-ccp-props=\"{&quot;201341983&quot;:0,&quot;335551550&quot;:6,&quot;335551620&quot;:6,&quot;335559739&quot;:200,&quot;335559740&quot;:240}\"><br><\/span><\/p>\n<p><span data-contrast=\"none\">Sin embargo, es a\u00fan m\u00e1s evidente que la detenci\u00f3n en el contexto de la migraci\u00f3n ha excedido las normas t\u00edpicas. Encerrar a los NNA entre rejas en aras de su protecci\u00f3n o colocarlos en prisiones hacinadas al aire libre son algunas de las maneras que los estados de la UE han&nbsp;elegido deliberadamente para acoger a los ni\u00f1os, ni\u00f1as y adolescentes&nbsp;en situaci\u00f3n de migraci\u00f3n en los \u00faltimos a\u00f1os. Es innegociable que los pa\u00edses de tr\u00e1nsito o de acogida tienen la obligaci\u00f3n de seguir otra direcci\u00f3n impulsada por los valores consagrados en el texto de la Convenci\u00f3n sobre los Derechos del Ni\u00f1o y de no imponer a los ni\u00f1os&nbsp;y ni\u00f1as&nbsp;restricciones m\u00e1s&nbsp;severas&nbsp;a&nbsp;su libertad. Los dem\u00e1s estados de la UE tambi\u00e9n deben animar a estos estados a seguir ese camino y apoyarlos proporcionalmente.<\/span><span data-contrast=\"none\">&nbsp;<\/span><span data-contrast=\"none\">De lo contrario, seguir\u00e1 siendo inadmisible que la comunidad internacional no haya defendido adecuadamente los derechos fundamentales de los ni\u00f1os, ni\u00f1as y adolescentes refugiados.<\/span><span data-ccp-props=\"{&quot;201341983&quot;:0,&quot;335551550&quot;:6,&quot;335551620&quot;:6,&quot;335559739&quot;:200,&quot;335559740&quot;:240}\">&nbsp;<\/span><\/p><p><span data-ccp-props=\"{&quot;201341983&quot;:0,&quot;335551550&quot;:6,&quot;335551620&quot;:6,&quot;335559739&quot;:200,&quot;335559740&quot;:240}\"><br><\/span><\/p>\n<p><span data-contrast=\"none\">El mundo tiene que darles una respuesta a Amir y a F\u00e1tima cuando pregunten \u201cPOR QU\u00c9\u201d. Y esta respuesta tiene que transformarse en una acci\u00f3n que incluya sanaci\u00f3n y justicia para que, como lecci\u00f3n aprendida, inspire a los estados a ejercitar su creatividad a la hora de gestionar la migraci\u00f3n de modo que no genere da\u00f1os.<\/span><span data-contrast=\"none\">&nbsp;<\/span><span data-contrast=\"none\">Es nuestra responsabilidad que la pr\u00f3xima ocasi\u00f3n que un ni\u00f1o o ni\u00f1a venga a suelo de la UE y solicite un refugio donde albergar su alma y su integridad, la detenci\u00f3n no sea lo mejor que podamos ofrecerle.<\/span><span data-ccp-props=\"{&quot;201341983&quot;:0,&quot;335551550&quot;:6,&quot;335551620&quot;:6,&quot;335559739&quot;:200,&quot;335559740&quot;:240}\">&nbsp;<\/span><\/p>\t\t\t\t\t\t\t\t<\/div>\n\t\t\t\t<\/div>\n\t\t\t\t\t<\/div>\n\t\t<\/div>\n\t\t\t\t\t<\/div>\n\t\t<\/section>\n\t\t\t\t<section class=\"elementor-section elementor-top-section elementor-element elementor-element-a5f7e86 elementor-section-boxed elementor-section-height-default elementor-section-height-default\" data-id=\"a5f7e86\" data-element_type=\"section\" data-e-type=\"section\">\n\t\t\t\t\t\t<div class=\"elementor-container elementor-column-gap-default\">\n\t\t\t\t\t<div class=\"elementor-column elementor-col-100 elementor-top-column elementor-element elementor-element-74dcfb3\" data-id=\"74dcfb3\" data-element_type=\"column\" data-e-type=\"column\">\n\t\t\t<div class=\"elementor-widget-wrap elementor-element-populated\">\n\t\t\t\t\t\t<div class=\"elementor-element elementor-element-7b64815 elementor-widget elementor-widget-spacer\" data-id=\"7b64815\" data-element_type=\"widget\" data-e-type=\"widget\" data-widget_type=\"spacer.default\">\n\t\t\t\t<div class=\"elementor-widget-container\">\n\t\t\t\t\t\t\t<div class=\"elementor-spacer\">\n\t\t\t<div class=\"elementor-spacer-inner\"><\/div>\n\t\t<\/div>\n\t\t\t\t\t\t<\/div>\n\t\t\t\t<\/div>\n\t\t\t\t\t<\/div>\n\t\t<\/div>\n\t\t\t\t\t<\/div>\n\t\t<\/section>\n\t\t\t\t<section class=\"elementor-section elementor-top-section elementor-element elementor-element-6519676 elementor-section-boxed elementor-section-height-default elementor-section-height-default\" data-id=\"6519676\" data-element_type=\"section\" data-e-type=\"section\">\n\t\t\t\t\t\t<div class=\"elementor-container elementor-column-gap-default\">\n\t\t\t\t\t<div class=\"elementor-column elementor-col-100 elementor-top-column elementor-element elementor-element-1253541\" data-id=\"1253541\" data-element_type=\"column\" data-e-type=\"column\">\n\t\t\t<div class=\"elementor-widget-wrap elementor-element-populated\">\n\t\t\t\t\t\t<div class=\"elementor-element elementor-element-33feb28 elementor-widget elementor-widget-image\" data-id=\"33feb28\" data-element_type=\"widget\" data-e-type=\"widget\" data-widget_type=\"image.default\">\n\t\t\t\t<div class=\"elementor-widget-container\">\n\t\t\t\t\t\t\t\t\t\t\t\t\t\t\t<img decoding=\"async\" width=\"690\" height=\"460\" src=\"https:\/\/defenceforchildren.org\/wp-content\/uploads\/2021\/09\/greece.jpg\" class=\"attachment-large size-large wp-image-20530\" alt=\"\" \/>\t\t\t\t\t\t\t\t\t\t\t\t\t\t\t<\/div>\n\t\t\t\t<\/div>\n\t\t\t\t<div class=\"elementor-element elementor-element-9c14d58 elementor-widget elementor-widget-spacer\" data-id=\"9c14d58\" data-element_type=\"widget\" data-e-type=\"widget\" data-widget_type=\"spacer.default\">\n\t\t\t\t<div class=\"elementor-widget-container\">\n\t\t\t\t\t\t\t<div class=\"elementor-spacer\">\n\t\t\t<div class=\"elementor-spacer-inner\"><\/div>\n\t\t<\/div>\n\t\t\t\t\t\t<\/div>\n\t\t\t\t<\/div>\n\t\t\t\t\t<\/div>\n\t\t<\/div>\n\t\t\t\t\t<\/div>\n\t\t<\/section>\n\t\t\t\t<section class=\"elementor-section elementor-top-section elementor-element elementor-element-d67b79f elementor-section-boxed elementor-section-height-default elementor-section-height-default\" data-id=\"d67b79f\" data-element_type=\"section\" data-e-type=\"section\">\n\t\t\t\t\t\t<div class=\"elementor-container elementor-column-gap-default\">\n\t\t\t\t\t<div class=\"elementor-column elementor-col-100 elementor-top-column elementor-element elementor-element-a861970\" data-id=\"a861970\" data-element_type=\"column\" data-e-type=\"column\">\n\t\t\t<div class=\"elementor-widget-wrap elementor-element-populated\">\n\t\t\t\t\t\t<div class=\"elementor-element elementor-element-7d52ce0 elementor-widget-divider--view-line elementor-widget elementor-widget-divider\" data-id=\"7d52ce0\" data-element_type=\"widget\" data-e-type=\"widget\" data-widget_type=\"divider.default\">\n\t\t\t\t<div class=\"elementor-widget-container\">\n\t\t\t\t\t\t\t<div class=\"elementor-divider\">\n\t\t\t<span class=\"elementor-divider-separator\">\n\t\t\t\t\t\t<\/span>\n\t\t<\/div>\n\t\t\t\t\t\t<\/div>\n\t\t\t\t<\/div>\n\t\t\t\t\t<\/div>\n\t\t<\/div>\n\t\t\t\t\t<\/div>\n\t\t<\/section>\n\t\t\t\t<section class=\"elementor-section elementor-top-section elementor-element elementor-element-22afe1b elementor-section-boxed elementor-section-height-default elementor-section-height-default\" data-id=\"22afe1b\" data-element_type=\"section\" data-e-type=\"section\">\n\t\t\t\t\t\t<div class=\"elementor-container elementor-column-gap-default\">\n\t\t\t\t\t<div class=\"elementor-column elementor-col-100 elementor-top-column elementor-element elementor-element-d52b0ce\" data-id=\"d52b0ce\" data-element_type=\"column\" data-e-type=\"column\">\n\t\t\t<div class=\"elementor-widget-wrap elementor-element-populated\">\n\t\t\t\t\t\t<div class=\"elementor-element elementor-element-f89d081 elementor-widget elementor-widget-text-editor\" data-id=\"f89d081\" data-element_type=\"widget\" data-e-type=\"widget\" data-widget_type=\"text-editor.default\">\n\t\t\t\t<div class=\"elementor-widget-container\">\n\t\t\t\t\t\t\t\t\t<h4><i><span data-contrast=\"none\">La Oficina de ayuda a los derechos de los ni\u00f1os, ni\u00f1as y adolescentes de Defensa de Ni\u00f1as y Ni\u00f1os Internacional (DNI) &#8211; Grecia ha recibido m\u00e1s de 400 casos de menores refugiados privados de libertad en los \u00faltimos cuatro a\u00f1os. Algunos de ellos permanecieron detenidos por m\u00e1s de un a\u00f1o. DNI-Grecia dio apoyo legal a estos NNA y fueron liberados de la detenci\u00f3n. La promoci\u00f3n de esta cuesti\u00f3n ha llevado a la abolici\u00f3n del r\u00e9gimen de custodia por protecci\u00f3n en el pa\u00eds. Sin embargo, DNI-Grecia a\u00fan sigue supervisando su aplicaci\u00f3n y trabaja como oficina de vigilancia de los derechos de los NNA en situaci\u00f3n de migraci\u00f3n. Este art\u00edculo refleja los datos y la informaci\u00f3n recopilada a partir del trabajo con estos ni\u00f1os. Los nombres fueron cambiados por motivos de protecci\u00f3n.<\/span><\/i><span data-ccp-props=\"{&quot;201341983&quot;:0,&quot;335551550&quot;:6,&quot;335551620&quot;:6,&quot;335559739&quot;:200,&quot;335559740&quot;:240}\">\u00a0<\/span><\/h4>\t\t\t\t\t\t\t\t<\/div>\n\t\t\t\t<\/div>\n\t\t\t\t\t<\/div>\n\t\t<\/div>\n\t\t\t\t\t<\/div>\n\t\t<\/section>\n\t\t\t\t<\/div>\n\t\t","protected":false},"excerpt":{"rendered":"<p>\u00a9DNI-Grecia Los ni\u00f1os, ni\u00f1as y adolescentes constituyen m\u00e1s de la mitad de la poblaci\u00f3n de refugiados en todo el mundo. En 2020, m\u00e1s de 20.000\u00a0NNA\u00a0tuvieron que huir de sus pa\u00edses de origen, solos o con sus cuidadores, en busca de un lugar seguro que los vea y trate como ni\u00f1os. &nbsp; Un ni\u00f1o o ni\u00f1a [&hellip;]<\/p>\n","protected":false},"author":4,"featured_media":20569,"comment_status":"closed","ping_status":"open","sticky":false,"template":"","format":"standard","meta":{"_acf_changed":false,"give_campaign_id":0,"_monsterinsights_skip_tracking":false,"_monsterinsights_sitenote_active":false,"_monsterinsights_sitenote_note":"","_monsterinsights_sitenote_category":0,"site-sidebar-layout":"default","site-content-layout":"default","ast-site-content-layout":"default","site-content-style":"default","site-sidebar-style":"default","ast-global-header-display":"","ast-banner-title-visibility":"","ast-main-header-display":"","ast-hfb-above-header-display":"","ast-hfb-below-header-display":"","ast-hfb-mobile-header-display":"","site-post-title":"","ast-breadcrumbs-content":"","ast-featured-img":"","footer-sml-layout":"","ast-disable-related-posts":"","theme-transparent-header-meta":"default","adv-header-id-meta":"","stick-header-meta":"","header-above-stick-meta":"","header-main-stick-meta":"","header-below-stick-meta":"","astra-migrate-meta-layouts":"default","ast-page-background-enabled":"default","ast-page-background-meta":{"desktop":{"background-color":"var(--ast-global-color-5)","background-image":"","background-repeat":"repeat","background-position":"center center","background-size":"auto","background-attachment":"scroll","background-type":"","background-media":"","overlay-type":"","overlay-color":"","overlay-opacity":"","overlay-gradient":""},"tablet":{"background-color":"","background-image":"","background-repeat":"repeat","background-position":"center center","background-size":"auto","background-attachment":"scroll","background-type":"","background-media":"","overlay-type":"","overlay-color":"","overlay-opacity":"","overlay-gradient":""},"mobile":{"background-color":"","background-image":"","background-repeat":"repeat","background-position":"center center","background-size":"auto","background-attachment":"scroll","background-type":"","background-media":"","overlay-type":"","overlay-color":"","overlay-opacity":"","overlay-gradient":""}},"ast-content-background-meta":{"desktop":{"background-color":"var(--ast-global-color-4)","background-image":"","background-repeat":"repeat","background-position":"center center","background-size":"auto","background-attachment":"scroll","background-type":"","background-media":"","overlay-type":"","overlay-color":"","overlay-opacity":"","overlay-gradient":""},"tablet":{"background-color":"var(--ast-global-color-4)","background-image":"","background-repeat":"repeat","background-position":"center center","background-size":"auto","background-attachment":"scroll","background-type":"","background-media":"","overlay-type":"","overlay-color":"","overlay-opacity":"","overlay-gradient":""},"mobile":{"background-color":"var(--ast-global-color-4)","background-image":"","background-repeat":"repeat","background-position":"center center","background-size":"auto","background-attachment":"scroll","background-type":"","background-media":"","overlay-type":"","overlay-color":"","overlay-opacity":"","overlay-gradient":""}},"footnotes":""},"categories":[402,747],"tags":[],"class_list":["post-20532","post","type-post","status-publish","format-standard","has-post-thumbnail","hentry","category-highlight-es-es","category-noticias"],"acf":[],"yoast_head":"<!-- This site is optimized with the Yoast SEO plugin v27.1.1 - https:\/\/yoast.com\/product\/yoast-seo-wordpress\/ -->\n<title>\u00bfLa detenci\u00f3n es lo mejor que el mundo puede darme? - Defence for Children<\/title>\n<meta name=\"robots\" content=\"index, follow, max-snippet:-1, max-image-preview:large, max-video-preview:-1\" \/>\n<link rel=\"canonical\" href=\"https:\/\/defenceforchildren.org\/es\/la-detencion-es-lo-mejor-que-el-mundo-puede-darme\/\" \/>\n<meta name=\"twitter:label1\" content=\"Escrito por\" \/>\n\t<meta name=\"twitter:data1\" content=\"Defence for Children\" \/>\n\t<meta name=\"twitter:label2\" content=\"Tiempo de lectura\" \/>\n\t<meta name=\"twitter:data2\" content=\"9 minutos\" \/>\n<script type=\"application\/ld+json\" class=\"yoast-schema-graph\">{\"@context\":\"https:\/\/schema.org\",\"@graph\":[{\"@type\":\"Article\",\"@id\":\"https:\/\/defenceforchildren.org\/es\/la-detencion-es-lo-mejor-que-el-mundo-puede-darme\/#article\",\"isPartOf\":{\"@id\":\"https:\/\/defenceforchildren.org\/es\/la-detencion-es-lo-mejor-que-el-mundo-puede-darme\/\"},\"author\":{\"name\":\"Defence for Children\",\"@id\":\"https:\/\/defenceforchildren.org\/#\/schema\/person\/9541019ea0377bfc30e2cbbbb9adc5e9\"},\"headline\":\"\u00bfLa detenci\u00f3n es lo mejor que el mundo puede darme?\",\"datePublished\":\"2021-09-29T11:53:53+00:00\",\"dateModified\":\"2021-10-04T13:44:30+00:00\",\"mainEntityOfPage\":{\"@id\":\"https:\/\/defenceforchildren.org\/es\/la-detencion-es-lo-mejor-que-el-mundo-puede-darme\/\"},\"wordCount\":1942,\"publisher\":{\"@id\":\"https:\/\/defenceforchildren.org\/#organization\"},\"image\":{\"@id\":\"https:\/\/defenceforchildren.org\/es\/la-detencion-es-lo-mejor-que-el-mundo-puede-darme\/#primaryimage\"},\"thumbnailUrl\":\"https:\/\/defenceforchildren.org\/wp-content\/uploads\/2021\/09\/Diseno-sin-titulo-6.png\",\"articleSection\":[\"Highlight @es\",\"Noticias\"],\"inLanguage\":\"es\"},{\"@type\":\"WebPage\",\"@id\":\"https:\/\/defenceforchildren.org\/es\/la-detencion-es-lo-mejor-que-el-mundo-puede-darme\/\",\"url\":\"https:\/\/defenceforchildren.org\/es\/la-detencion-es-lo-mejor-que-el-mundo-puede-darme\/\",\"name\":\"\u00bfLa detenci\u00f3n es lo mejor que el mundo puede darme? - Defence for Children\",\"isPartOf\":{\"@id\":\"https:\/\/defenceforchildren.org\/#website\"},\"primaryImageOfPage\":{\"@id\":\"https:\/\/defenceforchildren.org\/es\/la-detencion-es-lo-mejor-que-el-mundo-puede-darme\/#primaryimage\"},\"image\":{\"@id\":\"https:\/\/defenceforchildren.org\/es\/la-detencion-es-lo-mejor-que-el-mundo-puede-darme\/#primaryimage\"},\"thumbnailUrl\":\"https:\/\/defenceforchildren.org\/wp-content\/uploads\/2021\/09\/Diseno-sin-titulo-6.png\",\"datePublished\":\"2021-09-29T11:53:53+00:00\",\"dateModified\":\"2021-10-04T13:44:30+00:00\",\"breadcrumb\":{\"@id\":\"https:\/\/defenceforchildren.org\/es\/la-detencion-es-lo-mejor-que-el-mundo-puede-darme\/#breadcrumb\"},\"inLanguage\":\"es\",\"potentialAction\":[{\"@type\":\"ReadAction\",\"target\":[\"https:\/\/defenceforchildren.org\/es\/la-detencion-es-lo-mejor-que-el-mundo-puede-darme\/\"]}]},{\"@type\":\"ImageObject\",\"inLanguage\":\"es\",\"@id\":\"https:\/\/defenceforchildren.org\/es\/la-detencion-es-lo-mejor-que-el-mundo-puede-darme\/#primaryimage\",\"url\":\"https:\/\/defenceforchildren.org\/wp-content\/uploads\/2021\/09\/Diseno-sin-titulo-6.png\",\"contentUrl\":\"https:\/\/defenceforchildren.org\/wp-content\/uploads\/2021\/09\/Diseno-sin-titulo-6.png\",\"width\":1748,\"height\":1240},{\"@type\":\"BreadcrumbList\",\"@id\":\"https:\/\/defenceforchildren.org\/es\/la-detencion-es-lo-mejor-que-el-mundo-puede-darme\/#breadcrumb\",\"itemListElement\":[{\"@type\":\"ListItem\",\"position\":1,\"name\":\"Inicio\",\"item\":\"https:\/\/defenceforchildren.org\/es\/\"},{\"@type\":\"ListItem\",\"position\":2,\"name\":\"\u00bfLa detenci\u00f3n es lo mejor que el mundo puede darme?\"}]},{\"@type\":\"WebSite\",\"@id\":\"https:\/\/defenceforchildren.org\/#website\",\"url\":\"https:\/\/defenceforchildren.org\/\",\"name\":\"Defence for Children\",\"description\":\"\",\"publisher\":{\"@id\":\"https:\/\/defenceforchildren.org\/#organization\"},\"potentialAction\":[{\"@type\":\"SearchAction\",\"target\":{\"@type\":\"EntryPoint\",\"urlTemplate\":\"https:\/\/defenceforchildren.org\/?s={search_term_string}\"},\"query-input\":{\"@type\":\"PropertyValueSpecification\",\"valueRequired\":true,\"valueName\":\"search_term_string\"}}],\"inLanguage\":\"es\"},{\"@type\":\"Organization\",\"@id\":\"https:\/\/defenceforchildren.org\/#organization\",\"name\":\"Defence for Children\",\"url\":\"https:\/\/defenceforchildren.org\/\",\"logo\":{\"@type\":\"ImageObject\",\"inLanguage\":\"es\",\"@id\":\"https:\/\/defenceforchildren.org\/#\/schema\/logo\/image\/\",\"url\":\"https:\/\/defenceforchildren.org\/wp-content\/uploads\/2020\/07\/cropped-INT.-SEC-EN-claim.jpg\",\"contentUrl\":\"https:\/\/defenceforchildren.org\/wp-content\/uploads\/2020\/07\/cropped-INT.-SEC-EN-claim.jpg\",\"width\":1431,\"height\":449,\"caption\":\"Defence for Children\"},\"image\":{\"@id\":\"https:\/\/defenceforchildren.org\/#\/schema\/logo\/image\/\"},\"sameAs\":[\"https:\/\/fr.wikipedia.org\/wiki\/Defence_for_Children_International\"]},{\"@type\":\"Person\",\"@id\":\"https:\/\/defenceforchildren.org\/#\/schema\/person\/9541019ea0377bfc30e2cbbbb9adc5e9\",\"name\":\"Defence for Children\",\"image\":{\"@type\":\"ImageObject\",\"inLanguage\":\"es\",\"@id\":\"https:\/\/defenceforchildren.org\/#\/schema\/person\/image\/\",\"url\":\"https:\/\/secure.gravatar.com\/avatar\/10eb139d73f78549568375f543efd2ed773063735b6ea6a975066b2f03004b44?s=96&d=mm&r=g\",\"contentUrl\":\"https:\/\/secure.gravatar.com\/avatar\/10eb139d73f78549568375f543efd2ed773063735b6ea6a975066b2f03004b44?s=96&d=mm&r=g\",\"caption\":\"Defence for Children\"},\"url\":\"https:\/\/defenceforchildren.org\/es\/author\/defence4c\/\"}]}<\/script>\n<!-- \/ Yoast SEO plugin. -->","yoast_head_json":{"title":"\u00bfLa detenci\u00f3n es lo mejor que el mundo puede darme? - Defence for Children","robots":{"index":"index","follow":"follow","max-snippet":"max-snippet:-1","max-image-preview":"max-image-preview:large","max-video-preview":"max-video-preview:-1"},"canonical":"https:\/\/defenceforchildren.org\/es\/la-detencion-es-lo-mejor-que-el-mundo-puede-darme\/","twitter_misc":{"Escrito por":"Defence for Children","Tiempo de lectura":"9 minutos"},"schema":{"@context":"https:\/\/schema.org","@graph":[{"@type":"Article","@id":"https:\/\/defenceforchildren.org\/es\/la-detencion-es-lo-mejor-que-el-mundo-puede-darme\/#article","isPartOf":{"@id":"https:\/\/defenceforchildren.org\/es\/la-detencion-es-lo-mejor-que-el-mundo-puede-darme\/"},"author":{"name":"Defence for Children","@id":"https:\/\/defenceforchildren.org\/#\/schema\/person\/9541019ea0377bfc30e2cbbbb9adc5e9"},"headline":"\u00bfLa detenci\u00f3n es lo mejor que el mundo puede darme?","datePublished":"2021-09-29T11:53:53+00:00","dateModified":"2021-10-04T13:44:30+00:00","mainEntityOfPage":{"@id":"https:\/\/defenceforchildren.org\/es\/la-detencion-es-lo-mejor-que-el-mundo-puede-darme\/"},"wordCount":1942,"publisher":{"@id":"https:\/\/defenceforchildren.org\/#organization"},"image":{"@id":"https:\/\/defenceforchildren.org\/es\/la-detencion-es-lo-mejor-que-el-mundo-puede-darme\/#primaryimage"},"thumbnailUrl":"https:\/\/defenceforchildren.org\/wp-content\/uploads\/2021\/09\/Diseno-sin-titulo-6.png","articleSection":["Highlight @es","Noticias"],"inLanguage":"es"},{"@type":"WebPage","@id":"https:\/\/defenceforchildren.org\/es\/la-detencion-es-lo-mejor-que-el-mundo-puede-darme\/","url":"https:\/\/defenceforchildren.org\/es\/la-detencion-es-lo-mejor-que-el-mundo-puede-darme\/","name":"\u00bfLa detenci\u00f3n es lo mejor que el mundo puede darme? - Defence for Children","isPartOf":{"@id":"https:\/\/defenceforchildren.org\/#website"},"primaryImageOfPage":{"@id":"https:\/\/defenceforchildren.org\/es\/la-detencion-es-lo-mejor-que-el-mundo-puede-darme\/#primaryimage"},"image":{"@id":"https:\/\/defenceforchildren.org\/es\/la-detencion-es-lo-mejor-que-el-mundo-puede-darme\/#primaryimage"},"thumbnailUrl":"https:\/\/defenceforchildren.org\/wp-content\/uploads\/2021\/09\/Diseno-sin-titulo-6.png","datePublished":"2021-09-29T11:53:53+00:00","dateModified":"2021-10-04T13:44:30+00:00","breadcrumb":{"@id":"https:\/\/defenceforchildren.org\/es\/la-detencion-es-lo-mejor-que-el-mundo-puede-darme\/#breadcrumb"},"inLanguage":"es","potentialAction":[{"@type":"ReadAction","target":["https:\/\/defenceforchildren.org\/es\/la-detencion-es-lo-mejor-que-el-mundo-puede-darme\/"]}]},{"@type":"ImageObject","inLanguage":"es","@id":"https:\/\/defenceforchildren.org\/es\/la-detencion-es-lo-mejor-que-el-mundo-puede-darme\/#primaryimage","url":"https:\/\/defenceforchildren.org\/wp-content\/uploads\/2021\/09\/Diseno-sin-titulo-6.png","contentUrl":"https:\/\/defenceforchildren.org\/wp-content\/uploads\/2021\/09\/Diseno-sin-titulo-6.png","width":1748,"height":1240},{"@type":"BreadcrumbList","@id":"https:\/\/defenceforchildren.org\/es\/la-detencion-es-lo-mejor-que-el-mundo-puede-darme\/#breadcrumb","itemListElement":[{"@type":"ListItem","position":1,"name":"Inicio","item":"https:\/\/defenceforchildren.org\/es\/"},{"@type":"ListItem","position":2,"name":"\u00bfLa detenci\u00f3n es lo mejor que el mundo puede darme?"}]},{"@type":"WebSite","@id":"https:\/\/defenceforchildren.org\/#website","url":"https:\/\/defenceforchildren.org\/","name":"Defence for Children","description":"","publisher":{"@id":"https:\/\/defenceforchildren.org\/#organization"},"potentialAction":[{"@type":"SearchAction","target":{"@type":"EntryPoint","urlTemplate":"https:\/\/defenceforchildren.org\/?s={search_term_string}"},"query-input":{"@type":"PropertyValueSpecification","valueRequired":true,"valueName":"search_term_string"}}],"inLanguage":"es"},{"@type":"Organization","@id":"https:\/\/defenceforchildren.org\/#organization","name":"Defence for Children","url":"https:\/\/defenceforchildren.org\/","logo":{"@type":"ImageObject","inLanguage":"es","@id":"https:\/\/defenceforchildren.org\/#\/schema\/logo\/image\/","url":"https:\/\/defenceforchildren.org\/wp-content\/uploads\/2020\/07\/cropped-INT.-SEC-EN-claim.jpg","contentUrl":"https:\/\/defenceforchildren.org\/wp-content\/uploads\/2020\/07\/cropped-INT.-SEC-EN-claim.jpg","width":1431,"height":449,"caption":"Defence for Children"},"image":{"@id":"https:\/\/defenceforchildren.org\/#\/schema\/logo\/image\/"},"sameAs":["https:\/\/fr.wikipedia.org\/wiki\/Defence_for_Children_International"]},{"@type":"Person","@id":"https:\/\/defenceforchildren.org\/#\/schema\/person\/9541019ea0377bfc30e2cbbbb9adc5e9","name":"Defence for Children","image":{"@type":"ImageObject","inLanguage":"es","@id":"https:\/\/defenceforchildren.org\/#\/schema\/person\/image\/","url":"https:\/\/secure.gravatar.com\/avatar\/10eb139d73f78549568375f543efd2ed773063735b6ea6a975066b2f03004b44?s=96&d=mm&r=g","contentUrl":"https:\/\/secure.gravatar.com\/avatar\/10eb139d73f78549568375f543efd2ed773063735b6ea6a975066b2f03004b44?s=96&d=mm&r=g","caption":"Defence for Children"},"url":"https:\/\/defenceforchildren.org\/es\/author\/defence4c\/"}]}},"_links":{"self":[{"href":"https:\/\/defenceforchildren.org\/es\/wp-json\/wp\/v2\/posts\/20532","targetHints":{"allow":["GET"]}}],"collection":[{"href":"https:\/\/defenceforchildren.org\/es\/wp-json\/wp\/v2\/posts"}],"about":[{"href":"https:\/\/defenceforchildren.org\/es\/wp-json\/wp\/v2\/types\/post"}],"author":[{"embeddable":true,"href":"https:\/\/defenceforchildren.org\/es\/wp-json\/wp\/v2\/users\/4"}],"replies":[{"embeddable":true,"href":"https:\/\/defenceforchildren.org\/es\/wp-json\/wp\/v2\/comments?post=20532"}],"version-history":[{"count":0,"href":"https:\/\/defenceforchildren.org\/es\/wp-json\/wp\/v2\/posts\/20532\/revisions"}],"wp:featuredmedia":[{"embeddable":true,"href":"https:\/\/defenceforchildren.org\/es\/wp-json\/wp\/v2\/media\/20569"}],"wp:attachment":[{"href":"https:\/\/defenceforchildren.org\/es\/wp-json\/wp\/v2\/media?parent=20532"}],"wp:term":[{"taxonomy":"category","embeddable":true,"href":"https:\/\/defenceforchildren.org\/es\/wp-json\/wp\/v2\/categories?post=20532"},{"taxonomy":"post_tag","embeddable":true,"href":"https:\/\/defenceforchildren.org\/es\/wp-json\/wp\/v2\/tags?post=20532"}],"curies":[{"name":"wp","href":"https:\/\/api.w.org\/{rel}","templated":true}]}}