{"id":12550,"date":"2019-02-11T15:32:30","date_gmt":"2019-02-11T14:32:30","guid":{"rendered":"https:\/\/defenceforchildren.org\/es\/children-affected-by-armed-conflict\/"},"modified":"2024-11-25T10:15:16","modified_gmt":"2024-11-25T09:15:16","slug":"children-affected-by-armed-conflict","status":"publish","type":"post","link":"https:\/\/defenceforchildren.org\/es\/children-affected-by-armed-conflict\/","title":{"rendered":"Ni\u00f1as, Ni\u00f1os y Adolescentes Afectados por Conflictos Armados"},"content":{"rendered":"\t\t<div data-elementor-type=\"wp-post\" data-elementor-id=\"12550\" class=\"elementor elementor-12550\" data-elementor-post-type=\"post\">\n\t\t\t\t\t\t<section class=\"elementor-section elementor-top-section elementor-element elementor-element-76b34eb elementor-section-boxed elementor-section-height-default elementor-section-height-default\" data-id=\"76b34eb\" data-element_type=\"section\" data-e-type=\"section\">\n\t\t\t\t\t\t<div class=\"elementor-container elementor-column-gap-default\">\n\t\t\t\t\t<div class=\"elementor-column elementor-col-100 elementor-top-column elementor-element elementor-element-f863ed1\" data-id=\"f863ed1\" data-element_type=\"column\" data-e-type=\"column\">\n\t\t\t<div class=\"elementor-widget-wrap elementor-element-populated\">\n\t\t\t\t\t\t<div class=\"elementor-element elementor-element-817c621 elementor-widget elementor-widget-image\" data-id=\"817c621\" data-element_type=\"widget\" data-e-type=\"widget\" data-widget_type=\"image.default\">\n\t\t\t\t<div class=\"elementor-widget-container\">\n\t\t\t\t\t\t\t\t\t\t\t\t\t\t\t<img fetchpriority=\"high\" decoding=\"async\" width=\"1024\" height=\"601\" src=\"https:\/\/defenceforchildren.org\/wp-content\/uploads\/2019\/02\/CAAC.jpg\" class=\"attachment-2048x2048 size-2048x2048 wp-image-12490\" alt=\"\" srcset=\"https:\/\/defenceforchildren.org\/wp-content\/uploads\/2019\/02\/CAAC.jpg 1024w, https:\/\/defenceforchildren.org\/wp-content\/uploads\/2019\/02\/CAAC-750x440.jpg 750w, https:\/\/defenceforchildren.org\/wp-content\/uploads\/2019\/02\/CAAC-768x451.jpg 768w, https:\/\/defenceforchildren.org\/wp-content\/uploads\/2019\/02\/CAAC-600x352.jpg 600w\" sizes=\"(max-width: 1024px) 100vw, 1024px\" \/>\t\t\t\t\t\t\t\t\t\t\t\t\t\t\t<\/div>\n\t\t\t\t<\/div>\n\t\t\t\t<div class=\"elementor-element elementor-element-7b22980 elementor-align-center elementor-widget elementor-widget-button\" data-id=\"7b22980\" data-element_type=\"widget\" data-e-type=\"widget\" data-widget_type=\"button.default\">\n\t\t\t\t<div class=\"elementor-widget-container\">\n\t\t\t\t\t\t\t\t\t<div class=\"elementor-button-wrapper\">\n\t\t\t\t\t<a class=\"elementor-button elementor-size-sm\" role=\"button\">\n\t\t\t\t\t\t<span class=\"elementor-button-content-wrapper\">\n\t\t\t\t\t\t\t\t\t<span class=\"elementor-button-text\">NNA afectados por conflictos armados<\/span>\n\t\t\t\t\t<\/span>\n\t\t\t\t\t<\/a>\n\t\t\t\t<\/div>\n\t\t\t\t\t\t\t\t<\/div>\n\t\t\t\t<\/div>\n\t\t\t\t\t<\/div>\n\t\t<\/div>\n\t\t\t\t\t<\/div>\n\t\t<\/section>\n\t\t\t\t<section class=\"elementor-section elementor-top-section elementor-element elementor-element-2890149 elementor-section-boxed elementor-section-height-default elementor-section-height-default\" data-id=\"2890149\" data-element_type=\"section\" data-e-type=\"section\">\n\t\t\t\t\t\t<div class=\"elementor-container elementor-column-gap-default\">\n\t\t\t\t\t<div class=\"elementor-column elementor-col-50 elementor-top-column elementor-element elementor-element-f231918\" data-id=\"f231918\" data-element_type=\"column\" data-e-type=\"column\">\n\t\t\t<div class=\"elementor-widget-wrap elementor-element-populated\">\n\t\t\t\t\t\t<div class=\"elementor-element elementor-element-18ace58 elementor-widget elementor-widget-text-editor\" data-id=\"18ace58\" data-element_type=\"widget\" data-e-type=\"widget\" data-widget_type=\"text-editor.default\">\n\t\t\t\t<div class=\"elementor-widget-container\">\n\t\t\t\t\t\t\t\t\t<p><span data-contrast=\"auto\">La <strong>Oficina de la Representante Especial del Secretario General&nbsp;<\/strong><\/span><strong>de la ONU&nbsp;para la cuesti\u00f3n de los ni\u00f1os y los conflictos&nbsp;ar<\/strong><span data-contrast=\"auto\"><strong>mados<\/strong> (<\/span><span data-contrast=\"auto\">RE<\/span><span data-contrast=\"auto\">SG\/<\/span><span data-contrast=\"auto\">NCA, por sus siglas en ingl\u00e9s<\/span><span data-contrast=\"auto\">)&nbsp;<\/span><span data-contrast=\"auto\">reporta que alrededor de <strong>250 millon<\/strong><\/span><strong>es&nbsp;de ni\u00f1os, ni\u00f1as y adolescentes&nbsp;<\/strong><span data-contrast=\"auto\"><strong>viven en pa\u00edses afectados por conflictos<\/strong>.&nbsp;El informe&nbsp;<\/span><span data-contrast=\"auto\">de los&nbsp;<\/span><span data-contrast=\"auto\">\u00faltimos<\/span><span data-contrast=\"auto\">&nbsp;diez a\u00f1os revela que&nbsp;<\/span><span data-contrast=\"auto\">la<\/span><span data-contrast=\"auto\">&nbsp;ONU<\/span>&nbsp;<span data-contrast=\"auto\">verific\u00f3 que&nbsp;<\/span><span data-contrast=\"auto\">se produjeron<\/span>&nbsp;<strong>m\u00e1s&nbsp;de 170. 000&nbsp;graves violaciones contra los NNA&nbsp;en medio de los conflictos.&nbsp;<\/strong><\/p>\n<p><\/p>\n<p><span data-contrast=\"auto\">Estos millones de&nbsp;<\/span><span data-contrast=\"auto\">NNA<\/span><span data-contrast=\"auto\">&nbsp;son privados de s<\/span><span data-contrast=\"auto\">u ni\u00f1ez y&nbsp;<\/span><span data-contrast=\"auto\">de&nbsp;<\/span><span data-contrast=\"auto\">sus derechos humanos fundamentales.<\/span><span data-contrast=\"auto\">&nbsp;<\/span><span data-contrast=\"auto\">A pesar de la protec<\/span><span data-contrast=\"auto\">ci\u00f3<\/span><span data-contrast=\"auto\">n que las leyes internacionales&nbsp;<\/span><span data-contrast=\"auto\">deber\u00edan<\/span><span data-contrast=\"auto\"> conceder<\/span><span data-contrast=\"auto\">les<\/span><span data-contrast=\"auto\">, los conflictos<strong>&nbsp;<\/strong><\/span><strong>les ponen<\/strong><span data-contrast=\"auto\"><strong>&nbsp;en situaciones de vulnerabilidad y riesgos extremos<\/strong>. Con demasiada <\/span><span data-contrast=\"auto\">frecuencia, las <\/span><span data-contrast=\"auto\">NNA&nbsp;<\/span><span data-contrast=\"auto\">&nbsp;son&nbsp;<\/span><strong>involucrados en&nbsp;las hostilidades&nbsp;del conflicto armado<\/strong><span data-contrast=\"auto\"><strong>,<\/strong>&nbsp;<\/span><span data-contrast=\"auto\">ya sea<\/span><span data-contrast=\"auto\">&nbsp;directamente&nbsp;<\/span><span data-contrast=\"auto\">a trav\u00e9s del reclutamiento de ni\u00f1os, ni\u00f1as y adolescentes<\/span>&nbsp;<span data-contrast=\"auto\">soldados o&nbsp;<\/span><span data-contrast=\"auto\">de manera indirecta<\/span><span data-contrast=\"auto\">,&nbsp;<\/span><span data-contrast=\"auto\">cuando los NNA tienen que desplazarse&nbsp;<\/span><span data-contrast=\"auto\">forzosamente<\/span><span data-contrast=\"auto\">,&nbsp;<\/span><span data-contrast=\"auto\">son deteni<\/span><span data-contrast=\"auto\">d<\/span><span data-contrast=\"auto\">os, asesinados, mutilados, secuestrados,&nbsp;<\/span><span data-contrast=\"auto\">heridos o explotados.&nbsp;&nbsp;<\/span><\/p>\n<p><\/p>\n<p><span data-contrast=\"auto\">Creemos y defendemos que <strong>las <\/strong><\/span><strong>NNA afectados por los&nbsp;conflictos deben&nbsp;disfrutar de la plena&nbsp;protecci\u00f3n&nbsp;y&nbsp;del cumplimiento<\/strong><span data-contrast=\"auto\"><strong>&nbsp;de sus derechos humanos<\/strong> conforme a<\/span><span data-contrast=\"auto\">:<\/span>&nbsp;<a href=\"https:\/\/www.ohchr.org\/SP\/ProfessionalInterest\/Pages\/CRC.aspx\"><span data-contrast=\"none\">la Convenci\u00f3n sobre los Derechos del Ni\u00f1o de l<\/span><span data-contrast=\"none\">as Naciones Unida<\/span><span data-contrast=\"none\">s<\/span><\/a><span data-contrast=\"auto\">&nbsp;y&nbsp;<\/span><span data-contrast=\"none\">sus&nbsp;<\/span><span data-contrast=\"none\">Protocolos Facultativos<\/span>&nbsp;<span data-contrast=\"auto\">(como <\/span><a href=\"https:\/\/www.ohchr.org\/SP\/ProfessionalInterest\/Pages\/OPACCRC.aspx\"><span data-contrast=\"none\">el Protocolo Facultativo&nbsp;<\/span><span data-contrast=\"none\">de la Convenci\u00f3n sobre los Derechos del Ni\u00f1o relativo a la participaci\u00f3n de ni\u00f1os en los conflictos armados (2002)<\/span><\/a><span data-contrast=\"auto\">&nbsp;y&nbsp;<\/span><span data-contrast=\"auto\">de acuerdo a los&nbsp;<\/span><span data-contrast=\"auto\">principios<\/span><span data-contrast=\"auto\"> internacionals&nbsp;<\/span><span data-contrast=\"auto\">pertine<\/span><span data-contrast=\"auto\">ntes<\/span><span data-contrast=\"auto\">. Los NNA<\/span>&nbsp;<span data-contrast=\"auto\">deben tener acceso a todos los recursos necesarios <strong>para poder <\/strong><\/span><strong>desarrollarse como como&nbsp;<\/strong><span data-contrast=\"auto\"><strong>miembros plenos y responsables de nuestra sociedad, <\/strong>especialmente&nbsp;<\/span><span data-contrast=\"auto\">para convertirse en<\/span><span data-contrast=\"auto\">&nbsp;actores de cambio y de paz durante y&nbsp;<\/span><span data-contrast=\"auto\">tras el conflicto<\/span><span data-contrast=\"auto\">.<\/span><span data-ccp-props=\"{&quot;201341983&quot;:0,&quot;335551550&quot;:6,&quot;335551620&quot;:6,&quot;335559740&quot;:240}\">&nbsp;<\/span><\/p>\t\t\t\t\t\t\t\t<\/div>\n\t\t\t\t<\/div>\n\t\t\t\t<div class=\"elementor-element elementor-element-9f0c6ce elementor-widget elementor-widget-image\" data-id=\"9f0c6ce\" data-element_type=\"widget\" data-e-type=\"widget\" data-widget_type=\"image.default\">\n\t\t\t\t<div class=\"elementor-widget-container\">\n\t\t\t\t\t\t\t\t\t\t\t\t\t\t\t<img decoding=\"async\" width=\"1024\" height=\"594\" src=\"https:\/\/defenceforchildren.org\/wp-content\/uploads\/2021\/03\/soldier-e1622625380359-1024x594.jpg\" class=\"attachment-large size-large wp-image-19373\" alt=\"\" srcset=\"https:\/\/defenceforchildren.org\/wp-content\/uploads\/2021\/03\/soldier-e1622625380359-1024x594.jpg 1024w, https:\/\/defenceforchildren.org\/wp-content\/uploads\/2021\/03\/soldier-e1622625380359-750x435.jpg 750w, https:\/\/defenceforchildren.org\/wp-content\/uploads\/2021\/03\/soldier-e1622625380359-768x445.jpg 768w, https:\/\/defenceforchildren.org\/wp-content\/uploads\/2021\/03\/soldier-e1622625380359-1536x891.jpg 1536w, https:\/\/defenceforchildren.org\/wp-content\/uploads\/2021\/03\/soldier-e1622625380359-2048x1188.jpg 2048w\" sizes=\"(max-width: 1024px) 100vw, 1024px\" \/>\t\t\t\t\t\t\t\t\t\t\t\t\t\t\t<\/div>\n\t\t\t\t<\/div>\n\t\t\t\t\t<\/div>\n\t\t<\/div>\n\t\t\t\t<div class=\"elementor-column elementor-col-50 elementor-top-column elementor-element elementor-element-3e57c17\" data-id=\"3e57c17\" data-element_type=\"column\" data-e-type=\"column\">\n\t\t\t<div class=\"elementor-widget-wrap elementor-element-populated\">\n\t\t\t\t\t\t<div class=\"elementor-element elementor-element-5f802df elementor-widget elementor-widget-image\" data-id=\"5f802df\" data-element_type=\"widget\" data-e-type=\"widget\" data-widget_type=\"image.default\">\n\t\t\t\t<div class=\"elementor-widget-container\">\n\t\t\t\t\t\t\t\t\t\t\t\t\t\t\t<img decoding=\"async\" width=\"410\" height=\"1024\" src=\"https:\/\/defenceforchildren.org\/wp-content\/uploads\/2023\/02\/Conflictos-armados-410x1024.png\" class=\"attachment-large size-large wp-image-22862\" alt=\"\" srcset=\"https:\/\/defenceforchildren.org\/wp-content\/uploads\/2023\/02\/Conflictos-armados-410x1024.png 410w, https:\/\/defenceforchildren.org\/wp-content\/uploads\/2023\/02\/Conflictos-armados-300x750.png 300w, https:\/\/defenceforchildren.org\/wp-content\/uploads\/2023\/02\/Conflictos-armados-768x1920.png 768w, https:\/\/defenceforchildren.org\/wp-content\/uploads\/2023\/02\/Conflictos-armados.png 800w\" sizes=\"(max-width: 410px) 100vw, 410px\" \/>\t\t\t\t\t\t\t\t\t\t\t\t\t\t\t<\/div>\n\t\t\t\t<\/div>\n\t\t\t\t\t<\/div>\n\t\t<\/div>\n\t\t\t\t\t<\/div>\n\t\t<\/section>\n\t\t\t\t<section class=\"elementor-section elementor-top-section elementor-element elementor-element-cb0bbb9 elementor-section-boxed elementor-section-height-default elementor-section-height-default\" data-id=\"cb0bbb9\" data-element_type=\"section\" data-e-type=\"section\">\n\t\t\t\t\t\t<div class=\"elementor-container elementor-column-gap-default\">\n\t\t\t\t\t<div class=\"elementor-column elementor-col-100 elementor-top-column elementor-element elementor-element-2dbe397\" data-id=\"2dbe397\" data-element_type=\"column\" data-e-type=\"column\">\n\t\t\t<div class=\"elementor-widget-wrap elementor-element-populated\">\n\t\t\t\t\t\t<div class=\"elementor-element elementor-element-65f4450 elementor-widget elementor-widget-spacer\" data-id=\"65f4450\" data-element_type=\"widget\" data-e-type=\"widget\" data-widget_type=\"spacer.default\">\n\t\t\t\t<div class=\"elementor-widget-container\">\n\t\t\t\t\t\t\t<div class=\"elementor-spacer\">\n\t\t\t<div class=\"elementor-spacer-inner\"><\/div>\n\t\t<\/div>\n\t\t\t\t\t\t<\/div>\n\t\t\t\t<\/div>\n\t\t\t\t\t<\/div>\n\t\t<\/div>\n\t\t\t\t\t<\/div>\n\t\t<\/section>\n\t\t\t\t<section class=\"elementor-section elementor-top-section elementor-element elementor-element-0451919 elementor-section-boxed elementor-section-height-default elementor-section-height-default\" data-id=\"0451919\" data-element_type=\"section\" data-e-type=\"section\">\n\t\t\t\t\t\t<div class=\"elementor-container elementor-column-gap-default\">\n\t\t\t\t\t<div class=\"elementor-column elementor-col-50 elementor-top-column elementor-element elementor-element-b73198a\" data-id=\"b73198a\" data-element_type=\"column\" data-e-type=\"column\">\n\t\t\t<div class=\"elementor-widget-wrap elementor-element-populated\">\n\t\t\t\t\t\t<div class=\"elementor-element elementor-element-0d41fd7 elementor-widget elementor-widget-accordion\" data-id=\"0d41fd7\" data-element_type=\"widget\" data-e-type=\"widget\" data-widget_type=\"accordion.default\">\n\t\t\t\t<div class=\"elementor-widget-container\">\n\t\t\t\t\t\t\t<div class=\"elementor-accordion\">\n\t\t\t\t\t\t\t<div class=\"elementor-accordion-item\">\n\t\t\t\t\t<div id=\"elementor-tab-title-1391\" class=\"elementor-tab-title\" data-tab=\"1\" role=\"button\" aria-controls=\"elementor-tab-content-1391\" aria-expanded=\"false\">\n\t\t\t\t\t\t\t\t\t\t\t\t\t<span class=\"elementor-accordion-icon elementor-accordion-icon-left\" aria-hidden=\"true\">\n\t\t\t\t\t\t\t\t\t\t\t\t\t\t\t<span class=\"elementor-accordion-icon-closed\"><i class=\"fas fa-plus\"><\/i><\/span>\n\t\t\t\t\t\t\t\t<span class=\"elementor-accordion-icon-opened\"><i class=\"fas fa-minus\"><\/i><\/span>\n\t\t\t\t\t\t\t\t\t\t\t\t\t\t<\/span>\n\t\t\t\t\t\t\t\t\t\t\t\t<a class=\"elementor-accordion-title\" tabindex=\"0\">Nuestro rol<\/a>\n\t\t\t\t\t<\/div>\n\t\t\t\t\t<div id=\"elementor-tab-content-1391\" class=\"elementor-tab-content elementor-clearfix\" data-tab=\"1\" role=\"region\" aria-labelledby=\"elementor-tab-title-1391\"><p><span data-contrast=\"none\">Por d\u00e9cadas, la comunidad internacional ha expresado su preocupaci\u00f3n por esta tem\u00e1tica y<\/span>\u00a0<span data-contrast=\"none\">se han propuesto avances<\/span><span data-contrast=\"none\">\u00a0para abordar este problema<\/span><span data-contrast=\"none\">. No obstante, l<\/span><span data-contrast=\"none\">os\u00a0<\/span><span data-contrast=\"none\">NNA<\/span>\u00a0<span data-contrast=\"none\">siguen siendo<\/span><span data-contrast=\"none\">\u00a0sometidos\u00a0<\/span><span data-contrast=\"none\">a las calamidades del conflicto armad<\/span><span data-contrast=\"none\">o<\/span><span data-contrast=\"none\">.<\/span><span data-contrast=\"none\">\u00a0\u00a0<\/span><span data-contrast=\"none\">Tras<\/span><span data-contrast=\"none\">\u00a0el\u00a0<\/span><span data-contrast=\"none\">incremento\u00a0<\/span><span data-contrast=\"none\">de conflictos nacionales y\u00a0<\/span><span data-contrast=\"none\">transfronterizos<\/span><span data-contrast=\"none\">\u00a0en muchas\u00a0<\/span><span data-contrast=\"none\">regiones del mundo, <strong>D<\/strong><\/span><strong>NI reafirma su compromiso\u00a0en la promoci\u00f3n del respecto a los\u00a0par\u00e1metros\u00a0establecidos por el derecho internacional humanitario\u00a0para\u00a0proteger a los NNA\u00a0de los efectos devastadores de los conflictos armados.\u00a0<\/strong><\/p><\/div>\n\t\t\t\t<\/div>\n\t\t\t\t\t\t\t\t<\/div>\n\t\t\t\t\t\t<\/div>\n\t\t\t\t<\/div>\n\t\t\t\t\t<\/div>\n\t\t<\/div>\n\t\t\t\t<div class=\"elementor-column elementor-col-50 elementor-top-column elementor-element elementor-element-3e70b30\" data-id=\"3e70b30\" data-element_type=\"column\" data-e-type=\"column\">\n\t\t\t<div class=\"elementor-widget-wrap elementor-element-populated\">\n\t\t\t\t\t\t<div class=\"elementor-element elementor-element-86795f6 elementor-widget elementor-widget-accordion\" data-id=\"86795f6\" data-element_type=\"widget\" data-e-type=\"widget\" data-widget_type=\"accordion.default\">\n\t\t\t\t<div class=\"elementor-widget-container\">\n\t\t\t\t\t\t\t<div class=\"elementor-accordion\">\n\t\t\t\t\t\t\t<div class=\"elementor-accordion-item\">\n\t\t\t\t\t<div id=\"elementor-tab-title-1411\" class=\"elementor-tab-title\" data-tab=\"1\" role=\"button\" aria-controls=\"elementor-tab-content-1411\" aria-expanded=\"false\">\n\t\t\t\t\t\t\t\t\t\t\t\t\t<span class=\"elementor-accordion-icon elementor-accordion-icon-left\" aria-hidden=\"true\">\n\t\t\t\t\t\t\t\t\t\t\t\t\t\t\t<span class=\"elementor-accordion-icon-closed\"><i class=\"fas fa-plus\"><\/i><\/span>\n\t\t\t\t\t\t\t\t<span class=\"elementor-accordion-icon-opened\"><i class=\"fas fa-minus\"><\/i><\/span>\n\t\t\t\t\t\t\t\t\t\t\t\t\t\t<\/span>\n\t\t\t\t\t\t\t\t\t\t\t\t<a class=\"elementor-accordion-title\" tabindex=\"0\">Nuestro impacto<\/a>\n\t\t\t\t\t<\/div>\n\t\t\t\t\t<div id=\"elementor-tab-content-1411\" class=\"elementor-tab-content elementor-clearfix\" data-tab=\"1\" role=\"region\" aria-labelledby=\"elementor-tab-title-1411\"><p><span data-contrast=\"none\">El Movimiento DNI, a <strong>trav\u00e9s de todas sus secciones nacionales <\/strong>permanece&nbsp;<\/span><span data-contrast=\"none\">\u00e1ctivo<\/span><span data-contrast=\"none\">&nbsp;en la protecci\u00f3n de NNA:&nbsp;<\/span><span data-contrast=\"none\">en la&nbsp;<\/span><strong>Rep\u00fablica Centroafricana <\/strong><span data-contrast=\"none\">apoyamos a<\/span><span data-contrast=\"none\">&nbsp;sobrevivientes del a<\/span><span data-contrast=\"none\">buso sexual, y&nbsp;<\/span><span data-contrast=\"none\">trabajamos para desmovilizar y reintegrar a los NNA<\/span><span data-contrast=\"none\">&nbsp;soldados<\/span><span data-contrast=\"none\">, en las regiones<\/span><span data-contrast=\"none\">&nbsp;de&nbsp;<\/span><span data-contrast=\"none\">Bouca<\/span><span data-contrast=\"none\">&nbsp;y&nbsp;<\/span><span data-contrast=\"none\">Kanga-Bandoro<\/span><span data-contrast=\"none\">,&nbsp;<\/span><span data-contrast=\"none\">que fueron azotadas por los conflictos<\/span><span data-contrast=\"none\">; en <strong>Colombia<\/strong> donde la tasa de reclutamiento de ni\u00f1os<\/span><span data-contrast=\"none\">&nbsp;aumentan a pesar de los acuerdos de paz; en <strong>Yemen<\/strong><\/span><span data-contrast=\"none\">,&nbsp;<\/span><span data-contrast=\"none\">donde el<\/span><span data-contrast=\"none\">&nbsp;infierno&nbsp;<\/span><span data-contrast=\"none\">se desat\u00f3 para los NNA <\/span><span data-contrast=\"none\">desde&nbsp;<\/span><span data-contrast=\"none\">el<\/span><span data-contrast=\"none\">&nbsp;2011&nbsp;<\/span><span data-contrast=\"none\">debido a la guerra civil&nbsp;<\/span><span data-contrast=\"none\">(<\/span><span data-contrast=\"none\">crisis pol\u00edtica<\/span><span data-contrast=\"none\">&nbsp;que continua&nbsp;<\/span><span data-contrast=\"none\">en desarrollo<\/span><span data-contrast=\"none\">)<\/span><span data-contrast=\"none\">; y en&nbsp;<\/span><span data-contrast=\"none\"><strong>Palestina<\/strong> donde los&nbsp;<\/span><span data-contrast=\"none\">NNA<\/span><span data-contrast=\"none\">&nbsp;son detenidos, mutilados y&nbsp;<\/span><span data-contrast=\"none\">asesinados<\/span>&nbsp;<span data-contrast=\"none\">brutalmente en&nbsp;<\/span><span data-contrast=\"none\">medio del&nbsp;<\/span><strong>conflicto&nbsp;palestino-israel\u00ed.&nbsp;<\/strong><\/p>\n<p><\/p>\n<p><span data-contrast=\"none\">Adem\u00e1s<\/span><span data-contrast=\"none\">, <strong>DNI<\/strong><\/span><strong>&nbsp;colabora&nbsp;<\/strong><span data-contrast=\"none\"><strong>con ONG<\/strong>&nbsp;como<\/span><span data-contrast=\"none\">&nbsp;<\/span><span data-contrast=\"none\">Child&nbsp;<\/span><span data-contrast=\"none\">Rights<\/span>&nbsp;<span data-contrast=\"none\">Connect<\/span><span data-contrast=\"none\">, con quienes fund\u00f3<\/span>&nbsp;<a href=\"https:\/\/www.childrightsconnect.org\/working_groups\/children-and-armed-conflict\/?portfolioCats=78\"><b><span data-contrast=\"none\">el Grupo de&nbsp;<\/span><\/b><b><span data-contrast=\"none\">T<\/span><\/b><b><span data-contrast=\"none\">rabajo de Child Rights Connect sobre&nbsp;<\/span><\/b><b><span data-contrast=\"none\">NNA<\/span><\/b><b><span data-contrast=\"none\">&nbsp;y los conflictos armados<\/span><\/b><\/a><span data-contrast=\"none\">, y<\/span>&nbsp;<span data-contrast=\"none\">fue electo<\/span><span data-contrast=\"none\">, junto con&nbsp;<\/span><span data-contrast=\"none\">War<\/span><span data-contrast=\"none\">&nbsp;Child&nbsp;<\/span><span data-contrast=\"none\">Holland<\/span><span data-contrast=\"none\">, c<\/span><span data-contrast=\"none\">o-<\/span><span data-contrast=\"none\">organizador<\/span><span data-contrast=\"none\">&nbsp;en 2017 y&nbsp;<\/span><span data-contrast=\"none\">e<\/span><span data-contrast=\"none\">n el cual es<\/span><span data-contrast=\"none\">&nbsp;organ<\/span><span data-contrast=\"none\">i<\/span><span data-contrast=\"none\">zador<\/span><span data-contrast=\"none\">&nbsp;desde<\/span><span data-contrast=\"none\">&nbsp;el a\u00f1o<\/span><span data-contrast=\"none\">&nbsp;2020.<\/span><span data-contrast=\"none\">&nbsp; DNI&nbsp;<\/span><span data-contrast=\"none\">tambi\u00e9n<\/span><span data-contrast=\"none\">&nbsp;es un miembro adjunto de<\/span><span data-contrast=\"none\">&nbsp;la red independiente<\/span>&nbsp;<a href=\"https:\/\/watchlist.org\/\"><b><span data-contrast=\"none\">Watchlist on Children Affected by Armed Conflict<\/span><\/b><\/a><b><span data-contrast=\"none\">.<\/span><\/b><span data-ccp-props=\"{&quot;201341983&quot;:0,&quot;335551550&quot;:6,&quot;335551620&quot;:6,&quot;335559740&quot;:259}\">&nbsp;<\/span><\/p><\/div>\n\t\t\t\t<\/div>\n\t\t\t\t\t\t\t\t<\/div>\n\t\t\t\t\t\t<\/div>\n\t\t\t\t<\/div>\n\t\t\t\t\t<\/div>\n\t\t<\/div>\n\t\t\t\t\t<\/div>\n\t\t<\/section>\n\t\t\t\t<\/div>\n\t\t","protected":false},"excerpt":{"rendered":"<p>NNA afectados por conflictos armados La Oficina de la Representante Especial del Secretario General&nbsp;de la ONU&nbsp;para la cuesti\u00f3n de los ni\u00f1os y los conflictos&nbsp;armados (RESG\/NCA, por sus siglas en ingl\u00e9s)&nbsp;reporta que alrededor de 250 millones&nbsp;de ni\u00f1os, ni\u00f1as y adolescentes&nbsp;viven en pa\u00edses afectados por conflictos.&nbsp;El informe&nbsp;de los&nbsp;\u00faltimos&nbsp;diez a\u00f1os revela que&nbsp;la&nbsp;ONU&nbsp;verific\u00f3 que&nbsp;se produjeron&nbsp;m\u00e1s&nbsp;de 170. 000&nbsp;graves violaciones contra [&hellip;]<\/p>\n","protected":false},"author":1,"featured_media":12492,"comment_status":"closed","ping_status":"open","sticky":false,"template":"","format":"standard","meta":{"_acf_changed":false,"give_campaign_id":0,"_monsterinsights_skip_tracking":false,"_monsterinsights_sitenote_active":false,"_monsterinsights_sitenote_note":"","_monsterinsights_sitenote_category":0,"site-sidebar-layout":"default","site-content-layout":"default","ast-site-content-layout":"default","site-content-style":"default","site-sidebar-style":"default","ast-global-header-display":"","ast-banner-title-visibility":"","ast-main-header-display":"disabled","ast-hfb-above-header-display":"","ast-hfb-below-header-display":"","ast-hfb-mobile-header-display":"","site-post-title":"disabled","ast-breadcrumbs-content":"disabled","ast-featured-img":"disabled","footer-sml-layout":"disabled","ast-disable-related-posts":"","theme-transparent-header-meta":"default","adv-header-id-meta":"","stick-header-meta":"","header-above-stick-meta":"","header-main-stick-meta":"","header-below-stick-meta":"","astra-migrate-meta-layouts":"default","ast-page-background-enabled":"default","ast-page-background-meta":{"desktop":{"background-color":"var(--ast-global-color-5)","background-image":"","background-repeat":"repeat","background-position":"center center","background-size":"auto","background-attachment":"scroll","background-type":"","background-media":"","overlay-type":"","overlay-color":"","overlay-opacity":"","overlay-gradient":""},"tablet":{"background-color":"","background-image":"","background-repeat":"repeat","background-position":"center center","background-size":"auto","background-attachment":"scroll","background-type":"","background-media":"","overlay-type":"","overlay-color":"","overlay-opacity":"","overlay-gradient":""},"mobile":{"background-color":"","background-image":"","background-repeat":"repeat","background-position":"center center","background-size":"auto","background-attachment":"scroll","background-type":"","background-media":"","overlay-type":"","overlay-color":"","overlay-opacity":"","overlay-gradient":""}},"ast-content-background-meta":{"desktop":{"background-color":"var(--ast-global-color-4)","background-image":"","background-repeat":"repeat","background-position":"center center","background-size":"auto","background-attachment":"scroll","background-type":"","background-media":"","overlay-type":"","overlay-color":"","overlay-opacity":"","overlay-gradient":""},"tablet":{"background-color":"var(--ast-global-color-4)","background-image":"","background-repeat":"repeat","background-position":"center center","background-size":"auto","background-attachment":"scroll","background-type":"","background-media":"","overlay-type":"","overlay-color":"","overlay-opacity":"","overlay-gradient":""},"mobile":{"background-color":"var(--ast-global-color-4)","background-image":"","background-repeat":"repeat","background-position":"center center","background-size":"auto","background-attachment":"scroll","background-type":"","background-media":"","overlay-type":"","overlay-color":"","overlay-opacity":"","overlay-gradient":""}},"footnotes":""},"categories":[402,748],"tags":[],"class_list":["post-12550","post","type-post","status-publish","format-standard","has-post-thumbnail","hentry","category-highlight-es-es","category-thematic-priorities-es-es"],"acf":[],"yoast_head":"<!-- This site is optimized with the Yoast SEO plugin v27.1.1 - https:\/\/yoast.com\/product\/yoast-seo-wordpress\/ -->\n<title>Ni\u00f1as, Ni\u00f1os y Adolescentes Afectados por Conflictos Armados - Defence for Children<\/title>\n<meta name=\"robots\" content=\"index, follow, max-snippet:-1, max-image-preview:large, max-video-preview:-1\" \/>\n<link rel=\"canonical\" href=\"https:\/\/defenceforchildren.org\/es\/children-affected-by-armed-conflict\/\" \/>\n<meta name=\"twitter:label1\" content=\"Escrito por\" \/>\n\t<meta name=\"twitter:data1\" content=\"ycoadmin\" \/>\n\t<meta name=\"twitter:label2\" content=\"Tiempo de lectura\" \/>\n\t<meta name=\"twitter:data2\" content=\"3 minutos\" \/>\n<script type=\"application\/ld+json\" class=\"yoast-schema-graph\">{\"@context\":\"https:\/\/schema.org\",\"@graph\":[{\"@type\":\"Article\",\"@id\":\"https:\/\/defenceforchildren.org\/es\/children-affected-by-armed-conflict\/#article\",\"isPartOf\":{\"@id\":\"https:\/\/defenceforchildren.org\/es\/children-affected-by-armed-conflict\/\"},\"author\":{\"name\":\"ycoadmin\",\"@id\":\"https:\/\/defenceforchildren.org\/#\/schema\/person\/a9d958a22f8f3d64290397d92c550663\"},\"headline\":\"Ni\u00f1as, Ni\u00f1os y Adolescentes Afectados por Conflictos Armados\",\"datePublished\":\"2019-02-11T14:32:30+00:00\",\"dateModified\":\"2024-11-25T09:15:16+00:00\",\"mainEntityOfPage\":{\"@id\":\"https:\/\/defenceforchildren.org\/es\/children-affected-by-armed-conflict\/\"},\"wordCount\":687,\"publisher\":{\"@id\":\"https:\/\/defenceforchildren.org\/#organization\"},\"image\":{\"@id\":\"https:\/\/defenceforchildren.org\/es\/children-affected-by-armed-conflict\/#primaryimage\"},\"thumbnailUrl\":\"https:\/\/defenceforchildren.org\/wp-content\/uploads\/2019\/02\/CAAC.jpg\",\"articleSection\":[\"Highlight @es\",\"Prioridades tem\u00e1ticas\"],\"inLanguage\":\"es\"},{\"@type\":\"WebPage\",\"@id\":\"https:\/\/defenceforchildren.org\/es\/children-affected-by-armed-conflict\/\",\"url\":\"https:\/\/defenceforchildren.org\/es\/children-affected-by-armed-conflict\/\",\"name\":\"Ni\u00f1as, Ni\u00f1os y Adolescentes Afectados por Conflictos Armados - Defence for Children\",\"isPartOf\":{\"@id\":\"https:\/\/defenceforchildren.org\/#website\"},\"primaryImageOfPage\":{\"@id\":\"https:\/\/defenceforchildren.org\/es\/children-affected-by-armed-conflict\/#primaryimage\"},\"image\":{\"@id\":\"https:\/\/defenceforchildren.org\/es\/children-affected-by-armed-conflict\/#primaryimage\"},\"thumbnailUrl\":\"https:\/\/defenceforchildren.org\/wp-content\/uploads\/2019\/02\/CAAC.jpg\",\"datePublished\":\"2019-02-11T14:32:30+00:00\",\"dateModified\":\"2024-11-25T09:15:16+00:00\",\"breadcrumb\":{\"@id\":\"https:\/\/defenceforchildren.org\/es\/children-affected-by-armed-conflict\/#breadcrumb\"},\"inLanguage\":\"es\",\"potentialAction\":[{\"@type\":\"ReadAction\",\"target\":[\"https:\/\/defenceforchildren.org\/es\/children-affected-by-armed-conflict\/\"]}]},{\"@type\":\"ImageObject\",\"inLanguage\":\"es\",\"@id\":\"https:\/\/defenceforchildren.org\/es\/children-affected-by-armed-conflict\/#primaryimage\",\"url\":\"https:\/\/defenceforchildren.org\/wp-content\/uploads\/2019\/02\/CAAC.jpg\",\"contentUrl\":\"https:\/\/defenceforchildren.org\/wp-content\/uploads\/2019\/02\/CAAC.jpg\",\"width\":1024,\"height\":601},{\"@type\":\"BreadcrumbList\",\"@id\":\"https:\/\/defenceforchildren.org\/es\/children-affected-by-armed-conflict\/#breadcrumb\",\"itemListElement\":[{\"@type\":\"ListItem\",\"position\":1,\"name\":\"Inicio\",\"item\":\"https:\/\/defenceforchildren.org\/es\/\"},{\"@type\":\"ListItem\",\"position\":2,\"name\":\"Ni\u00f1as, Ni\u00f1os y Adolescentes Afectados por Conflictos Armados\"}]},{\"@type\":\"WebSite\",\"@id\":\"https:\/\/defenceforchildren.org\/#website\",\"url\":\"https:\/\/defenceforchildren.org\/\",\"name\":\"Defence for Children\",\"description\":\"\",\"publisher\":{\"@id\":\"https:\/\/defenceforchildren.org\/#organization\"},\"potentialAction\":[{\"@type\":\"SearchAction\",\"target\":{\"@type\":\"EntryPoint\",\"urlTemplate\":\"https:\/\/defenceforchildren.org\/?s={search_term_string}\"},\"query-input\":{\"@type\":\"PropertyValueSpecification\",\"valueRequired\":true,\"valueName\":\"search_term_string\"}}],\"inLanguage\":\"es\"},{\"@type\":\"Organization\",\"@id\":\"https:\/\/defenceforchildren.org\/#organization\",\"name\":\"Defence for Children\",\"url\":\"https:\/\/defenceforchildren.org\/\",\"logo\":{\"@type\":\"ImageObject\",\"inLanguage\":\"es\",\"@id\":\"https:\/\/defenceforchildren.org\/#\/schema\/logo\/image\/\",\"url\":\"https:\/\/defenceforchildren.org\/wp-content\/uploads\/2020\/07\/cropped-INT.-SEC-EN-claim.jpg\",\"contentUrl\":\"https:\/\/defenceforchildren.org\/wp-content\/uploads\/2020\/07\/cropped-INT.-SEC-EN-claim.jpg\",\"width\":1431,\"height\":449,\"caption\":\"Defence for Children\"},\"image\":{\"@id\":\"https:\/\/defenceforchildren.org\/#\/schema\/logo\/image\/\"},\"sameAs\":[\"https:\/\/fr.wikipedia.org\/wiki\/Defence_for_Children_International\"]},{\"@type\":\"Person\",\"@id\":\"https:\/\/defenceforchildren.org\/#\/schema\/person\/a9d958a22f8f3d64290397d92c550663\",\"name\":\"ycoadmin\",\"image\":{\"@type\":\"ImageObject\",\"inLanguage\":\"es\",\"@id\":\"https:\/\/defenceforchildren.org\/#\/schema\/person\/image\/\",\"url\":\"https:\/\/secure.gravatar.com\/avatar\/b760e49550e45b6f3790a71b76ddba4f1fa44712626e8d6c4404e84ae57c9c3a?s=96&d=mm&r=g\",\"contentUrl\":\"https:\/\/secure.gravatar.com\/avatar\/b760e49550e45b6f3790a71b76ddba4f1fa44712626e8d6c4404e84ae57c9c3a?s=96&d=mm&r=g\",\"caption\":\"ycoadmin\"},\"url\":\"https:\/\/defenceforchildren.org\/es\/author\/ycoadmin\/\"}]}<\/script>\n<!-- \/ Yoast SEO plugin. -->","yoast_head_json":{"title":"Ni\u00f1as, Ni\u00f1os y Adolescentes Afectados por Conflictos Armados - Defence for Children","robots":{"index":"index","follow":"follow","max-snippet":"max-snippet:-1","max-image-preview":"max-image-preview:large","max-video-preview":"max-video-preview:-1"},"canonical":"https:\/\/defenceforchildren.org\/es\/children-affected-by-armed-conflict\/","twitter_misc":{"Escrito por":"ycoadmin","Tiempo de lectura":"3 minutos"},"schema":{"@context":"https:\/\/schema.org","@graph":[{"@type":"Article","@id":"https:\/\/defenceforchildren.org\/es\/children-affected-by-armed-conflict\/#article","isPartOf":{"@id":"https:\/\/defenceforchildren.org\/es\/children-affected-by-armed-conflict\/"},"author":{"name":"ycoadmin","@id":"https:\/\/defenceforchildren.org\/#\/schema\/person\/a9d958a22f8f3d64290397d92c550663"},"headline":"Ni\u00f1as, Ni\u00f1os y Adolescentes Afectados por Conflictos Armados","datePublished":"2019-02-11T14:32:30+00:00","dateModified":"2024-11-25T09:15:16+00:00","mainEntityOfPage":{"@id":"https:\/\/defenceforchildren.org\/es\/children-affected-by-armed-conflict\/"},"wordCount":687,"publisher":{"@id":"https:\/\/defenceforchildren.org\/#organization"},"image":{"@id":"https:\/\/defenceforchildren.org\/es\/children-affected-by-armed-conflict\/#primaryimage"},"thumbnailUrl":"https:\/\/defenceforchildren.org\/wp-content\/uploads\/2019\/02\/CAAC.jpg","articleSection":["Highlight @es","Prioridades tem\u00e1ticas"],"inLanguage":"es"},{"@type":"WebPage","@id":"https:\/\/defenceforchildren.org\/es\/children-affected-by-armed-conflict\/","url":"https:\/\/defenceforchildren.org\/es\/children-affected-by-armed-conflict\/","name":"Ni\u00f1as, Ni\u00f1os y Adolescentes Afectados por Conflictos Armados - Defence for Children","isPartOf":{"@id":"https:\/\/defenceforchildren.org\/#website"},"primaryImageOfPage":{"@id":"https:\/\/defenceforchildren.org\/es\/children-affected-by-armed-conflict\/#primaryimage"},"image":{"@id":"https:\/\/defenceforchildren.org\/es\/children-affected-by-armed-conflict\/#primaryimage"},"thumbnailUrl":"https:\/\/defenceforchildren.org\/wp-content\/uploads\/2019\/02\/CAAC.jpg","datePublished":"2019-02-11T14:32:30+00:00","dateModified":"2024-11-25T09:15:16+00:00","breadcrumb":{"@id":"https:\/\/defenceforchildren.org\/es\/children-affected-by-armed-conflict\/#breadcrumb"},"inLanguage":"es","potentialAction":[{"@type":"ReadAction","target":["https:\/\/defenceforchildren.org\/es\/children-affected-by-armed-conflict\/"]}]},{"@type":"ImageObject","inLanguage":"es","@id":"https:\/\/defenceforchildren.org\/es\/children-affected-by-armed-conflict\/#primaryimage","url":"https:\/\/defenceforchildren.org\/wp-content\/uploads\/2019\/02\/CAAC.jpg","contentUrl":"https:\/\/defenceforchildren.org\/wp-content\/uploads\/2019\/02\/CAAC.jpg","width":1024,"height":601},{"@type":"BreadcrumbList","@id":"https:\/\/defenceforchildren.org\/es\/children-affected-by-armed-conflict\/#breadcrumb","itemListElement":[{"@type":"ListItem","position":1,"name":"Inicio","item":"https:\/\/defenceforchildren.org\/es\/"},{"@type":"ListItem","position":2,"name":"Ni\u00f1as, Ni\u00f1os y Adolescentes Afectados por Conflictos Armados"}]},{"@type":"WebSite","@id":"https:\/\/defenceforchildren.org\/#website","url":"https:\/\/defenceforchildren.org\/","name":"Defence for Children","description":"","publisher":{"@id":"https:\/\/defenceforchildren.org\/#organization"},"potentialAction":[{"@type":"SearchAction","target":{"@type":"EntryPoint","urlTemplate":"https:\/\/defenceforchildren.org\/?s={search_term_string}"},"query-input":{"@type":"PropertyValueSpecification","valueRequired":true,"valueName":"search_term_string"}}],"inLanguage":"es"},{"@type":"Organization","@id":"https:\/\/defenceforchildren.org\/#organization","name":"Defence for Children","url":"https:\/\/defenceforchildren.org\/","logo":{"@type":"ImageObject","inLanguage":"es","@id":"https:\/\/defenceforchildren.org\/#\/schema\/logo\/image\/","url":"https:\/\/defenceforchildren.org\/wp-content\/uploads\/2020\/07\/cropped-INT.-SEC-EN-claim.jpg","contentUrl":"https:\/\/defenceforchildren.org\/wp-content\/uploads\/2020\/07\/cropped-INT.-SEC-EN-claim.jpg","width":1431,"height":449,"caption":"Defence for Children"},"image":{"@id":"https:\/\/defenceforchildren.org\/#\/schema\/logo\/image\/"},"sameAs":["https:\/\/fr.wikipedia.org\/wiki\/Defence_for_Children_International"]},{"@type":"Person","@id":"https:\/\/defenceforchildren.org\/#\/schema\/person\/a9d958a22f8f3d64290397d92c550663","name":"ycoadmin","image":{"@type":"ImageObject","inLanguage":"es","@id":"https:\/\/defenceforchildren.org\/#\/schema\/person\/image\/","url":"https:\/\/secure.gravatar.com\/avatar\/b760e49550e45b6f3790a71b76ddba4f1fa44712626e8d6c4404e84ae57c9c3a?s=96&d=mm&r=g","contentUrl":"https:\/\/secure.gravatar.com\/avatar\/b760e49550e45b6f3790a71b76ddba4f1fa44712626e8d6c4404e84ae57c9c3a?s=96&d=mm&r=g","caption":"ycoadmin"},"url":"https:\/\/defenceforchildren.org\/es\/author\/ycoadmin\/"}]}},"_links":{"self":[{"href":"https:\/\/defenceforchildren.org\/es\/wp-json\/wp\/v2\/posts\/12550","targetHints":{"allow":["GET"]}}],"collection":[{"href":"https:\/\/defenceforchildren.org\/es\/wp-json\/wp\/v2\/posts"}],"about":[{"href":"https:\/\/defenceforchildren.org\/es\/wp-json\/wp\/v2\/types\/post"}],"author":[{"embeddable":true,"href":"https:\/\/defenceforchildren.org\/es\/wp-json\/wp\/v2\/users\/1"}],"replies":[{"embeddable":true,"href":"https:\/\/defenceforchildren.org\/es\/wp-json\/wp\/v2\/comments?post=12550"}],"version-history":[{"count":0,"href":"https:\/\/defenceforchildren.org\/es\/wp-json\/wp\/v2\/posts\/12550\/revisions"}],"wp:featuredmedia":[{"embeddable":true,"href":"https:\/\/defenceforchildren.org\/es\/wp-json\/wp\/v2\/media\/12492"}],"wp:attachment":[{"href":"https:\/\/defenceforchildren.org\/es\/wp-json\/wp\/v2\/media?parent=12550"}],"wp:term":[{"taxonomy":"category","embeddable":true,"href":"https:\/\/defenceforchildren.org\/es\/wp-json\/wp\/v2\/categories?post=12550"},{"taxonomy":"post_tag","embeddable":true,"href":"https:\/\/defenceforchildren.org\/es\/wp-json\/wp\/v2\/tags?post=12550"}],"curies":[{"name":"wp","href":"https:\/\/api.w.org\/{rel}","templated":true}]}}