{"id":12536,"date":"2019-02-11T15:33:07","date_gmt":"2019-02-11T14:33:07","guid":{"rendered":"https:\/\/defenceforchildren.org\/es\/children-deprived-of-liberty\/"},"modified":"2024-07-30T11:21:49","modified_gmt":"2024-07-30T10:21:49","slug":"children-deprived-of-liberty","status":"publish","type":"post","link":"https:\/\/defenceforchildren.org\/es\/children-deprived-of-liberty\/","title":{"rendered":"Ni\u00f1as, Ni\u00f1os y Adolescentes Privados de Libertad"},"content":{"rendered":"\t\t<div data-elementor-type=\"wp-post\" data-elementor-id=\"12536\" class=\"elementor elementor-12536\" data-elementor-post-type=\"post\">\n\t\t\t\t\t\t<section class=\"elementor-section elementor-top-section elementor-element elementor-element-4a48c51 elementor-section-boxed elementor-section-height-default elementor-section-height-default\" data-id=\"4a48c51\" data-element_type=\"section\" data-e-type=\"section\">\n\t\t\t\t\t\t<div class=\"elementor-container elementor-column-gap-default\">\n\t\t\t\t\t<div class=\"elementor-column elementor-col-100 elementor-top-column elementor-element elementor-element-64db9ea\" data-id=\"64db9ea\" data-element_type=\"column\" data-e-type=\"column\">\n\t\t\t<div class=\"elementor-widget-wrap elementor-element-populated\">\n\t\t\t\t\t\t<div class=\"elementor-element elementor-element-924d017 elementor-widget elementor-widget-image\" data-id=\"924d017\" data-element_type=\"widget\" data-e-type=\"widget\" data-widget_type=\"image.default\">\n\t\t\t\t<div class=\"elementor-widget-container\">\n\t\t\t\t\t\t\t\t\t\t\t\t\t\t\t<img fetchpriority=\"high\" decoding=\"async\" width=\"2048\" height=\"1536\" src=\"https:\/\/defenceforchildren.org\/wp-content\/uploads\/2019\/02\/Belgium_JJ-2048x1536.jpg\" class=\"attachment-2048x2048 size-2048x2048 wp-image-17307\" alt=\"\" srcset=\"https:\/\/defenceforchildren.org\/wp-content\/uploads\/2019\/02\/Belgium_JJ-2048x1536.jpg 2048w, https:\/\/defenceforchildren.org\/wp-content\/uploads\/2019\/02\/Belgium_JJ-750x563.jpg 750w, https:\/\/defenceforchildren.org\/wp-content\/uploads\/2019\/02\/Belgium_JJ-1024x768.jpg 1024w, https:\/\/defenceforchildren.org\/wp-content\/uploads\/2019\/02\/Belgium_JJ-768x576.jpg 768w, https:\/\/defenceforchildren.org\/wp-content\/uploads\/2019\/02\/Belgium_JJ-1536x1152.jpg 1536w\" sizes=\"(max-width: 2048px) 100vw, 2048px\" \/>\t\t\t\t\t\t\t\t\t\t\t\t\t\t\t<\/div>\n\t\t\t\t<\/div>\n\t\t\t\t<div class=\"elementor-element elementor-element-c78bf46 elementor-align-center elementor-widget elementor-widget-button\" data-id=\"c78bf46\" data-element_type=\"widget\" data-e-type=\"widget\" data-widget_type=\"button.default\">\n\t\t\t\t<div class=\"elementor-widget-container\">\n\t\t\t\t\t\t\t\t\t<div class=\"elementor-button-wrapper\">\n\t\t\t\t\t<a class=\"elementor-button elementor-size-sm\" role=\"button\">\n\t\t\t\t\t\t<span class=\"elementor-button-content-wrapper\">\n\t\t\t\t\t\t\t\t\t<span class=\"elementor-button-text\">NNA privados de libertad<\/span>\n\t\t\t\t\t<\/span>\n\t\t\t\t\t<\/a>\n\t\t\t\t<\/div>\n\t\t\t\t\t\t\t\t<\/div>\n\t\t\t\t<\/div>\n\t\t\t\t\t<\/div>\n\t\t<\/div>\n\t\t\t\t\t<\/div>\n\t\t<\/section>\n\t\t\t\t<section class=\"elementor-section elementor-top-section elementor-element elementor-element-4ffe5df elementor-section-boxed elementor-section-height-default elementor-section-height-default\" data-id=\"4ffe5df\" data-element_type=\"section\" data-e-type=\"section\">\n\t\t\t\t\t\t<div class=\"elementor-container elementor-column-gap-default\">\n\t\t\t\t\t<div class=\"elementor-column elementor-col-50 elementor-top-column elementor-element elementor-element-a5cacf3\" data-id=\"a5cacf3\" data-element_type=\"column\" data-e-type=\"column\">\n\t\t\t<div class=\"elementor-widget-wrap elementor-element-populated\">\n\t\t\t\t\t\t<div class=\"elementor-element elementor-element-a0edfc9 elementor-widget elementor-widget-text-editor\" data-id=\"a0edfc9\" data-element_type=\"widget\" data-e-type=\"widget\" data-widget_type=\"text-editor.default\">\n\t\t\t\t<div class=\"elementor-widget-container\">\n\t\t\t\t\t\t\t\t\t<p>A pesar del creciente n\u00famero de conflictos en todo el mundo y de la migraci\u00f3n interna y externa, <strong>las NNA privados de libertad siguen siendo una poblaci\u00f3n a menudo olvidada e invisible.<\/strong> Numerosos ni\u00f1os son internados en condiciones e instalaciones inhumanas donde se violan sus derechos y sufren actos de violencia y tratos degradantes. La raz\u00f3n m\u00e1s importante de la privaci\u00f3n de libertad de los ni\u00f1os es la falta de apoyo adecuado a las familias, los cuidadores y las comunidades <strong>para que les proporcionen la atenci\u00f3n y el apoyo apropiados durante su desarrollo.<\/strong><\/p>\n<p><\/p>\n<p>De hecho, hasta que se <a rel=\"noopener\" href=\"https:\/\/omnibook.com\/library\/15f6bc7a-80d6-4abe-9721-0885fa5fff5d\" target=\"_blank\">public\u00f3 el Estudio Mundial sobre los Ni\u00f1os Privados de Libertad<\/a>, <strong>simplemente no hab\u00eda datos fiables sobre el n\u00famero de NNA privados de libertad en el mundo<\/strong>. Sin estas cifras, el problema no puede abordarse adecuadamente, y los derechos de millones de estos \u00abni\u00f1os invisibles\u00bb siguen sin hacerse realidad.<\/p>\n<p><\/p>\n<p>Tres a\u00f1os despu\u00e9s de&nbsp;<a rel=\"noopener\" href=\"https:\/\/www.ohchr.org\/es\/children-deprived-of-liberty\" target=\"_blank\">la publicaci\u00f3n del Estudio Mundial<\/a>, el&nbsp;<a rel=\"noopener\" href=\"https:\/\/childrendeprivedofliberty.info\/global-forum-on-justice-for-children-and-deprivation-of-liberty-2\/\" target=\"_blank\"><strong>Foro Mundial<\/strong><\/a>, organizado por Defensa de Ni\u00f1as y Ni\u00f1os Internacional, Terre des hommes y la Representante Especial del Secretario General sobre la Violencia contra las Ni\u00f1as, Ni\u00f1os y Adolescentes (NNA) en Nouakchott, Mauritania, los d\u00edas 8 y 9 de noviembre de 2022, fue una oportunidad para hacer balance y&nbsp;<strong>definir acciones para los pr\u00f3ximos a\u00f1os<\/strong>. En este sentido, el Foro Global ten\u00eda como objetivo debatir, analizar y apuntar nuevas recomendaciones en relaci\u00f3n a&nbsp;<strong>la justicia de las ni\u00f1as, ni\u00f1os y adolescentes y su privaci\u00f3n de libertad.<\/strong><\/p>\t\t\t\t\t\t\t\t<\/div>\n\t\t\t\t<\/div>\n\t\t\t\t\t<\/div>\n\t\t<\/div>\n\t\t\t\t<div class=\"elementor-column elementor-col-50 elementor-top-column elementor-element elementor-element-0eabd01\" data-id=\"0eabd01\" data-element_type=\"column\" data-e-type=\"column\">\n\t\t\t<div class=\"elementor-widget-wrap elementor-element-populated\">\n\t\t\t\t\t\t<div class=\"elementor-element elementor-element-0d9e534 elementor-widget elementor-widget-image\" data-id=\"0d9e534\" data-element_type=\"widget\" data-e-type=\"widget\" data-widget_type=\"image.default\">\n\t\t\t\t<div class=\"elementor-widget-container\">\n\t\t\t\t\t\t\t\t\t\t\t\t\t\t\t<img decoding=\"async\" width=\"832\" height=\"1024\" src=\"https:\/\/defenceforchildren.org\/wp-content\/uploads\/2019\/12\/Drawing-3-832x1024.jpg\" class=\"attachment-large size-large wp-image-13789\" alt=\"\" srcset=\"https:\/\/defenceforchildren.org\/wp-content\/uploads\/2019\/12\/Drawing-3-832x1024.jpg 832w, https:\/\/defenceforchildren.org\/wp-content\/uploads\/2019\/12\/Drawing-3-610x750.jpg 610w, https:\/\/defenceforchildren.org\/wp-content\/uploads\/2019\/12\/Drawing-3-768x945.jpg 768w, https:\/\/defenceforchildren.org\/wp-content\/uploads\/2019\/12\/Drawing-3.jpg 878w\" sizes=\"(max-width: 832px) 100vw, 832px\" \/>\t\t\t\t\t\t\t\t\t\t\t\t\t\t\t<\/div>\n\t\t\t\t<\/div>\n\t\t\t\t\t<\/div>\n\t\t<\/div>\n\t\t\t\t\t<\/div>\n\t\t<\/section>\n\t\t\t\t<section class=\"elementor-section elementor-top-section elementor-element elementor-element-edad68c elementor-section-boxed elementor-section-height-default elementor-section-height-default\" data-id=\"edad68c\" data-element_type=\"section\" data-e-type=\"section\">\n\t\t\t\t\t\t<div class=\"elementor-container elementor-column-gap-default\">\n\t\t\t\t\t<div class=\"elementor-column elementor-col-100 elementor-top-column elementor-element elementor-element-be8e4fa\" data-id=\"be8e4fa\" data-element_type=\"column\" data-e-type=\"column\">\n\t\t\t<div class=\"elementor-widget-wrap elementor-element-populated\">\n\t\t\t\t\t\t<div class=\"elementor-element elementor-element-b18bddc elementor-widget elementor-widget-spacer\" data-id=\"b18bddc\" data-element_type=\"widget\" data-e-type=\"widget\" data-widget_type=\"spacer.default\">\n\t\t\t\t<div class=\"elementor-widget-container\">\n\t\t\t\t\t\t\t<div class=\"elementor-spacer\">\n\t\t\t<div class=\"elementor-spacer-inner\"><\/div>\n\t\t<\/div>\n\t\t\t\t\t\t<\/div>\n\t\t\t\t<\/div>\n\t\t\t\t\t<\/div>\n\t\t<\/div>\n\t\t\t\t\t<\/div>\n\t\t<\/section>\n\t\t\t\t<section class=\"elementor-section elementor-top-section elementor-element elementor-element-50834f5 elementor-section-boxed elementor-section-height-default elementor-section-height-default\" data-id=\"50834f5\" data-element_type=\"section\" data-e-type=\"section\">\n\t\t\t\t\t\t<div class=\"elementor-container elementor-column-gap-default\">\n\t\t\t\t\t<div class=\"elementor-column elementor-col-50 elementor-top-column elementor-element elementor-element-abd0791\" data-id=\"abd0791\" data-element_type=\"column\" data-e-type=\"column\">\n\t\t\t<div class=\"elementor-widget-wrap elementor-element-populated\">\n\t\t\t\t\t\t<div class=\"elementor-element elementor-element-90e829a elementor-widget elementor-widget-accordion\" data-id=\"90e829a\" data-element_type=\"widget\" data-e-type=\"widget\" data-widget_type=\"accordion.default\">\n\t\t\t\t<div class=\"elementor-widget-container\">\n\t\t\t\t\t\t\t<div class=\"elementor-accordion\">\n\t\t\t\t\t\t\t<div class=\"elementor-accordion-item\">\n\t\t\t\t\t<div id=\"elementor-tab-title-1511\" class=\"elementor-tab-title\" data-tab=\"1\" role=\"button\" aria-controls=\"elementor-tab-content-1511\" aria-expanded=\"false\">\n\t\t\t\t\t\t\t\t\t\t\t\t\t<span class=\"elementor-accordion-icon elementor-accordion-icon-left\" aria-hidden=\"true\">\n\t\t\t\t\t\t\t\t\t\t\t\t\t\t\t<span class=\"elementor-accordion-icon-closed\"><i class=\"fas fa-plus\"><\/i><\/span>\n\t\t\t\t\t\t\t\t<span class=\"elementor-accordion-icon-opened\"><i class=\"fas fa-minus\"><\/i><\/span>\n\t\t\t\t\t\t\t\t\t\t\t\t\t\t<\/span>\n\t\t\t\t\t\t\t\t\t\t\t\t<a class=\"elementor-accordion-title\" tabindex=\"0\">Nuestro rol<\/a>\n\t\t\t\t\t<\/div>\n\t\t\t\t\t<div id=\"elementor-tab-content-1511\" class=\"elementor-tab-content elementor-clearfix\" data-tab=\"1\" role=\"region\" aria-labelledby=\"elementor-tab-title-1511\"><p>DNI estaba en las primeras l\u00edneas de la convocatoria para el Estudio Mundial de Naciones Unidas sobre los Ni\u00f1os Privados de Libertad \u2013 ahora en marcha \u2013 y ahora co-organiza el Panel de ONGs apoyando el Estudio.<\/p><p>\u00a0<\/p><p>Estamos fuertemente implicados en los esfuerzos de investigaci\u00f3n y defensa para el Estudio, el cu\u00e1l se entreg\u00f3\u00a0 a la Asamblea General de Naciones Unidas en octubre de 2019 por el <strong>Profesor Manfred Nowak, Experto Independiente llevando a cabo el Estudio.<\/strong><\/p><p>\u00a0<\/p><p>En 2018, DNI co-organiz\u00f3 la consulta regional en Addis Abeba, en Etiopia, as\u00ed que particip\u00f3 y apoy\u00f3 otros esfuerzos en Paris, en Francia y Pretoria, en Sud\u00e1frica.<\/p><\/div>\n\t\t\t\t<\/div>\n\t\t\t\t\t\t\t\t<\/div>\n\t\t\t\t\t\t<\/div>\n\t\t\t\t<\/div>\n\t\t\t\t\t<\/div>\n\t\t<\/div>\n\t\t\t\t<div class=\"elementor-column elementor-col-50 elementor-top-column elementor-element elementor-element-48f694e\" data-id=\"48f694e\" data-element_type=\"column\" data-e-type=\"column\">\n\t\t\t<div class=\"elementor-widget-wrap elementor-element-populated\">\n\t\t\t\t\t\t<div class=\"elementor-element elementor-element-6b27836 elementor-widget elementor-widget-accordion\" data-id=\"6b27836\" data-element_type=\"widget\" data-e-type=\"widget\" data-widget_type=\"accordion.default\">\n\t\t\t\t<div class=\"elementor-widget-container\">\n\t\t\t\t\t\t\t<div class=\"elementor-accordion\">\n\t\t\t\t\t\t\t<div class=\"elementor-accordion-item\">\n\t\t\t\t\t<div id=\"elementor-tab-title-1121\" class=\"elementor-tab-title\" data-tab=\"1\" role=\"button\" aria-controls=\"elementor-tab-content-1121\" aria-expanded=\"false\">\n\t\t\t\t\t\t\t\t\t\t\t\t\t<span class=\"elementor-accordion-icon elementor-accordion-icon-left\" aria-hidden=\"true\">\n\t\t\t\t\t\t\t\t\t\t\t\t\t\t\t<span class=\"elementor-accordion-icon-closed\"><i class=\"fas fa-plus\"><\/i><\/span>\n\t\t\t\t\t\t\t\t<span class=\"elementor-accordion-icon-opened\"><i class=\"fas fa-minus\"><\/i><\/span>\n\t\t\t\t\t\t\t\t\t\t\t\t\t\t<\/span>\n\t\t\t\t\t\t\t\t\t\t\t\t<a class=\"elementor-accordion-title\" tabindex=\"0\">Nuestro impacto<\/a>\n\t\t\t\t\t<\/div>\n\t\t\t\t\t<div id=\"elementor-tab-content-1121\" class=\"elementor-tab-content elementor-clearfix\" data-tab=\"1\" role=\"region\" aria-labelledby=\"elementor-tab-title-1121\"><p>Las S<strong>ecciones Nacionales de DNI dirigen tambi\u00e9n mucho trabajo para y con los ni\u00f1os privados de libertad alrededor del mundo,<\/strong> incluso el suministro de servicios legales directos.<\/p><p>\u00a0<\/p><p>Ejemplos de trabajo de nuestras Secciones Nacionales: <strong>abarcan el proyecto \u201c<a href=\"http:\/\/www.childrensrightsbehindbars.eu\/the-project\/crbb-2-0\">Ni\u00f1os Entre Rejas 2.0<\/a>\u00ab,\u00a0en el que DNI-B\u00e9lgica y DNI-Italia, junto a otros actores gubernamentales y organizaciones de derechos humanos,<\/strong> aspiran a progresar en la protecci\u00f3n de los ni\u00f1os privados de su libertad, mejorando las condiciones de detenci\u00f3n, en particular a trav\u00e9s de vigilancias constantes y formando a los profesionales judiciales.\u00a0\u00a0<\/p><p>\u00a0<\/p><p><strong>DNI-B\u00e9lgica, DNI-Italia y DNI-Pa\u00edses Bajos<\/strong> est\u00e1n trabajando juntos para proteger los derechos de los ni\u00f1os privados de libertad a trav\u00e9s del proyecto<b> \u201cMi abogado, Mis Derechos\u00bb<\/b>.\u00a0Este proyecto defiende la aplicaci\u00f3n correcta y vigilancia real de las directivas Europeas sobre el derecho de acceder a un abogado en procesos penales; garant\u00edas procesales para ni\u00f1os acusados en procesos penales; sobre el derecho de interpretaci\u00f3n y traducci\u00f3n; y sobre el derecho a la informaci\u00f3n.<\/p><p>\u00a0<\/p><p>En 2017, el rol del abogado de las NNA en los estados miembros de la UE y sus sistemas judiciales juveniles fue esquematizado, y una base de datos en l\u00ednea fue creada para permitir un acceso f\u00e1cil a esta informaci\u00f3n. <strong>Durante el a\u00f1o alrededor de 500 j\u00f3venes abogados, funcionarios y representantes pol\u00edticos fueron formados v\u00eda este proyecto.<\/strong><\/p><\/div>\n\t\t\t\t<\/div>\n\t\t\t\t\t\t\t\t<\/div>\n\t\t\t\t\t\t<\/div>\n\t\t\t\t<\/div>\n\t\t\t\t\t<\/div>\n\t\t<\/div>\n\t\t\t\t\t<\/div>\n\t\t<\/section>\n\t\t\t\t<section class=\"elementor-section elementor-top-section elementor-element elementor-element-71f8163 elementor-section-boxed elementor-section-height-default elementor-section-height-default\" data-id=\"71f8163\" data-element_type=\"section\" data-e-type=\"section\">\n\t\t\t\t\t\t<div class=\"elementor-container elementor-column-gap-default\">\n\t\t\t\t\t<div class=\"elementor-column elementor-col-100 elementor-top-column elementor-element elementor-element-52b652b\" data-id=\"52b652b\" data-element_type=\"column\" data-e-type=\"column\">\n\t\t\t<div class=\"elementor-widget-wrap elementor-element-populated\">\n\t\t\t\t\t\t<div class=\"elementor-element elementor-element-ee98839 elementor-widget elementor-widget-heading\" data-id=\"ee98839\" data-element_type=\"widget\" data-e-type=\"widget\" data-widget_type=\"heading.default\">\n\t\t\t\t<div class=\"elementor-widget-container\">\n\t\t\t\t\t<h2 class=\"elementor-heading-title elementor-size-default\">Foro Mundial sobre la Justicia para las Ni\u00f1as, Ni\u00f1os y Adolescentes y la Privaci\u00f3n de Libertad<\/h2>\t\t\t\t<\/div>\n\t\t\t\t<\/div>\n\t\t\t\t\t<\/div>\n\t\t<\/div>\n\t\t\t\t\t<\/div>\n\t\t<\/section>\n\t\t\t\t<section class=\"elementor-section elementor-top-section elementor-element elementor-element-409ab01 elementor-section-boxed elementor-section-height-default elementor-section-height-default\" data-id=\"409ab01\" data-element_type=\"section\" data-e-type=\"section\">\n\t\t\t\t\t\t<div class=\"elementor-container elementor-column-gap-default\">\n\t\t\t\t\t<div class=\"elementor-column elementor-col-50 elementor-top-column elementor-element elementor-element-dded047\" data-id=\"dded047\" data-element_type=\"column\" data-e-type=\"column\">\n\t\t\t<div class=\"elementor-widget-wrap elementor-element-populated\">\n\t\t\t\t\t\t<div class=\"elementor-element elementor-element-8a9b302 elementor-widget elementor-widget-text-editor\" data-id=\"8a9b302\" data-element_type=\"widget\" data-e-type=\"widget\" data-widget_type=\"text-editor.default\">\n\t\t\t\t<div class=\"elementor-widget-container\">\n\t\t\t\t\t\t\t\t\t<p>El Foro Global fue un evento multisectorial con muchas perspectivas diferentes sobre el tema, acogi\u00f3 a participantes muy diversos, como r<strong>epresentantes del Panel de ONG sobre Ni\u00f1as, Ni\u00f1os y Adolescentes Privados de Libertad, representantes de agencias de la ONU, del Comit\u00e9 de los Derechos del Ni\u00f1o de la ONU, funcionarios del gobierno mauritano, y profesionales de los derechos del ni\u00f1o a nivel nacional, regional e internacional<\/strong>, entre otros.<\/p>\n<p><\/p>\n<p>La sesi\u00f3n plenaria y los debates de los grupos de trabajo sirvieron para <strong>elaborar una hoja de ruta que guiar\u00e1 nuestras actividades conjuntas en materia de justicia y privaci\u00f3n de libertad durante los pr\u00f3ximos dos a\u00f1os (2023-2024)<\/strong>. La hoja de ruta identifica las recomendaciones clave del Estudio Mundial sobre las NNA Privados de Libertad que deben aplicarse urgentemente, as\u00ed como las iniciativas y oportunidades clave para que las partes interesadas trabajen juntas. La Hoja de ruta para la acci\u00f3n 2023-2024 se publicar\u00e1 en marzo de 2023&nbsp;<a rel=\"noopener\" href=\"https:\/\/childrendeprivedofliberty.info\/global-forum-on-justice-for-children-and-deprivation-of-liberty-2\/\" target=\"_blank\">aqu\u00ed<\/a>.<\/p>\n<p><\/p>\n<p><strong>Haga clic&nbsp;<a rel=\"noopener\" href=\"https:\/\/defenceforchildren.org\/wp-content\/uploads\/2023\/02\/Global-Forum-Round-up_ES.pdf\" target=\"_blank\">aqu\u00ed<\/a>&nbsp;para leer la Recapitulaci\u00f3n del Foro Mundial<\/strong><\/p>\t\t\t\t\t\t\t\t<\/div>\n\t\t\t\t<\/div>\n\t\t\t\t\t<\/div>\n\t\t<\/div>\n\t\t\t\t<div class=\"elementor-column elementor-col-50 elementor-top-column elementor-element elementor-element-43004e2\" data-id=\"43004e2\" data-element_type=\"column\" data-e-type=\"column\">\n\t\t\t<div class=\"elementor-widget-wrap elementor-element-populated\">\n\t\t\t\t\t\t<div class=\"elementor-element elementor-element-9d2e3ea elementor-widget elementor-widget-image\" data-id=\"9d2e3ea\" data-element_type=\"widget\" data-e-type=\"widget\" data-widget_type=\"image.default\">\n\t\t\t\t<div class=\"elementor-widget-container\">\n\t\t\t\t\t\t\t\t\t\t\t\t\t\t\t<img decoding=\"async\" width=\"1024\" height=\"576\" src=\"https:\/\/defenceforchildren.org\/wp-content\/uploads\/2023\/02\/EN-1.png\" class=\"attachment-2048x2048 size-2048x2048 wp-image-22195\" alt=\"\" srcset=\"https:\/\/defenceforchildren.org\/wp-content\/uploads\/2023\/02\/EN-1.png 1024w, https:\/\/defenceforchildren.org\/wp-content\/uploads\/2023\/02\/EN-1-750x422.png 750w, https:\/\/defenceforchildren.org\/wp-content\/uploads\/2023\/02\/EN-1-768x432.png 768w\" sizes=\"(max-width: 1024px) 100vw, 1024px\" \/>\t\t\t\t\t\t\t\t\t\t\t\t\t\t\t<\/div>\n\t\t\t\t<\/div>\n\t\t\t\t\t<\/div>\n\t\t<\/div>\n\t\t\t\t\t<\/div>\n\t\t<\/section>\n\t\t\t\t<section class=\"elementor-section elementor-top-section elementor-element elementor-element-c069708 elementor-section-boxed elementor-section-height-default elementor-section-height-default\" data-id=\"c069708\" data-element_type=\"section\" data-e-type=\"section\">\n\t\t\t\t\t\t<div class=\"elementor-container elementor-column-gap-default\">\n\t\t\t\t\t<div class=\"elementor-column elementor-col-100 elementor-top-column elementor-element elementor-element-a0ab0af\" data-id=\"a0ab0af\" data-element_type=\"column\" data-e-type=\"column\">\n\t\t\t<div class=\"elementor-widget-wrap elementor-element-populated\">\n\t\t\t\t\t\t<div class=\"elementor-element elementor-element-f394bd2 elementor-widget elementor-widget-spacer\" data-id=\"f394bd2\" data-element_type=\"widget\" data-e-type=\"widget\" data-widget_type=\"spacer.default\">\n\t\t\t\t<div class=\"elementor-widget-container\">\n\t\t\t\t\t\t\t<div class=\"elementor-spacer\">\n\t\t\t<div class=\"elementor-spacer-inner\"><\/div>\n\t\t<\/div>\n\t\t\t\t\t\t<\/div>\n\t\t\t\t<\/div>\n\t\t\t\t\t<\/div>\n\t\t<\/div>\n\t\t\t\t\t<\/div>\n\t\t<\/section>\n\t\t\t\t<\/div>\n\t\t","protected":false},"excerpt":{"rendered":"<p>NNA privados de libertad A pesar del creciente n\u00famero de conflictos en todo el mundo y de la migraci\u00f3n interna y externa, las NNA privados de libertad siguen siendo una poblaci\u00f3n a menudo olvidada e invisible. Numerosos ni\u00f1os son internados en condiciones e instalaciones inhumanas donde se violan sus derechos y sufren actos de violencia [&hellip;]<\/p>\n","protected":false},"author":1,"featured_media":12501,"comment_status":"closed","ping_status":"open","sticky":false,"template":"","format":"standard","meta":{"_acf_changed":false,"give_campaign_id":0,"_monsterinsights_skip_tracking":false,"_monsterinsights_sitenote_active":false,"_monsterinsights_sitenote_note":"","_monsterinsights_sitenote_category":0,"site-sidebar-layout":"default","site-content-layout":"default","ast-site-content-layout":"default","site-content-style":"default","site-sidebar-style":"default","ast-global-header-display":"","ast-banner-title-visibility":"","ast-main-header-display":"","ast-hfb-above-header-display":"","ast-hfb-below-header-display":"","ast-hfb-mobile-header-display":"","site-post-title":"","ast-breadcrumbs-content":"","ast-featured-img":"","footer-sml-layout":"","ast-disable-related-posts":"","theme-transparent-header-meta":"default","adv-header-id-meta":"","stick-header-meta":"","header-above-stick-meta":"","header-main-stick-meta":"","header-below-stick-meta":"","astra-migrate-meta-layouts":"default","ast-page-background-enabled":"default","ast-page-background-meta":{"desktop":{"background-color":"var(--ast-global-color-5)","background-image":"","background-repeat":"repeat","background-position":"center center","background-size":"auto","background-attachment":"scroll","background-type":"","background-media":"","overlay-type":"","overlay-color":"","overlay-opacity":"","overlay-gradient":""},"tablet":{"background-color":"","background-image":"","background-repeat":"repeat","background-position":"center center","background-size":"auto","background-attachment":"scroll","background-type":"","background-media":"","overlay-type":"","overlay-color":"","overlay-opacity":"","overlay-gradient":""},"mobile":{"background-color":"","background-image":"","background-repeat":"repeat","background-position":"center center","background-size":"auto","background-attachment":"scroll","background-type":"","background-media":"","overlay-type":"","overlay-color":"","overlay-opacity":"","overlay-gradient":""}},"ast-content-background-meta":{"desktop":{"background-color":"var(--ast-global-color-4)","background-image":"","background-repeat":"repeat","background-position":"center center","background-size":"auto","background-attachment":"scroll","background-type":"","background-media":"","overlay-type":"","overlay-color":"","overlay-opacity":"","overlay-gradient":""},"tablet":{"background-color":"var(--ast-global-color-4)","background-image":"","background-repeat":"repeat","background-position":"center center","background-size":"auto","background-attachment":"scroll","background-type":"","background-media":"","overlay-type":"","overlay-color":"","overlay-opacity":"","overlay-gradient":""},"mobile":{"background-color":"var(--ast-global-color-4)","background-image":"","background-repeat":"repeat","background-position":"center center","background-size":"auto","background-attachment":"scroll","background-type":"","background-media":"","overlay-type":"","overlay-color":"","overlay-opacity":"","overlay-gradient":""}},"footnotes":""},"categories":[402,748],"tags":[],"class_list":["post-12536","post","type-post","status-publish","format-standard","has-post-thumbnail","hentry","category-highlight-es-es","category-thematic-priorities-es-es"],"acf":[],"yoast_head":"<!-- This site is optimized with the Yoast SEO plugin v27.1.1 - https:\/\/yoast.com\/product\/yoast-seo-wordpress\/ -->\n<title>Ni\u00f1as, Ni\u00f1os y Adolescentes Privados de Libertad - Defence for Children<\/title>\n<meta name=\"robots\" content=\"index, follow, max-snippet:-1, max-image-preview:large, max-video-preview:-1\" \/>\n<link rel=\"canonical\" href=\"https:\/\/defenceforchildren.org\/es\/children-deprived-of-liberty\/\" \/>\n<meta name=\"twitter:label1\" content=\"Escrito por\" \/>\n\t<meta name=\"twitter:data1\" content=\"ycoadmin\" \/>\n\t<meta name=\"twitter:label2\" content=\"Tiempo de lectura\" \/>\n\t<meta name=\"twitter:data2\" content=\"4 minutos\" \/>\n<script type=\"application\/ld+json\" class=\"yoast-schema-graph\">{\"@context\":\"https:\/\/schema.org\",\"@graph\":[{\"@type\":\"Article\",\"@id\":\"https:\/\/defenceforchildren.org\/es\/children-deprived-of-liberty\/#article\",\"isPartOf\":{\"@id\":\"https:\/\/defenceforchildren.org\/es\/children-deprived-of-liberty\/\"},\"author\":{\"name\":\"ycoadmin\",\"@id\":\"https:\/\/defenceforchildren.org\/#\/schema\/person\/a9d958a22f8f3d64290397d92c550663\"},\"headline\":\"Ni\u00f1as, Ni\u00f1os y Adolescentes Privados de Libertad\",\"datePublished\":\"2019-02-11T14:33:07+00:00\",\"dateModified\":\"2024-07-30T10:21:49+00:00\",\"mainEntityOfPage\":{\"@id\":\"https:\/\/defenceforchildren.org\/es\/children-deprived-of-liberty\/\"},\"wordCount\":829,\"publisher\":{\"@id\":\"https:\/\/defenceforchildren.org\/#organization\"},\"image\":{\"@id\":\"https:\/\/defenceforchildren.org\/es\/children-deprived-of-liberty\/#primaryimage\"},\"thumbnailUrl\":\"https:\/\/defenceforchildren.org\/wp-content\/uploads\/2019\/02\/Dep-liberty-1.jpg\",\"articleSection\":[\"Highlight @es\",\"Prioridades tem\u00e1ticas\"],\"inLanguage\":\"es\"},{\"@type\":\"WebPage\",\"@id\":\"https:\/\/defenceforchildren.org\/es\/children-deprived-of-liberty\/\",\"url\":\"https:\/\/defenceforchildren.org\/es\/children-deprived-of-liberty\/\",\"name\":\"Ni\u00f1as, Ni\u00f1os y Adolescentes Privados de Libertad - Defence for Children\",\"isPartOf\":{\"@id\":\"https:\/\/defenceforchildren.org\/#website\"},\"primaryImageOfPage\":{\"@id\":\"https:\/\/defenceforchildren.org\/es\/children-deprived-of-liberty\/#primaryimage\"},\"image\":{\"@id\":\"https:\/\/defenceforchildren.org\/es\/children-deprived-of-liberty\/#primaryimage\"},\"thumbnailUrl\":\"https:\/\/defenceforchildren.org\/wp-content\/uploads\/2019\/02\/Dep-liberty-1.jpg\",\"datePublished\":\"2019-02-11T14:33:07+00:00\",\"dateModified\":\"2024-07-30T10:21:49+00:00\",\"breadcrumb\":{\"@id\":\"https:\/\/defenceforchildren.org\/es\/children-deprived-of-liberty\/#breadcrumb\"},\"inLanguage\":\"es\",\"potentialAction\":[{\"@type\":\"ReadAction\",\"target\":[\"https:\/\/defenceforchildren.org\/es\/children-deprived-of-liberty\/\"]}]},{\"@type\":\"ImageObject\",\"inLanguage\":\"es\",\"@id\":\"https:\/\/defenceforchildren.org\/es\/children-deprived-of-liberty\/#primaryimage\",\"url\":\"https:\/\/defenceforchildren.org\/wp-content\/uploads\/2019\/02\/Dep-liberty-1.jpg\",\"contentUrl\":\"https:\/\/defenceforchildren.org\/wp-content\/uploads\/2019\/02\/Dep-liberty-1.jpg\",\"width\":1024,\"height\":768},{\"@type\":\"BreadcrumbList\",\"@id\":\"https:\/\/defenceforchildren.org\/es\/children-deprived-of-liberty\/#breadcrumb\",\"itemListElement\":[{\"@type\":\"ListItem\",\"position\":1,\"name\":\"Inicio\",\"item\":\"https:\/\/defenceforchildren.org\/es\/\"},{\"@type\":\"ListItem\",\"position\":2,\"name\":\"Ni\u00f1as, Ni\u00f1os y Adolescentes Privados de Libertad\"}]},{\"@type\":\"WebSite\",\"@id\":\"https:\/\/defenceforchildren.org\/#website\",\"url\":\"https:\/\/defenceforchildren.org\/\",\"name\":\"Defence for Children\",\"description\":\"\",\"publisher\":{\"@id\":\"https:\/\/defenceforchildren.org\/#organization\"},\"potentialAction\":[{\"@type\":\"SearchAction\",\"target\":{\"@type\":\"EntryPoint\",\"urlTemplate\":\"https:\/\/defenceforchildren.org\/?s={search_term_string}\"},\"query-input\":{\"@type\":\"PropertyValueSpecification\",\"valueRequired\":true,\"valueName\":\"search_term_string\"}}],\"inLanguage\":\"es\"},{\"@type\":\"Organization\",\"@id\":\"https:\/\/defenceforchildren.org\/#organization\",\"name\":\"Defence for Children\",\"url\":\"https:\/\/defenceforchildren.org\/\",\"logo\":{\"@type\":\"ImageObject\",\"inLanguage\":\"es\",\"@id\":\"https:\/\/defenceforchildren.org\/#\/schema\/logo\/image\/\",\"url\":\"https:\/\/defenceforchildren.org\/wp-content\/uploads\/2020\/07\/cropped-INT.-SEC-EN-claim.jpg\",\"contentUrl\":\"https:\/\/defenceforchildren.org\/wp-content\/uploads\/2020\/07\/cropped-INT.-SEC-EN-claim.jpg\",\"width\":1431,\"height\":449,\"caption\":\"Defence for Children\"},\"image\":{\"@id\":\"https:\/\/defenceforchildren.org\/#\/schema\/logo\/image\/\"},\"sameAs\":[\"https:\/\/fr.wikipedia.org\/wiki\/Defence_for_Children_International\"]},{\"@type\":\"Person\",\"@id\":\"https:\/\/defenceforchildren.org\/#\/schema\/person\/a9d958a22f8f3d64290397d92c550663\",\"name\":\"ycoadmin\",\"image\":{\"@type\":\"ImageObject\",\"inLanguage\":\"es\",\"@id\":\"https:\/\/defenceforchildren.org\/#\/schema\/person\/image\/\",\"url\":\"https:\/\/secure.gravatar.com\/avatar\/b760e49550e45b6f3790a71b76ddba4f1fa44712626e8d6c4404e84ae57c9c3a?s=96&d=mm&r=g\",\"contentUrl\":\"https:\/\/secure.gravatar.com\/avatar\/b760e49550e45b6f3790a71b76ddba4f1fa44712626e8d6c4404e84ae57c9c3a?s=96&d=mm&r=g\",\"caption\":\"ycoadmin\"},\"url\":\"https:\/\/defenceforchildren.org\/es\/author\/ycoadmin\/\"}]}<\/script>\n<!-- \/ Yoast SEO plugin. -->","yoast_head_json":{"title":"Ni\u00f1as, Ni\u00f1os y Adolescentes Privados de Libertad - Defence for Children","robots":{"index":"index","follow":"follow","max-snippet":"max-snippet:-1","max-image-preview":"max-image-preview:large","max-video-preview":"max-video-preview:-1"},"canonical":"https:\/\/defenceforchildren.org\/es\/children-deprived-of-liberty\/","twitter_misc":{"Escrito por":"ycoadmin","Tiempo de lectura":"4 minutos"},"schema":{"@context":"https:\/\/schema.org","@graph":[{"@type":"Article","@id":"https:\/\/defenceforchildren.org\/es\/children-deprived-of-liberty\/#article","isPartOf":{"@id":"https:\/\/defenceforchildren.org\/es\/children-deprived-of-liberty\/"},"author":{"name":"ycoadmin","@id":"https:\/\/defenceforchildren.org\/#\/schema\/person\/a9d958a22f8f3d64290397d92c550663"},"headline":"Ni\u00f1as, Ni\u00f1os y Adolescentes Privados de Libertad","datePublished":"2019-02-11T14:33:07+00:00","dateModified":"2024-07-30T10:21:49+00:00","mainEntityOfPage":{"@id":"https:\/\/defenceforchildren.org\/es\/children-deprived-of-liberty\/"},"wordCount":829,"publisher":{"@id":"https:\/\/defenceforchildren.org\/#organization"},"image":{"@id":"https:\/\/defenceforchildren.org\/es\/children-deprived-of-liberty\/#primaryimage"},"thumbnailUrl":"https:\/\/defenceforchildren.org\/wp-content\/uploads\/2019\/02\/Dep-liberty-1.jpg","articleSection":["Highlight @es","Prioridades tem\u00e1ticas"],"inLanguage":"es"},{"@type":"WebPage","@id":"https:\/\/defenceforchildren.org\/es\/children-deprived-of-liberty\/","url":"https:\/\/defenceforchildren.org\/es\/children-deprived-of-liberty\/","name":"Ni\u00f1as, Ni\u00f1os y Adolescentes Privados de Libertad - Defence for Children","isPartOf":{"@id":"https:\/\/defenceforchildren.org\/#website"},"primaryImageOfPage":{"@id":"https:\/\/defenceforchildren.org\/es\/children-deprived-of-liberty\/#primaryimage"},"image":{"@id":"https:\/\/defenceforchildren.org\/es\/children-deprived-of-liberty\/#primaryimage"},"thumbnailUrl":"https:\/\/defenceforchildren.org\/wp-content\/uploads\/2019\/02\/Dep-liberty-1.jpg","datePublished":"2019-02-11T14:33:07+00:00","dateModified":"2024-07-30T10:21:49+00:00","breadcrumb":{"@id":"https:\/\/defenceforchildren.org\/es\/children-deprived-of-liberty\/#breadcrumb"},"inLanguage":"es","potentialAction":[{"@type":"ReadAction","target":["https:\/\/defenceforchildren.org\/es\/children-deprived-of-liberty\/"]}]},{"@type":"ImageObject","inLanguage":"es","@id":"https:\/\/defenceforchildren.org\/es\/children-deprived-of-liberty\/#primaryimage","url":"https:\/\/defenceforchildren.org\/wp-content\/uploads\/2019\/02\/Dep-liberty-1.jpg","contentUrl":"https:\/\/defenceforchildren.org\/wp-content\/uploads\/2019\/02\/Dep-liberty-1.jpg","width":1024,"height":768},{"@type":"BreadcrumbList","@id":"https:\/\/defenceforchildren.org\/es\/children-deprived-of-liberty\/#breadcrumb","itemListElement":[{"@type":"ListItem","position":1,"name":"Inicio","item":"https:\/\/defenceforchildren.org\/es\/"},{"@type":"ListItem","position":2,"name":"Ni\u00f1as, Ni\u00f1os y Adolescentes Privados de Libertad"}]},{"@type":"WebSite","@id":"https:\/\/defenceforchildren.org\/#website","url":"https:\/\/defenceforchildren.org\/","name":"Defence for Children","description":"","publisher":{"@id":"https:\/\/defenceforchildren.org\/#organization"},"potentialAction":[{"@type":"SearchAction","target":{"@type":"EntryPoint","urlTemplate":"https:\/\/defenceforchildren.org\/?s={search_term_string}"},"query-input":{"@type":"PropertyValueSpecification","valueRequired":true,"valueName":"search_term_string"}}],"inLanguage":"es"},{"@type":"Organization","@id":"https:\/\/defenceforchildren.org\/#organization","name":"Defence for Children","url":"https:\/\/defenceforchildren.org\/","logo":{"@type":"ImageObject","inLanguage":"es","@id":"https:\/\/defenceforchildren.org\/#\/schema\/logo\/image\/","url":"https:\/\/defenceforchildren.org\/wp-content\/uploads\/2020\/07\/cropped-INT.-SEC-EN-claim.jpg","contentUrl":"https:\/\/defenceforchildren.org\/wp-content\/uploads\/2020\/07\/cropped-INT.-SEC-EN-claim.jpg","width":1431,"height":449,"caption":"Defence for Children"},"image":{"@id":"https:\/\/defenceforchildren.org\/#\/schema\/logo\/image\/"},"sameAs":["https:\/\/fr.wikipedia.org\/wiki\/Defence_for_Children_International"]},{"@type":"Person","@id":"https:\/\/defenceforchildren.org\/#\/schema\/person\/a9d958a22f8f3d64290397d92c550663","name":"ycoadmin","image":{"@type":"ImageObject","inLanguage":"es","@id":"https:\/\/defenceforchildren.org\/#\/schema\/person\/image\/","url":"https:\/\/secure.gravatar.com\/avatar\/b760e49550e45b6f3790a71b76ddba4f1fa44712626e8d6c4404e84ae57c9c3a?s=96&d=mm&r=g","contentUrl":"https:\/\/secure.gravatar.com\/avatar\/b760e49550e45b6f3790a71b76ddba4f1fa44712626e8d6c4404e84ae57c9c3a?s=96&d=mm&r=g","caption":"ycoadmin"},"url":"https:\/\/defenceforchildren.org\/es\/author\/ycoadmin\/"}]}},"_links":{"self":[{"href":"https:\/\/defenceforchildren.org\/es\/wp-json\/wp\/v2\/posts\/12536","targetHints":{"allow":["GET"]}}],"collection":[{"href":"https:\/\/defenceforchildren.org\/es\/wp-json\/wp\/v2\/posts"}],"about":[{"href":"https:\/\/defenceforchildren.org\/es\/wp-json\/wp\/v2\/types\/post"}],"author":[{"embeddable":true,"href":"https:\/\/defenceforchildren.org\/es\/wp-json\/wp\/v2\/users\/1"}],"replies":[{"embeddable":true,"href":"https:\/\/defenceforchildren.org\/es\/wp-json\/wp\/v2\/comments?post=12536"}],"version-history":[{"count":0,"href":"https:\/\/defenceforchildren.org\/es\/wp-json\/wp\/v2\/posts\/12536\/revisions"}],"wp:featuredmedia":[{"embeddable":true,"href":"https:\/\/defenceforchildren.org\/es\/wp-json\/wp\/v2\/media\/12501"}],"wp:attachment":[{"href":"https:\/\/defenceforchildren.org\/es\/wp-json\/wp\/v2\/media?parent=12536"}],"wp:term":[{"taxonomy":"category","embeddable":true,"href":"https:\/\/defenceforchildren.org\/es\/wp-json\/wp\/v2\/categories?post=12536"},{"taxonomy":"post_tag","embeddable":true,"href":"https:\/\/defenceforchildren.org\/es\/wp-json\/wp\/v2\/tags?post=12536"}],"curies":[{"name":"wp","href":"https:\/\/api.w.org\/{rel}","templated":true}]}}