{"id":12533,"date":"2019-02-11T15:23:52","date_gmt":"2019-02-11T14:23:52","guid":{"rendered":"https:\/\/defenceforchildren.org\/es\/children-on-the-move\/"},"modified":"2026-06-16T11:38:22","modified_gmt":"2026-06-16T10:38:22","slug":"children-on-the-move","status":"publish","type":"post","link":"https:\/\/defenceforchildren.org\/es\/children-on-the-move\/","title":{"rendered":"Ni\u00f1as, Ni\u00f1os y Adolescentes en Contextos de Migraci\u00f3n"},"content":{"rendered":"<div class=\"wpb-content-wrapper\">\t\t<div data-elementor-type=\"wp-post\" data-elementor-id=\"12533\" class=\"elementor elementor-12533\" data-elementor-post-type=\"post\">\n\t\t\t\t\t\t<section class=\"elementor-section elementor-top-section elementor-element elementor-element-b611f5b elementor-section-boxed elementor-section-height-default elementor-section-height-default\" data-id=\"b611f5b\" data-element_type=\"section\" data-e-type=\"section\">\n\t\t\t\t\t\t<div class=\"elementor-container elementor-column-gap-default\">\n\t\t\t\t\t<div class=\"elementor-column elementor-col-100 elementor-top-column elementor-element elementor-element-b64fe0d\" data-id=\"b64fe0d\" data-element_type=\"column\" data-e-type=\"column\">\n\t\t\t<div class=\"elementor-widget-wrap elementor-element-populated\">\n\t\t\t\t\t\t<div class=\"elementor-element elementor-element-7ccdacf elementor-widget elementor-widget-image\" data-id=\"7ccdacf\" data-element_type=\"widget\" data-e-type=\"widget\" data-widget_type=\"image.default\">\n\t\t\t\t<div class=\"elementor-widget-container\">\n\t\t\t\t\t\t\t\t\t\t\t\t\t\t\t<img fetchpriority=\"high\" decoding=\"async\" width=\"810\" height=\"538\" src=\"https:\/\/defenceforchildren.org\/wp-content\/uploads\/2023\/02\/children-on-the-move.jpg\" class=\"attachment-2048x2048 size-2048x2048 wp-image-22645\" alt=\"\" srcset=\"https:\/\/defenceforchildren.org\/wp-content\/uploads\/2023\/02\/children-on-the-move.jpg 810w, https:\/\/defenceforchildren.org\/wp-content\/uploads\/2023\/02\/children-on-the-move-750x498.jpg 750w, https:\/\/defenceforchildren.org\/wp-content\/uploads\/2023\/02\/children-on-the-move-768x510.jpg 768w\" sizes=\"(max-width: 810px) 100vw, 810px\" \/>\t\t\t\t\t\t\t\t\t\t\t\t\t\t\t<\/div>\n\t\t\t\t<\/div>\n\t\t\t\t<div class=\"elementor-element elementor-element-9b10baa elementor-align-center elementor-widget elementor-widget-button\" data-id=\"9b10baa\" data-element_type=\"widget\" data-e-type=\"widget\" data-widget_type=\"button.default\">\n\t\t\t\t<div class=\"elementor-widget-container\">\n\t\t\t\t\t\t\t\t\t<div class=\"elementor-button-wrapper\">\n\t\t\t\t\t<a class=\"elementor-button elementor-size-sm\" role=\"button\">\n\t\t\t\t\t\t<span class=\"elementor-button-content-wrapper\">\n\t\t\t\t\t\t\t\t\t<span class=\"elementor-button-text\">NNA en contextos de migraci\u00f3n<\/span>\n\t\t\t\t\t<\/span>\n\t\t\t\t\t<\/a>\n\t\t\t\t<\/div>\n\t\t\t\t\t\t\t\t<\/div>\n\t\t\t\t<\/div>\n\t\t\t\t\t<\/div>\n\t\t<\/div>\n\t\t\t\t\t<\/div>\n\t\t<\/section>\n\t\t\t\t<section class=\"elementor-section elementor-top-section elementor-element elementor-element-d348074 elementor-section-boxed elementor-section-height-default elementor-section-height-default\" data-id=\"d348074\" data-element_type=\"section\" data-e-type=\"section\">\n\t\t\t\t\t\t<div class=\"elementor-container elementor-column-gap-default\">\n\t\t\t\t\t<div class=\"elementor-column elementor-col-50 elementor-top-column elementor-element elementor-element-3c369a0\" data-id=\"3c369a0\" data-element_type=\"column\" data-e-type=\"column\">\n\t\t\t<div class=\"elementor-widget-wrap elementor-element-populated\">\n\t\t\t\t\t\t<div class=\"elementor-element elementor-element-b2c2c2b elementor-widget elementor-widget-text-editor\" data-id=\"b2c2c2b\" data-element_type=\"widget\" data-e-type=\"widget\" data-widget_type=\"text-editor.default\">\n\t\t\t\t<div class=\"elementor-widget-container\">\n\t\t\t\t\t\t\t\t\t<div class=\"vc_row wpb_row vc_row-fluid\"><div class=\"wpb_column vc_column_container vc_col-sm-6\"><div class=\"vc_column-inner\"><div class=\"wpb_wrapper\"><div class=\"wpb_text_column wpb_content_element \"><div class=\"wpb_wrapper\"><p>\u00a0 Los retos que plantean la movilidad humana y la migraci\u00f3n son actualmente una de las mayores preocupaciones de nuestra sociedad. En este contexto complejo y cambiante, alrededor del <strong>14 % de los migrantes del mundo son ni\u00f1os<\/strong>. Esto significa que m\u00e1s de <strong>34,7 millones de ni\u00f1os se desplazan por el mundo cada a\u00f1o.<\/strong><\/p><p>La migraci\u00f3n supone un <strong>gran n\u00famero de desaf\u00edos para los ni\u00f1os y sus familias.<\/strong> Son personas que han sido expuestas a situaciones de\u00a0pobreza y violencia, factores que obligan a los migrantes a abandonar su pa\u00eds de origen, y <strong>enfrentarse al aislamiento y el miedo de llegar a un pa\u00eds de acogida.<\/strong><\/p><\/div><\/div><\/div><\/div><\/div><\/div><div class=\"vc_row wpb_row vc_row-fluid\"><div class=\"wpb_column vc_column_container vc_col-sm-12\"><div class=\"vc_column-inner\"><div class=\"wpb_wrapper\"><div class=\"wpb_text_column wpb_content_element \"><div class=\"wpb_wrapper\"><p>Nuestro\u00a0trabajo para los ni\u00f1os n\u00f3madas incluye\u00a0<strong>ni\u00f1os migrantes, ni\u00f1os refugiados, ni\u00f1os que buscan asilo, ni\u00f1os desplazados internamente, ni\u00f1os ap\u00e1tridas y ni\u00f1os v\u00edctimas de la trata<\/strong>. La preocupaci\u00f3n por la violaci\u00f3n de los derechos y la protecci\u00f3n de este gran grupo de ni\u00f1os ha aumentado r\u00e1pidamente a medida que el n\u00famero de ni\u00f1os ha aumentado en los \u00faltimos a\u00f1os debido a conflictos armados, desastres humanitarios y fallas econ\u00f3micas en muchos pa\u00edses. Unidos, Defensa de los ni\u00f1os y ni\u00f1as internacional trabaja para garantizar que <strong>todos los ni\u00f1os en movimiento puedan beneficiarse de la protecci\u00f3n, disfrutar de todos sus derechos y ejercerlos en su totalidad.<\/strong><\/p><\/div><\/div><\/div><\/div><\/div><\/div>\t\t\t\t\t\t\t\t<\/div>\n\t\t\t\t<\/div>\n\t\t\t\t<div class=\"elementor-element elementor-element-71ae6bf elementor-widget elementor-widget-image\" data-id=\"71ae6bf\" data-element_type=\"widget\" data-e-type=\"widget\" data-widget_type=\"image.default\">\n\t\t\t\t<div class=\"elementor-widget-container\">\n\t\t\t\t\t\t\t\t\t\t\t\t\t\t\t<img decoding=\"async\" width=\"765\" height=\"507\" src=\"https:\/\/defenceforchildren.org\/wp-content\/uploads\/2022\/06\/20180619_Migrants_PR-1.jpg\" class=\"attachment-large size-large wp-image-21589\" alt=\"\" srcset=\"https:\/\/defenceforchildren.org\/wp-content\/uploads\/2022\/06\/20180619_Migrants_PR-1.jpg 765w, https:\/\/defenceforchildren.org\/wp-content\/uploads\/2022\/06\/20180619_Migrants_PR-1-750x497.jpg 750w\" sizes=\"(max-width: 765px) 100vw, 765px\" \/>\t\t\t\t\t\t\t\t\t\t\t\t\t\t\t<\/div>\n\t\t\t\t<\/div>\n\t\t\t\t\t<\/div>\n\t\t<\/div>\n\t\t\t\t<div class=\"elementor-column elementor-col-50 elementor-top-column elementor-element elementor-element-dc1d623\" data-id=\"dc1d623\" data-element_type=\"column\" data-e-type=\"column\">\n\t\t\t<div class=\"elementor-widget-wrap elementor-element-populated\">\n\t\t\t\t\t\t<div class=\"elementor-element elementor-element-a3eb261 elementor-widget elementor-widget-image\" data-id=\"a3eb261\" data-element_type=\"widget\" data-e-type=\"widget\" data-widget_type=\"image.default\">\n\t\t\t\t<div class=\"elementor-widget-container\">\n\t\t\t\t\t\t\t\t\t\t\t\t\t\t\t<img decoding=\"async\" width=\"410\" height=\"1024\" src=\"https:\/\/defenceforchildren.org\/wp-content\/uploads\/2023\/02\/Contextos-de-migracion-410x1024.png\" class=\"attachment-large size-large wp-image-22865\" alt=\"\" srcset=\"https:\/\/defenceforchildren.org\/wp-content\/uploads\/2023\/02\/Contextos-de-migracion-410x1024.png 410w, https:\/\/defenceforchildren.org\/wp-content\/uploads\/2023\/02\/Contextos-de-migracion-300x750.png 300w, https:\/\/defenceforchildren.org\/wp-content\/uploads\/2023\/02\/Contextos-de-migracion-768x1920.png 768w, https:\/\/defenceforchildren.org\/wp-content\/uploads\/2023\/02\/Contextos-de-migracion.png 800w\" sizes=\"(max-width: 410px) 100vw, 410px\" \/>\t\t\t\t\t\t\t\t\t\t\t\t\t\t\t<\/div>\n\t\t\t\t<\/div>\n\t\t\t\t\t<\/div>\n\t\t<\/div>\n\t\t\t\t\t<\/div>\n\t\t<\/section>\n\t\t\t\t<section class=\"elementor-section elementor-top-section elementor-element elementor-element-cce1ce9 elementor-section-boxed elementor-section-height-default elementor-section-height-default\" data-id=\"cce1ce9\" data-element_type=\"section\" data-e-type=\"section\">\n\t\t\t\t\t\t<div class=\"elementor-container elementor-column-gap-default\">\n\t\t\t\t\t<div class=\"elementor-column elementor-col-100 elementor-top-column elementor-element elementor-element-13dd81f\" data-id=\"13dd81f\" data-element_type=\"column\" data-e-type=\"column\">\n\t\t\t<div class=\"elementor-widget-wrap elementor-element-populated\">\n\t\t\t\t\t\t<div class=\"elementor-element elementor-element-c744be3 elementor-widget elementor-widget-spacer\" data-id=\"c744be3\" data-element_type=\"widget\" data-e-type=\"widget\" data-widget_type=\"spacer.default\">\n\t\t\t\t<div class=\"elementor-widget-container\">\n\t\t\t\t\t\t\t<div class=\"elementor-spacer\">\n\t\t\t<div class=\"elementor-spacer-inner\"><\/div>\n\t\t<\/div>\n\t\t\t\t\t\t<\/div>\n\t\t\t\t<\/div>\n\t\t\t\t\t<\/div>\n\t\t<\/div>\n\t\t\t\t\t<\/div>\n\t\t<\/section>\n\t\t\t\t<section class=\"elementor-section elementor-top-section elementor-element elementor-element-23fd7e7 elementor-section-boxed elementor-section-height-default elementor-section-height-default\" data-id=\"23fd7e7\" data-element_type=\"section\" data-e-type=\"section\">\n\t\t\t\t\t\t<div class=\"elementor-container elementor-column-gap-default\">\n\t\t\t\t\t<div class=\"elementor-column elementor-col-50 elementor-top-column elementor-element elementor-element-b87deda\" data-id=\"b87deda\" data-element_type=\"column\" data-e-type=\"column\">\n\t\t\t<div class=\"elementor-widget-wrap elementor-element-populated\">\n\t\t\t\t\t\t<div class=\"elementor-element elementor-element-4f6cc3a elementor-widget elementor-widget-accordion\" data-id=\"4f6cc3a\" data-element_type=\"widget\" data-e-type=\"widget\" data-widget_type=\"accordion.default\">\n\t\t\t\t<div class=\"elementor-widget-container\">\n\t\t\t\t\t\t\t<div class=\"elementor-accordion\">\n\t\t\t\t\t\t\t<div class=\"elementor-accordion-item\">\n\t\t\t\t\t<div id=\"elementor-tab-title-8321\" class=\"elementor-tab-title\" data-tab=\"1\" role=\"button\" aria-controls=\"elementor-tab-content-8321\" aria-expanded=\"false\">\n\t\t\t\t\t\t\t\t\t\t\t\t\t<span class=\"elementor-accordion-icon elementor-accordion-icon-left\" aria-hidden=\"true\">\n\t\t\t\t\t\t\t\t\t\t\t\t\t\t\t<span class=\"elementor-accordion-icon-closed\"><i class=\"fas fa-plus\"><\/i><\/span>\n\t\t\t\t\t\t\t\t<span class=\"elementor-accordion-icon-opened\"><i class=\"fas fa-minus\"><\/i><\/span>\n\t\t\t\t\t\t\t\t\t\t\t\t\t\t<\/span>\n\t\t\t\t\t\t\t\t\t\t\t\t<a class=\"elementor-accordion-title\" tabindex=\"0\">Nuestro rol<\/a>\n\t\t\t\t\t<\/div>\n\t\t\t\t\t<div id=\"elementor-tab-content-8321\" class=\"elementor-tab-content elementor-clearfix\" data-tab=\"1\" role=\"region\" aria-labelledby=\"elementor-tab-title-8321\"><p>A nivel internacional, DNI es parte de la&nbsp;<strong>Iniciativa Global sobre los Derechos del Ni\u00f1o<\/strong>, que tiene como objetivo incluir los principios de los derechos del ni\u00f1o en el Pacto Mundial para la Migraci\u00f3n Segura y Ordenada, y el Pacto Mundial para refugiados. Tambi\u00e9n participamos en el <strong>grupo de trabajo interinstitucional sobre la eliminaci\u00f3n de la detenci\u00f3n de ni\u00f1os inmigrantes<\/strong>, y colaboramos regularmente con otros mecanismos y agencias de derechos humanos para tratar con los ni\u00f1os en movimiento.<\/p>\n<p>El r\u00e1pido aumento en el n\u00famero de ni\u00f1os que viajan a menudo se asocia con la detenci\u00f3n en malas condiciones. La&nbsp;<a href=\"https:\/\/defenceforchildren.org\/monitoring-places-where-children-are-deprived-of-liberty-a-practical-guide\/\">Gu\u00eda de pr\u00e1ctica de DNI \u2013 Monitoreo de lugares donde los ni\u00f1os est\u00e1n privados de libertad<\/a>&nbsp;(EN) \u2013 tambi\u00e9n es esencial en este contexto.<\/p><\/div>\n\t\t\t\t<\/div>\n\t\t\t\t\t\t\t\t<\/div>\n\t\t\t\t\t\t<\/div>\n\t\t\t\t<\/div>\n\t\t\t\t\t<\/div>\n\t\t<\/div>\n\t\t\t\t<div class=\"elementor-column elementor-col-50 elementor-top-column elementor-element elementor-element-12e323c\" data-id=\"12e323c\" data-element_type=\"column\" data-e-type=\"column\">\n\t\t\t<div class=\"elementor-widget-wrap elementor-element-populated\">\n\t\t\t\t\t\t<div class=\"elementor-element elementor-element-fefbe94 elementor-widget elementor-widget-accordion\" data-id=\"fefbe94\" data-element_type=\"widget\" data-e-type=\"widget\" data-widget_type=\"accordion.default\">\n\t\t\t\t<div class=\"elementor-widget-container\">\n\t\t\t\t\t\t\t<div class=\"elementor-accordion\">\n\t\t\t\t\t\t\t<div class=\"elementor-accordion-item\">\n\t\t\t\t\t<div id=\"elementor-tab-title-2671\" class=\"elementor-tab-title\" data-tab=\"1\" role=\"button\" aria-controls=\"elementor-tab-content-2671\" aria-expanded=\"false\">\n\t\t\t\t\t\t\t\t\t\t\t\t\t<span class=\"elementor-accordion-icon elementor-accordion-icon-left\" aria-hidden=\"true\">\n\t\t\t\t\t\t\t\t\t\t\t\t\t\t\t<span class=\"elementor-accordion-icon-closed\"><i class=\"fas fa-plus\"><\/i><\/span>\n\t\t\t\t\t\t\t\t<span class=\"elementor-accordion-icon-opened\"><i class=\"fas fa-minus\"><\/i><\/span>\n\t\t\t\t\t\t\t\t\t\t\t\t\t\t<\/span>\n\t\t\t\t\t\t\t\t\t\t\t\t<a class=\"elementor-accordion-title\" tabindex=\"0\">Nuestro impacto<\/a>\n\t\t\t\t\t<\/div>\n\t\t\t\t\t<div id=\"elementor-tab-content-2671\" class=\"elementor-tab-content elementor-clearfix\" data-tab=\"1\" role=\"region\" aria-labelledby=\"elementor-tab-title-2671\"><div class=\"vc_row wpb_row vc_row-fluid\"><div class=\"wpb_column vc_column_container vc_col-sm-12\"><div class=\"vc_column-inner\"><div class=\"wpb_wrapper\"><div class=\"wpb_text_column wpb_content_element \"><div class=\"wpb_wrapper\"><p>A nivel nacional, los secciones nacionales de DNI trabajo por los ni\u00f1os n\u00f3madas en varios proyectos, programas y actividades, que incluyen\u00a0<strong>asistencia directa, desarrollo de capacidades, promoci\u00f3n y defensa<\/strong>. Las secciones de\u00a0<strong>DNI de Guinea-Conakry, Sierra Leona y Liberia<\/strong>\u00a0colaboraron en el \u00e1rea del tr\u00e1fico de ni\u00f1os. Este proyecto conjunto involucr\u00f3 el\u00a0<strong>fortalecimiento de la capacidad de los funcionarios de seguridad fronteriza, l\u00edderes comunitarios y organizaciones de la sociedad civil para prevenir y combatir el tr\u00e1fico transfronterizo de ni\u00f1os<\/strong>.<\/p><\/div><\/div><\/div><\/div><\/div><\/div><div class=\"vc_row wpb_row vc_row-fluid\"><div class=\"wpb_column vc_column_container vc_col-sm-8\"><div class=\"vc_column-inner\"><div class=\"wpb_wrapper\"><div class=\"wpb_text_column wpb_content_element \"><div class=\"wpb_wrapper\"><p>Adem\u00e1s, debido a la gran cantidad de refugiados que llegan al L\u00edbano, nuestra secci\u00f3n nacional ha trabajado con un total de\u00a0<strong>1 800 ni\u00f1os en 2017<\/strong>, principalmente en protecci\u00f3n y educaci\u00f3n. En Europa, las sucursales de\u00a0<strong>DNI en Grecia, Italia y los Pa\u00edses Bajos<\/strong>\u00a0est\u00e1n trabajando con los ni\u00f1os migrantes y solicitantes de asilo que llegan a su pa\u00eds a trav\u00e9s de la\u00a0<strong>asistencia legal y la capacitaci\u00f3n de profesionales<\/strong>. Esto incluye un servicio de asistencia infantil.<\/p><\/div><\/div><\/div><\/div><\/div><\/div><\/div>\n\t\t\t\t<\/div>\n\t\t\t\t\t\t\t\t<\/div>\n\t\t\t\t\t\t<\/div>\n\t\t\t\t<\/div>\n\t\t\t\t\t<\/div>\n\t\t<\/div>\n\t\t\t\t\t<\/div>\n\t\t<\/section>\n\t\t\t\t<section class=\"elementor-section elementor-top-section elementor-element elementor-element-7620009 elementor-section-boxed elementor-section-height-default elementor-section-height-default\" data-id=\"7620009\" data-element_type=\"section\" data-e-type=\"section\">\n\t\t\t\t\t\t<div class=\"elementor-container elementor-column-gap-default\">\n\t\t\t\t\t<div class=\"elementor-column elementor-col-100 elementor-top-column elementor-element elementor-element-375c99b\" data-id=\"375c99b\" data-element_type=\"column\" data-e-type=\"column\">\n\t\t\t<div class=\"elementor-widget-wrap elementor-element-populated\">\n\t\t\t\t\t\t<div class=\"elementor-element elementor-element-3c7fdaf elementor-widget elementor-widget-spacer\" data-id=\"3c7fdaf\" data-element_type=\"widget\" data-e-type=\"widget\" data-widget_type=\"spacer.default\">\n\t\t\t\t<div class=\"elementor-widget-container\">\n\t\t\t\t\t\t\t<div class=\"elementor-spacer\">\n\t\t\t<div class=\"elementor-spacer-inner\"><\/div>\n\t\t<\/div>\n\t\t\t\t\t\t<\/div>\n\t\t\t\t<\/div>\n\t\t\t\t\t<\/div>\n\t\t<\/div>\n\t\t\t\t\t<\/div>\n\t\t<\/section>\n\t\t\t\t<\/div>\n\t\t<\/div>","protected":false},"excerpt":{"rendered":"<p>NNA en contextos de migraci\u00f3n \u00a0 Los retos que plantean la movilidad humana y la migraci\u00f3n son actualmente una de las mayores preocupaciones de nuestra sociedad. En este contexto complejo y cambiante, alrededor del 14 % de los migrantes del mundo son ni\u00f1os. Esto significa que m\u00e1s de 34,7 millones de ni\u00f1os se desplazan por [&hellip;]<\/p>\n","protected":false},"author":1,"featured_media":22647,"comment_status":"closed","ping_status":"open","sticky":false,"template":"","format":"standard","meta":{"_acf_changed":false,"give_campaign_id":0,"_monsterinsights_skip_tracking":false,"_monsterinsights_sitenote_active":false,"_monsterinsights_sitenote_note":"","_monsterinsights_sitenote_category":0,"site-sidebar-layout":"default","site-content-layout":"default","ast-site-content-layout":"default","site-content-style":"default","site-sidebar-style":"default","ast-global-header-display":"","ast-banner-title-visibility":"","ast-main-header-display":"disabled","ast-hfb-above-header-display":"","ast-hfb-below-header-display":"","ast-hfb-mobile-header-display":"","site-post-title":"disabled","ast-breadcrumbs-content":"disabled","ast-featured-img":"disabled","footer-sml-layout":"disabled","ast-disable-related-posts":"","theme-transparent-header-meta":"default","adv-header-id-meta":"","stick-header-meta":"","header-above-stick-meta":"","header-main-stick-meta":"","header-below-stick-meta":"","astra-migrate-meta-layouts":"default","ast-page-background-enabled":"default","ast-page-background-meta":{"desktop":{"background-color":"var(--ast-global-color-5)","background-image":"","background-repeat":"repeat","background-position":"center center","background-size":"auto","background-attachment":"scroll","background-type":"","background-media":"","overlay-type":"","overlay-color":"","overlay-opacity":"","overlay-gradient":""},"tablet":{"background-color":"","background-image":"","background-repeat":"repeat","background-position":"center center","background-size":"auto","background-attachment":"scroll","background-type":"","background-media":"","overlay-type":"","overlay-color":"","overlay-opacity":"","overlay-gradient":""},"mobile":{"background-color":"","background-image":"","background-repeat":"repeat","background-position":"center center","background-size":"auto","background-attachment":"scroll","background-type":"","background-media":"","overlay-type":"","overlay-color":"","overlay-opacity":"","overlay-gradient":""}},"ast-content-background-meta":{"desktop":{"background-color":"var(--ast-global-color-4)","background-image":"","background-repeat":"repeat","background-position":"center center","background-size":"auto","background-attachment":"scroll","background-type":"","background-media":"","overlay-type":"","overlay-color":"","overlay-opacity":"","overlay-gradient":""},"tablet":{"background-color":"var(--ast-global-color-4)","background-image":"","background-repeat":"repeat","background-position":"center center","background-size":"auto","background-attachment":"scroll","background-type":"","background-media":"","overlay-type":"","overlay-color":"","overlay-opacity":"","overlay-gradient":""},"mobile":{"background-color":"var(--ast-global-color-4)","background-image":"","background-repeat":"repeat","background-position":"center center","background-size":"auto","background-attachment":"scroll","background-type":"","background-media":"","overlay-type":"","overlay-color":"","overlay-opacity":"","overlay-gradient":""}},"footnotes":""},"categories":[748],"tags":[],"class_list":["post-12533","post","type-post","status-publish","format-standard","has-post-thumbnail","hentry","category-thematic-priorities-es-es"],"acf":[],"yoast_head":"<!-- This site is optimized with the Yoast SEO plugin v27.1.1 - https:\/\/yoast.com\/product\/yoast-seo-wordpress\/ -->\n<title>Ni\u00f1as, Ni\u00f1os y Adolescentes en Contextos de Migraci\u00f3n - Defence for Children<\/title>\n<meta name=\"robots\" content=\"index, follow, max-snippet:-1, max-image-preview:large, max-video-preview:-1\" \/>\n<link rel=\"canonical\" href=\"https:\/\/defenceforchildren.org\/es\/children-on-the-move\/\" \/>\n<meta name=\"twitter:label1\" content=\"Escrito por\" \/>\n\t<meta name=\"twitter:data1\" content=\"ycoadmin\" \/>\n\t<meta name=\"twitter:label2\" content=\"Tiempo de lectura\" \/>\n\t<meta name=\"twitter:data2\" content=\"3 minutos\" \/>\n<script type=\"application\/ld+json\" class=\"yoast-schema-graph\">{\"@context\":\"https:\/\/schema.org\",\"@graph\":[{\"@type\":\"Article\",\"@id\":\"https:\/\/defenceforchildren.org\/es\/children-on-the-move\/#article\",\"isPartOf\":{\"@id\":\"https:\/\/defenceforchildren.org\/es\/children-on-the-move\/\"},\"author\":{\"name\":\"ycoadmin\",\"@id\":\"https:\/\/defenceforchildren.org\/#\/schema\/person\/a9d958a22f8f3d64290397d92c550663\"},\"headline\":\"Ni\u00f1as, Ni\u00f1os y Adolescentes en Contextos de Migraci\u00f3n\",\"datePublished\":\"2019-02-11T14:23:52+00:00\",\"dateModified\":\"2026-06-16T10:38:22+00:00\",\"mainEntityOfPage\":{\"@id\":\"https:\/\/defenceforchildren.org\/es\/children-on-the-move\/\"},\"wordCount\":575,\"publisher\":{\"@id\":\"https:\/\/defenceforchildren.org\/#organization\"},\"image\":{\"@id\":\"https:\/\/defenceforchildren.org\/es\/children-on-the-move\/#primaryimage\"},\"thumbnailUrl\":\"https:\/\/defenceforchildren.org\/wp-content\/uploads\/2023\/02\/children-on-the-move.jpg\",\"articleSection\":[\"Prioridades tem\u00e1ticas\"],\"inLanguage\":\"es\"},{\"@type\":\"WebPage\",\"@id\":\"https:\/\/defenceforchildren.org\/es\/children-on-the-move\/\",\"url\":\"https:\/\/defenceforchildren.org\/es\/children-on-the-move\/\",\"name\":\"Ni\u00f1as, Ni\u00f1os y Adolescentes en Contextos de Migraci\u00f3n - Defence for Children\",\"isPartOf\":{\"@id\":\"https:\/\/defenceforchildren.org\/#website\"},\"primaryImageOfPage\":{\"@id\":\"https:\/\/defenceforchildren.org\/es\/children-on-the-move\/#primaryimage\"},\"image\":{\"@id\":\"https:\/\/defenceforchildren.org\/es\/children-on-the-move\/#primaryimage\"},\"thumbnailUrl\":\"https:\/\/defenceforchildren.org\/wp-content\/uploads\/2023\/02\/children-on-the-move.jpg\",\"datePublished\":\"2019-02-11T14:23:52+00:00\",\"dateModified\":\"2026-06-16T10:38:22+00:00\",\"breadcrumb\":{\"@id\":\"https:\/\/defenceforchildren.org\/es\/children-on-the-move\/#breadcrumb\"},\"inLanguage\":\"es\",\"potentialAction\":[{\"@type\":\"ReadAction\",\"target\":[\"https:\/\/defenceforchildren.org\/es\/children-on-the-move\/\"]}]},{\"@type\":\"ImageObject\",\"inLanguage\":\"es\",\"@id\":\"https:\/\/defenceforchildren.org\/es\/children-on-the-move\/#primaryimage\",\"url\":\"https:\/\/defenceforchildren.org\/wp-content\/uploads\/2023\/02\/children-on-the-move.jpg\",\"contentUrl\":\"https:\/\/defenceforchildren.org\/wp-content\/uploads\/2023\/02\/children-on-the-move.jpg\",\"width\":810,\"height\":538,\"caption\":\"Atmeh Refugee Camp, Idlib, Syria. June 17th 2013. Internally displaced child Syrian refugees in the Atmeh refugee camp, Idlib province Syria\"},{\"@type\":\"BreadcrumbList\",\"@id\":\"https:\/\/defenceforchildren.org\/es\/children-on-the-move\/#breadcrumb\",\"itemListElement\":[{\"@type\":\"ListItem\",\"position\":1,\"name\":\"Inicio\",\"item\":\"https:\/\/defenceforchildren.org\/es\/\"},{\"@type\":\"ListItem\",\"position\":2,\"name\":\"Ni\u00f1as, Ni\u00f1os y Adolescentes en Contextos de Migraci\u00f3n\"}]},{\"@type\":\"WebSite\",\"@id\":\"https:\/\/defenceforchildren.org\/#website\",\"url\":\"https:\/\/defenceforchildren.org\/\",\"name\":\"Defence for Children\",\"description\":\"\",\"publisher\":{\"@id\":\"https:\/\/defenceforchildren.org\/#organization\"},\"potentialAction\":[{\"@type\":\"SearchAction\",\"target\":{\"@type\":\"EntryPoint\",\"urlTemplate\":\"https:\/\/defenceforchildren.org\/?s={search_term_string}\"},\"query-input\":{\"@type\":\"PropertyValueSpecification\",\"valueRequired\":true,\"valueName\":\"search_term_string\"}}],\"inLanguage\":\"es\"},{\"@type\":\"Organization\",\"@id\":\"https:\/\/defenceforchildren.org\/#organization\",\"name\":\"Defence for Children\",\"url\":\"https:\/\/defenceforchildren.org\/\",\"logo\":{\"@type\":\"ImageObject\",\"inLanguage\":\"es\",\"@id\":\"https:\/\/defenceforchildren.org\/#\/schema\/logo\/image\/\",\"url\":\"https:\/\/defenceforchildren.org\/wp-content\/uploads\/2020\/07\/cropped-INT.-SEC-EN-claim.jpg\",\"contentUrl\":\"https:\/\/defenceforchildren.org\/wp-content\/uploads\/2020\/07\/cropped-INT.-SEC-EN-claim.jpg\",\"width\":1431,\"height\":449,\"caption\":\"Defence for Children\"},\"image\":{\"@id\":\"https:\/\/defenceforchildren.org\/#\/schema\/logo\/image\/\"},\"sameAs\":[\"https:\/\/fr.wikipedia.org\/wiki\/Defence_for_Children_International\"]},{\"@type\":\"Person\",\"@id\":\"https:\/\/defenceforchildren.org\/#\/schema\/person\/a9d958a22f8f3d64290397d92c550663\",\"name\":\"ycoadmin\",\"image\":{\"@type\":\"ImageObject\",\"inLanguage\":\"es\",\"@id\":\"https:\/\/defenceforchildren.org\/#\/schema\/person\/image\/\",\"url\":\"https:\/\/secure.gravatar.com\/avatar\/b760e49550e45b6f3790a71b76ddba4f1fa44712626e8d6c4404e84ae57c9c3a?s=96&d=mm&r=g\",\"contentUrl\":\"https:\/\/secure.gravatar.com\/avatar\/b760e49550e45b6f3790a71b76ddba4f1fa44712626e8d6c4404e84ae57c9c3a?s=96&d=mm&r=g\",\"caption\":\"ycoadmin\"},\"url\":\"https:\/\/defenceforchildren.org\/es\/author\/ycoadmin\/\"}]}<\/script>\n<!-- \/ Yoast SEO plugin. -->","yoast_head_json":{"title":"Ni\u00f1as, Ni\u00f1os y Adolescentes en Contextos de Migraci\u00f3n - Defence for Children","robots":{"index":"index","follow":"follow","max-snippet":"max-snippet:-1","max-image-preview":"max-image-preview:large","max-video-preview":"max-video-preview:-1"},"canonical":"https:\/\/defenceforchildren.org\/es\/children-on-the-move\/","twitter_misc":{"Escrito por":"ycoadmin","Tiempo de lectura":"3 minutos"},"schema":{"@context":"https:\/\/schema.org","@graph":[{"@type":"Article","@id":"https:\/\/defenceforchildren.org\/es\/children-on-the-move\/#article","isPartOf":{"@id":"https:\/\/defenceforchildren.org\/es\/children-on-the-move\/"},"author":{"name":"ycoadmin","@id":"https:\/\/defenceforchildren.org\/#\/schema\/person\/a9d958a22f8f3d64290397d92c550663"},"headline":"Ni\u00f1as, Ni\u00f1os y Adolescentes en Contextos de Migraci\u00f3n","datePublished":"2019-02-11T14:23:52+00:00","dateModified":"2026-06-16T10:38:22+00:00","mainEntityOfPage":{"@id":"https:\/\/defenceforchildren.org\/es\/children-on-the-move\/"},"wordCount":575,"publisher":{"@id":"https:\/\/defenceforchildren.org\/#organization"},"image":{"@id":"https:\/\/defenceforchildren.org\/es\/children-on-the-move\/#primaryimage"},"thumbnailUrl":"https:\/\/defenceforchildren.org\/wp-content\/uploads\/2023\/02\/children-on-the-move.jpg","articleSection":["Prioridades tem\u00e1ticas"],"inLanguage":"es"},{"@type":"WebPage","@id":"https:\/\/defenceforchildren.org\/es\/children-on-the-move\/","url":"https:\/\/defenceforchildren.org\/es\/children-on-the-move\/","name":"Ni\u00f1as, Ni\u00f1os y Adolescentes en Contextos de Migraci\u00f3n - Defence for Children","isPartOf":{"@id":"https:\/\/defenceforchildren.org\/#website"},"primaryImageOfPage":{"@id":"https:\/\/defenceforchildren.org\/es\/children-on-the-move\/#primaryimage"},"image":{"@id":"https:\/\/defenceforchildren.org\/es\/children-on-the-move\/#primaryimage"},"thumbnailUrl":"https:\/\/defenceforchildren.org\/wp-content\/uploads\/2023\/02\/children-on-the-move.jpg","datePublished":"2019-02-11T14:23:52+00:00","dateModified":"2026-06-16T10:38:22+00:00","breadcrumb":{"@id":"https:\/\/defenceforchildren.org\/es\/children-on-the-move\/#breadcrumb"},"inLanguage":"es","potentialAction":[{"@type":"ReadAction","target":["https:\/\/defenceforchildren.org\/es\/children-on-the-move\/"]}]},{"@type":"ImageObject","inLanguage":"es","@id":"https:\/\/defenceforchildren.org\/es\/children-on-the-move\/#primaryimage","url":"https:\/\/defenceforchildren.org\/wp-content\/uploads\/2023\/02\/children-on-the-move.jpg","contentUrl":"https:\/\/defenceforchildren.org\/wp-content\/uploads\/2023\/02\/children-on-the-move.jpg","width":810,"height":538,"caption":"Atmeh Refugee Camp, Idlib, Syria. June 17th 2013. Internally displaced child Syrian refugees in the Atmeh refugee camp, Idlib province Syria"},{"@type":"BreadcrumbList","@id":"https:\/\/defenceforchildren.org\/es\/children-on-the-move\/#breadcrumb","itemListElement":[{"@type":"ListItem","position":1,"name":"Inicio","item":"https:\/\/defenceforchildren.org\/es\/"},{"@type":"ListItem","position":2,"name":"Ni\u00f1as, Ni\u00f1os y Adolescentes en Contextos de Migraci\u00f3n"}]},{"@type":"WebSite","@id":"https:\/\/defenceforchildren.org\/#website","url":"https:\/\/defenceforchildren.org\/","name":"Defence for Children","description":"","publisher":{"@id":"https:\/\/defenceforchildren.org\/#organization"},"potentialAction":[{"@type":"SearchAction","target":{"@type":"EntryPoint","urlTemplate":"https:\/\/defenceforchildren.org\/?s={search_term_string}"},"query-input":{"@type":"PropertyValueSpecification","valueRequired":true,"valueName":"search_term_string"}}],"inLanguage":"es"},{"@type":"Organization","@id":"https:\/\/defenceforchildren.org\/#organization","name":"Defence for Children","url":"https:\/\/defenceforchildren.org\/","logo":{"@type":"ImageObject","inLanguage":"es","@id":"https:\/\/defenceforchildren.org\/#\/schema\/logo\/image\/","url":"https:\/\/defenceforchildren.org\/wp-content\/uploads\/2020\/07\/cropped-INT.-SEC-EN-claim.jpg","contentUrl":"https:\/\/defenceforchildren.org\/wp-content\/uploads\/2020\/07\/cropped-INT.-SEC-EN-claim.jpg","width":1431,"height":449,"caption":"Defence for Children"},"image":{"@id":"https:\/\/defenceforchildren.org\/#\/schema\/logo\/image\/"},"sameAs":["https:\/\/fr.wikipedia.org\/wiki\/Defence_for_Children_International"]},{"@type":"Person","@id":"https:\/\/defenceforchildren.org\/#\/schema\/person\/a9d958a22f8f3d64290397d92c550663","name":"ycoadmin","image":{"@type":"ImageObject","inLanguage":"es","@id":"https:\/\/defenceforchildren.org\/#\/schema\/person\/image\/","url":"https:\/\/secure.gravatar.com\/avatar\/b760e49550e45b6f3790a71b76ddba4f1fa44712626e8d6c4404e84ae57c9c3a?s=96&d=mm&r=g","contentUrl":"https:\/\/secure.gravatar.com\/avatar\/b760e49550e45b6f3790a71b76ddba4f1fa44712626e8d6c4404e84ae57c9c3a?s=96&d=mm&r=g","caption":"ycoadmin"},"url":"https:\/\/defenceforchildren.org\/es\/author\/ycoadmin\/"}]}},"_links":{"self":[{"href":"https:\/\/defenceforchildren.org\/es\/wp-json\/wp\/v2\/posts\/12533","targetHints":{"allow":["GET"]}}],"collection":[{"href":"https:\/\/defenceforchildren.org\/es\/wp-json\/wp\/v2\/posts"}],"about":[{"href":"https:\/\/defenceforchildren.org\/es\/wp-json\/wp\/v2\/types\/post"}],"author":[{"embeddable":true,"href":"https:\/\/defenceforchildren.org\/es\/wp-json\/wp\/v2\/users\/1"}],"replies":[{"embeddable":true,"href":"https:\/\/defenceforchildren.org\/es\/wp-json\/wp\/v2\/comments?post=12533"}],"version-history":[{"count":0,"href":"https:\/\/defenceforchildren.org\/es\/wp-json\/wp\/v2\/posts\/12533\/revisions"}],"wp:featuredmedia":[{"embeddable":true,"href":"https:\/\/defenceforchildren.org\/es\/wp-json\/wp\/v2\/media\/22647"}],"wp:attachment":[{"href":"https:\/\/defenceforchildren.org\/es\/wp-json\/wp\/v2\/media?parent=12533"}],"wp:term":[{"taxonomy":"category","embeddable":true,"href":"https:\/\/defenceforchildren.org\/es\/wp-json\/wp\/v2\/categories?post=12533"},{"taxonomy":"post_tag","embeddable":true,"href":"https:\/\/defenceforchildren.org\/es\/wp-json\/wp\/v2\/tags?post=12533"}],"curies":[{"name":"wp","href":"https:\/\/api.w.org\/{rel}","templated":true}]}}