{"id":12532,"date":"2019-02-11T15:23:14","date_gmt":"2019-02-11T14:23:14","guid":{"rendered":"https:\/\/defenceforchildren.org\/es\/violence-against-children-2\/"},"modified":"2024-07-30T11:24:00","modified_gmt":"2024-07-30T10:24:00","slug":"violence-against-children-2","status":"publish","type":"post","link":"https:\/\/defenceforchildren.org\/es\/violence-against-children-2\/","title":{"rendered":"Violencia contra las Ni\u00f1as, Ni\u00f1os y Adolescentes"},"content":{"rendered":"\t\t<div data-elementor-type=\"wp-post\" data-elementor-id=\"12532\" class=\"elementor elementor-12532\" data-elementor-post-type=\"post\">\n\t\t\t\t\t\t<section class=\"elementor-section elementor-top-section elementor-element elementor-element-9e84daa elementor-section-boxed elementor-section-height-default elementor-section-height-default\" data-id=\"9e84daa\" data-element_type=\"section\" data-e-type=\"section\">\n\t\t\t\t\t\t<div class=\"elementor-container elementor-column-gap-default\">\n\t\t\t\t\t<div class=\"elementor-column elementor-col-100 elementor-top-column elementor-element elementor-element-4ccf35d\" data-id=\"4ccf35d\" data-element_type=\"column\" data-e-type=\"column\">\n\t\t\t<div class=\"elementor-widget-wrap elementor-element-populated\">\n\t\t\t\t\t\t<div class=\"elementor-element elementor-element-020989a elementor-widget elementor-widget-image\" data-id=\"020989a\" data-element_type=\"widget\" data-e-type=\"widget\" data-widget_type=\"image.default\">\n\t\t\t\t<div class=\"elementor-widget-container\">\n\t\t\t\t\t\t\t\t\t\t\t\t\t\t\t<img fetchpriority=\"high\" decoding=\"async\" width=\"2048\" height=\"1362\" src=\"https:\/\/defenceforchildren.org\/wp-content\/uploads\/2023\/02\/photo16-2048x1362.jpg\" class=\"attachment-2048x2048 size-2048x2048 wp-image-22648\" alt=\"\" srcset=\"https:\/\/defenceforchildren.org\/wp-content\/uploads\/2023\/02\/photo16-2048x1362.jpg 2048w, https:\/\/defenceforchildren.org\/wp-content\/uploads\/2023\/02\/photo16-750x499.jpg 750w, https:\/\/defenceforchildren.org\/wp-content\/uploads\/2023\/02\/photo16-1024x681.jpg 1024w, https:\/\/defenceforchildren.org\/wp-content\/uploads\/2023\/02\/photo16-768x511.jpg 768w, https:\/\/defenceforchildren.org\/wp-content\/uploads\/2023\/02\/photo16-1536x1021.jpg 1536w\" sizes=\"(max-width: 2048px) 100vw, 2048px\" \/>\t\t\t\t\t\t\t\t\t\t\t\t\t\t\t<\/div>\n\t\t\t\t<\/div>\n\t\t\t\t<div class=\"elementor-element elementor-element-67a16e5 elementor-align-center elementor-widget elementor-widget-button\" data-id=\"67a16e5\" data-element_type=\"widget\" data-e-type=\"widget\" data-widget_type=\"button.default\">\n\t\t\t\t<div class=\"elementor-widget-container\">\n\t\t\t\t\t\t\t\t\t<div class=\"elementor-button-wrapper\">\n\t\t\t\t\t<a class=\"elementor-button elementor-size-sm\" role=\"button\">\n\t\t\t\t\t\t<span class=\"elementor-button-content-wrapper\">\n\t\t\t\t\t\t\t\t\t<span class=\"elementor-button-text\">Violencia contra las NNA<\/span>\n\t\t\t\t\t<\/span>\n\t\t\t\t\t<\/a>\n\t\t\t\t<\/div>\n\t\t\t\t\t\t\t\t<\/div>\n\t\t\t\t<\/div>\n\t\t\t\t\t<\/div>\n\t\t<\/div>\n\t\t\t\t\t<\/div>\n\t\t<\/section>\n\t\t\t\t<section class=\"elementor-section elementor-top-section elementor-element elementor-element-28fc63f elementor-section-boxed elementor-section-height-default elementor-section-height-default\" data-id=\"28fc63f\" data-element_type=\"section\" data-e-type=\"section\">\n\t\t\t\t\t\t<div class=\"elementor-container elementor-column-gap-default\">\n\t\t\t\t\t<div class=\"elementor-column elementor-col-50 elementor-top-column elementor-element elementor-element-74e3cbd\" data-id=\"74e3cbd\" data-element_type=\"column\" data-e-type=\"column\">\n\t\t\t<div class=\"elementor-widget-wrap elementor-element-populated\">\n\t\t\t\t\t\t<div class=\"elementor-element elementor-element-71a7705 elementor-widget elementor-widget-text-editor\" data-id=\"71a7705\" data-element_type=\"widget\" data-e-type=\"widget\" data-widget_type=\"text-editor.default\">\n\t\t\t\t<div class=\"elementor-widget-container\">\n\t\t\t\t\t\t\t\t\t<p><strong>La violencia contra los ni\u00f1os sigue siendo un problema mundial fundamental y transversal.<\/strong> DNI crea continuamente acciones para prevenir y combatir la violencia contra los ni\u00f1os en todos los contextos, particularmente en el \u00e1rea de la justicia juvenil y, m\u00e1s recientemente, <strong>centr\u00e1ndose en la violencia de g\u00e9nero.<\/strong><\/p><p>\u00a0<\/p><p>DNI ha sido un socio importante en la colaboraci\u00f3n de las ONG en la preparaci\u00f3n del <strong>Estudio de las Naciones Unidas sobre la Violencia contra los Ni\u00f1os en 2006<\/strong> y su posterior seguimiento. DNI-SI contribuye regularmente al trabajo del SRSG sobre la violencia y los ni\u00f1os. Del mismo modo, DNI-SI es un miembro activo del\u00a0<a href=\"https:\/\/www.childrightsconnect.org\/working_groups\/children-and-violence\/\">Grupo de trabajo de Child Rights Connect sobre los ni\u00f1os y la violencia<\/a>.<\/p><p>\u00a0<\/p><p>El prop\u00f3sito de este grupo es aunar esfuerzos para abogar por la eliminaci\u00f3n de la violencia contra los ni\u00f1os con la maquinaria de los derechos humanos de las Naciones Unidas en Ginebra y monitorear la implementaci\u00f3n de los <strong>Objetivos de Desarrollo Sostenible, en particular la Meta 16.2 para acabar con el abuso, la explotaci\u00f3n, el tr\u00e1fico y la trata, todas las formas de violencia y tortura contra los ni\u00f1os.<\/strong> DNI-SI tambi\u00e9n es miembro de la <a href=\"http:\/\/www.end-violence.org\/\">Alianza Global para Acabar con la Violencia contra los Ni\u00f1os<\/a>\u00a0y el\u00a0<a href=\"https:\/\/www.crin.org\/en\/home\/rights\/themes\/violence\/un-study\/international-ngo-council-violence-against-children\">Consejo Internacional de ONG sobre la Violencia contra los Ni\u00f1os<\/a>.<\/p>\t\t\t\t\t\t\t\t<\/div>\n\t\t\t\t<\/div>\n\t\t\t\t<div class=\"elementor-element elementor-element-fa5bc7f elementor-widget elementor-widget-image\" data-id=\"fa5bc7f\" data-element_type=\"widget\" data-e-type=\"widget\" data-widget_type=\"image.default\">\n\t\t\t\t<div class=\"elementor-widget-container\">\n\t\t\t\t\t\t\t\t\t\t\t\t\t\t\t<img decoding=\"async\" width=\"1024\" height=\"724\" src=\"https:\/\/defenceforchildren.org\/wp-content\/uploads\/2021\/03\/Untitled-design-9-1024x724.jpg\" class=\"attachment-large size-large wp-image-19335\" alt=\"\" srcset=\"https:\/\/defenceforchildren.org\/wp-content\/uploads\/2021\/03\/Untitled-design-9-1024x724.jpg 1024w, https:\/\/defenceforchildren.org\/wp-content\/uploads\/2021\/03\/Untitled-design-9-750x530.jpg 750w, https:\/\/defenceforchildren.org\/wp-content\/uploads\/2021\/03\/Untitled-design-9-768x543.jpg 768w, https:\/\/defenceforchildren.org\/wp-content\/uploads\/2021\/03\/Untitled-design-9-1536x1086.jpg 1536w, https:\/\/defenceforchildren.org\/wp-content\/uploads\/2021\/03\/Untitled-design-9-2048x1448.jpg 2048w\" sizes=\"(max-width: 1024px) 100vw, 1024px\" \/>\t\t\t\t\t\t\t\t\t\t\t\t\t\t\t<\/div>\n\t\t\t\t<\/div>\n\t\t\t\t\t<\/div>\n\t\t<\/div>\n\t\t\t\t<div class=\"elementor-column elementor-col-50 elementor-top-column elementor-element elementor-element-20049b5\" data-id=\"20049b5\" data-element_type=\"column\" data-e-type=\"column\">\n\t\t\t<div class=\"elementor-widget-wrap elementor-element-populated\">\n\t\t\t\t\t\t<div class=\"elementor-element elementor-element-9e8c168 elementor-widget elementor-widget-image\" data-id=\"9e8c168\" data-element_type=\"widget\" data-e-type=\"widget\" data-widget_type=\"image.default\">\n\t\t\t\t<div class=\"elementor-widget-container\">\n\t\t\t\t\t\t\t\t\t\t\t\t\t\t\t<img decoding=\"async\" width=\"410\" height=\"1024\" src=\"https:\/\/defenceforchildren.org\/wp-content\/uploads\/2023\/02\/Violencia-410x1024.png\" class=\"attachment-large size-large wp-image-22868\" alt=\"\" srcset=\"https:\/\/defenceforchildren.org\/wp-content\/uploads\/2023\/02\/Violencia-410x1024.png 410w, https:\/\/defenceforchildren.org\/wp-content\/uploads\/2023\/02\/Violencia-300x750.png 300w, https:\/\/defenceforchildren.org\/wp-content\/uploads\/2023\/02\/Violencia-768x1920.png 768w, https:\/\/defenceforchildren.org\/wp-content\/uploads\/2023\/02\/Violencia.png 800w\" sizes=\"(max-width: 410px) 100vw, 410px\" \/>\t\t\t\t\t\t\t\t\t\t\t\t\t\t\t<\/div>\n\t\t\t\t<\/div>\n\t\t\t\t\t<\/div>\n\t\t<\/div>\n\t\t\t\t\t<\/div>\n\t\t<\/section>\n\t\t\t\t<section class=\"elementor-section elementor-top-section elementor-element elementor-element-83e7ae7 elementor-section-boxed elementor-section-height-default elementor-section-height-default\" data-id=\"83e7ae7\" data-element_type=\"section\" data-e-type=\"section\">\n\t\t\t\t\t\t<div class=\"elementor-container elementor-column-gap-default\">\n\t\t\t\t\t<div class=\"elementor-column elementor-col-100 elementor-top-column elementor-element elementor-element-595b99f\" data-id=\"595b99f\" data-element_type=\"column\" data-e-type=\"column\">\n\t\t\t<div class=\"elementor-widget-wrap elementor-element-populated\">\n\t\t\t\t\t\t<div class=\"elementor-element elementor-element-2dfb99e elementor-widget elementor-widget-spacer\" data-id=\"2dfb99e\" data-element_type=\"widget\" data-e-type=\"widget\" data-widget_type=\"spacer.default\">\n\t\t\t\t<div class=\"elementor-widget-container\">\n\t\t\t\t\t\t\t<div class=\"elementor-spacer\">\n\t\t\t<div class=\"elementor-spacer-inner\"><\/div>\n\t\t<\/div>\n\t\t\t\t\t\t<\/div>\n\t\t\t\t<\/div>\n\t\t\t\t\t<\/div>\n\t\t<\/div>\n\t\t\t\t\t<\/div>\n\t\t<\/section>\n\t\t\t\t<section class=\"elementor-section elementor-top-section elementor-element elementor-element-5c1f1d6 elementor-section-boxed elementor-section-height-default elementor-section-height-default\" data-id=\"5c1f1d6\" data-element_type=\"section\" data-e-type=\"section\">\n\t\t\t\t\t\t<div class=\"elementor-container elementor-column-gap-default\">\n\t\t\t\t\t<div class=\"elementor-column elementor-col-50 elementor-top-column elementor-element elementor-element-762e7a1\" data-id=\"762e7a1\" data-element_type=\"column\" data-e-type=\"column\">\n\t\t\t<div class=\"elementor-widget-wrap elementor-element-populated\">\n\t\t\t\t\t\t<div class=\"elementor-element elementor-element-fab049a elementor-widget elementor-widget-accordion\" data-id=\"fab049a\" data-element_type=\"widget\" data-e-type=\"widget\" data-widget_type=\"accordion.default\">\n\t\t\t\t<div class=\"elementor-widget-container\">\n\t\t\t\t\t\t\t<div class=\"elementor-accordion\">\n\t\t\t\t\t\t\t<div class=\"elementor-accordion-item\">\n\t\t\t\t\t<div id=\"elementor-tab-title-2621\" class=\"elementor-tab-title\" data-tab=\"1\" role=\"button\" aria-controls=\"elementor-tab-content-2621\" aria-expanded=\"false\">\n\t\t\t\t\t\t\t\t\t\t\t\t\t<span class=\"elementor-accordion-icon elementor-accordion-icon-left\" aria-hidden=\"true\">\n\t\t\t\t\t\t\t\t\t\t\t\t\t\t\t<span class=\"elementor-accordion-icon-closed\"><i class=\"fas fa-plus\"><\/i><\/span>\n\t\t\t\t\t\t\t\t<span class=\"elementor-accordion-icon-opened\"><i class=\"fas fa-minus\"><\/i><\/span>\n\t\t\t\t\t\t\t\t\t\t\t\t\t\t<\/span>\n\t\t\t\t\t\t\t\t\t\t\t\t<a class=\"elementor-accordion-title\" tabindex=\"0\">Nuestro rol<\/a>\n\t\t\t\t\t<\/div>\n\t\t\t\t\t<div id=\"elementor-tab-content-2621\" class=\"elementor-tab-content elementor-clearfix\" data-tab=\"1\" role=\"region\" aria-labelledby=\"elementor-tab-title-2621\"><p>La adopci\u00f3n de instrumentos legales ha progresado, pero algunas de las peores formas de violencia siguen siendo legales en todo el mundo y algunas estimaciones indican que <strong>al menos mil millones de ni\u00f1os experimentan alg\u00fan tipo de violencia cada a\u00f1o<\/strong> (v\u00e9ase:\u00a0<a href=\"https:\/\/defenceforchildren.org\/?p=5764\">Consejo Internacional de ONG sobre la violencia contra los ni\u00f1os, diez a\u00f1os despu\u00e9s: progreso global y demora para poner fin a la violencia contra los ni\u00f1os \u2013 ret\u00f3rica y realidad, noviembre de 2016<\/a>).<\/p><\/div>\n\t\t\t\t<\/div>\n\t\t\t\t\t\t\t\t<\/div>\n\t\t\t\t\t\t<\/div>\n\t\t\t\t<\/div>\n\t\t\t\t\t<\/div>\n\t\t<\/div>\n\t\t\t\t<div class=\"elementor-column elementor-col-50 elementor-top-column elementor-element elementor-element-2143355\" data-id=\"2143355\" data-element_type=\"column\" data-e-type=\"column\">\n\t\t\t<div class=\"elementor-widget-wrap elementor-element-populated\">\n\t\t\t\t\t\t<div class=\"elementor-element elementor-element-c4b78e3 elementor-widget elementor-widget-accordion\" data-id=\"c4b78e3\" data-element_type=\"widget\" data-e-type=\"widget\" data-widget_type=\"accordion.default\">\n\t\t\t\t<div class=\"elementor-widget-container\">\n\t\t\t\t\t\t\t<div class=\"elementor-accordion\">\n\t\t\t\t\t\t\t<div class=\"elementor-accordion-item\">\n\t\t\t\t\t<div id=\"elementor-tab-title-2061\" class=\"elementor-tab-title\" data-tab=\"1\" role=\"button\" aria-controls=\"elementor-tab-content-2061\" aria-expanded=\"false\">\n\t\t\t\t\t\t\t\t\t\t\t\t\t<span class=\"elementor-accordion-icon elementor-accordion-icon-left\" aria-hidden=\"true\">\n\t\t\t\t\t\t\t\t\t\t\t\t\t\t\t<span class=\"elementor-accordion-icon-closed\"><i class=\"fas fa-plus\"><\/i><\/span>\n\t\t\t\t\t\t\t\t<span class=\"elementor-accordion-icon-opened\"><i class=\"fas fa-minus\"><\/i><\/span>\n\t\t\t\t\t\t\t\t\t\t\t\t\t\t<\/span>\n\t\t\t\t\t\t\t\t\t\t\t\t<a class=\"elementor-accordion-title\" tabindex=\"0\">Nuestro impacto<\/a>\n\t\t\t\t\t<\/div>\n\t\t\t\t\t<div id=\"elementor-tab-content-2061\" class=\"elementor-tab-content elementor-clearfix\" data-tab=\"1\" role=\"region\" aria-labelledby=\"elementor-tab-title-2061\"><p>Al nivel nacional,<strong> las secciones nacionales de DNI trabajan directamente con los ni\u00f1os que son v\u00edctimas de violencia, abuso, explotaci\u00f3n y negligencia<\/strong>, as\u00ed como con los ni\u00f1os en riesgo y que necesitan protecci\u00f3n. En 2017, DNI en todo el mundo, desde Am\u00e9rica a \u00c1frica y desde la regi\u00f3n de MENA a Europa, apoy\u00f3 a ni\u00f1os v\u00edctimas de violencia, como violencia comunitaria, explotaci\u00f3n sexual comercial,&nbsp;<a href=\"https:\/\/defenceforchildren.org\/?page_id=2597\">tr\u00e1fico<\/a>, violencia en l\u00ednea,&nbsp;<a href=\"https:\/\/defenceforchildren.org\/?page_id=4085\">trabajo infantil<\/a>&nbsp;y violencia de g\u00e9nero.<\/p>\n<p><\/p>\n<p><strong>Las secciones nacionales de DNI trabajan con ni\u00f1os v\u00edctimas de violencia a trav\u00e9s de varios proyectos, programas y actividades<\/strong>, que incluyen asistencia directa, desarrollo de capacidades, promoci\u00f3n y defensa. En <strong>Colombia<\/strong>, por ejemplo, DNI vigila los casos de violencia sexual contra ni\u00f1as ind\u00edgenas, mientras que en <strong>Costa Rica<\/strong>, DNI centra sus actividades en la lucha contra el trabajo infantil en la industria del tabaco. Del mismo modo, DNI en el <strong>L\u00edbano<\/strong> ofrece programas de capacitaci\u00f3n y educaci\u00f3n para mejorar las condiciones de vida de los ni\u00f1os que trabajan o corren el riesgo de trabajar en las peores formas de trabajo infantil. Adem\u00e1s, DNI en <strong>Liberia<\/strong> proporciona apoyo psicosocial y servicios de asesoramiento a ni\u00f1os v\u00edctimas de violencia.<\/p><\/div>\n\t\t\t\t<\/div>\n\t\t\t\t\t\t\t\t<\/div>\n\t\t\t\t\t\t<\/div>\n\t\t\t\t<\/div>\n\t\t\t\t\t<\/div>\n\t\t<\/div>\n\t\t\t\t\t<\/div>\n\t\t<\/section>\n\t\t\t\t<section class=\"elementor-section elementor-top-section elementor-element elementor-element-739b6a9 elementor-section-boxed elementor-section-height-default elementor-section-height-default\" data-id=\"739b6a9\" data-element_type=\"section\" data-e-type=\"section\">\n\t\t\t\t\t\t<div class=\"elementor-container elementor-column-gap-default\">\n\t\t\t\t\t<div class=\"elementor-column elementor-col-100 elementor-top-column elementor-element elementor-element-8683f1d\" data-id=\"8683f1d\" data-element_type=\"column\" data-e-type=\"column\">\n\t\t\t<div class=\"elementor-widget-wrap elementor-element-populated\">\n\t\t\t\t\t\t<div class=\"elementor-element elementor-element-f6bc3a0 elementor-widget elementor-widget-spacer\" data-id=\"f6bc3a0\" data-element_type=\"widget\" data-e-type=\"widget\" data-widget_type=\"spacer.default\">\n\t\t\t\t<div class=\"elementor-widget-container\">\n\t\t\t\t\t\t\t<div class=\"elementor-spacer\">\n\t\t\t<div class=\"elementor-spacer-inner\"><\/div>\n\t\t<\/div>\n\t\t\t\t\t\t<\/div>\n\t\t\t\t<\/div>\n\t\t\t\t\t<\/div>\n\t\t<\/div>\n\t\t\t\t\t<\/div>\n\t\t<\/section>\n\t\t\t\t<\/div>\n\t\t","protected":false},"excerpt":{"rendered":"<p>Violencia contra las NNA La violencia contra los ni\u00f1os sigue siendo un problema mundial fundamental y transversal. DNI crea continuamente acciones para prevenir y combatir la violencia contra los ni\u00f1os en todos los contextos, particularmente en el \u00e1rea de la justicia juvenil y, m\u00e1s recientemente, centr\u00e1ndose en la violencia de g\u00e9nero. \u00a0 DNI ha sido [&hellip;]<\/p>\n","protected":false},"author":1,"featured_media":22650,"comment_status":"closed","ping_status":"open","sticky":false,"template":"","format":"standard","meta":{"_acf_changed":false,"give_campaign_id":0,"_monsterinsights_skip_tracking":false,"_monsterinsights_sitenote_active":false,"_monsterinsights_sitenote_note":"","_monsterinsights_sitenote_category":0,"site-sidebar-layout":"default","site-content-layout":"default","ast-site-content-layout":"default","site-content-style":"default","site-sidebar-style":"default","ast-global-header-display":"","ast-banner-title-visibility":"","ast-main-header-display":"disabled","ast-hfb-above-header-display":"","ast-hfb-below-header-display":"","ast-hfb-mobile-header-display":"","site-post-title":"disabled","ast-breadcrumbs-content":"disabled","ast-featured-img":"disabled","footer-sml-layout":"","ast-disable-related-posts":"","theme-transparent-header-meta":"default","adv-header-id-meta":"","stick-header-meta":"","header-above-stick-meta":"","header-main-stick-meta":"","header-below-stick-meta":"","astra-migrate-meta-layouts":"default","ast-page-background-enabled":"default","ast-page-background-meta":{"desktop":{"background-color":"var(--ast-global-color-5)","background-image":"","background-repeat":"repeat","background-position":"center center","background-size":"auto","background-attachment":"scroll","background-type":"","background-media":"","overlay-type":"","overlay-color":"","overlay-opacity":"","overlay-gradient":""},"tablet":{"background-color":"","background-image":"","background-repeat":"repeat","background-position":"center center","background-size":"auto","background-attachment":"scroll","background-type":"","background-media":"","overlay-type":"","overlay-color":"","overlay-opacity":"","overlay-gradient":""},"mobile":{"background-color":"","background-image":"","background-repeat":"repeat","background-position":"center center","background-size":"auto","background-attachment":"scroll","background-type":"","background-media":"","overlay-type":"","overlay-color":"","overlay-opacity":"","overlay-gradient":""}},"ast-content-background-meta":{"desktop":{"background-color":"var(--ast-global-color-4)","background-image":"","background-repeat":"repeat","background-position":"center center","background-size":"auto","background-attachment":"scroll","background-type":"","background-media":"","overlay-type":"","overlay-color":"","overlay-opacity":"","overlay-gradient":""},"tablet":{"background-color":"var(--ast-global-color-4)","background-image":"","background-repeat":"repeat","background-position":"center center","background-size":"auto","background-attachment":"scroll","background-type":"","background-media":"","overlay-type":"","overlay-color":"","overlay-opacity":"","overlay-gradient":""},"mobile":{"background-color":"var(--ast-global-color-4)","background-image":"","background-repeat":"repeat","background-position":"center center","background-size":"auto","background-attachment":"scroll","background-type":"","background-media":"","overlay-type":"","overlay-color":"","overlay-opacity":"","overlay-gradient":""}},"footnotes":""},"categories":[402,748],"tags":[],"class_list":["post-12532","post","type-post","status-publish","format-standard","has-post-thumbnail","hentry","category-highlight-es-es","category-thematic-priorities-es-es"],"acf":[],"yoast_head":"<!-- This site is optimized with the Yoast SEO plugin v27.1.1 - https:\/\/yoast.com\/product\/yoast-seo-wordpress\/ -->\n<title>Violencia contra las Ni\u00f1as, Ni\u00f1os y Adolescentes - Defence for Children<\/title>\n<meta name=\"robots\" content=\"index, follow, max-snippet:-1, max-image-preview:large, max-video-preview:-1\" \/>\n<link rel=\"canonical\" href=\"https:\/\/defenceforchildren.org\/es\/violence-against-children-2\/\" \/>\n<meta name=\"twitter:label1\" content=\"Escrito por\" \/>\n\t<meta name=\"twitter:data1\" content=\"ycoadmin\" \/>\n\t<meta name=\"twitter:label2\" content=\"Tiempo de lectura\" \/>\n\t<meta name=\"twitter:data2\" content=\"3 minutos\" \/>\n<script type=\"application\/ld+json\" class=\"yoast-schema-graph\">{\"@context\":\"https:\/\/schema.org\",\"@graph\":[{\"@type\":\"Article\",\"@id\":\"https:\/\/defenceforchildren.org\/es\/violence-against-children-2\/#article\",\"isPartOf\":{\"@id\":\"https:\/\/defenceforchildren.org\/es\/violence-against-children-2\/\"},\"author\":{\"name\":\"ycoadmin\",\"@id\":\"https:\/\/defenceforchildren.org\/#\/schema\/person\/a9d958a22f8f3d64290397d92c550663\"},\"headline\":\"Violencia contra las Ni\u00f1as, Ni\u00f1os y Adolescentes\",\"datePublished\":\"2019-02-11T14:23:14+00:00\",\"dateModified\":\"2024-07-30T10:24:00+00:00\",\"mainEntityOfPage\":{\"@id\":\"https:\/\/defenceforchildren.org\/es\/violence-against-children-2\/\"},\"wordCount\":548,\"publisher\":{\"@id\":\"https:\/\/defenceforchildren.org\/#organization\"},\"image\":{\"@id\":\"https:\/\/defenceforchildren.org\/es\/violence-against-children-2\/#primaryimage\"},\"thumbnailUrl\":\"https:\/\/defenceforchildren.org\/wp-content\/uploads\/2023\/02\/photo16.jpg\",\"articleSection\":[\"Highlight @es\",\"Prioridades tem\u00e1ticas\"],\"inLanguage\":\"es\"},{\"@type\":\"WebPage\",\"@id\":\"https:\/\/defenceforchildren.org\/es\/violence-against-children-2\/\",\"url\":\"https:\/\/defenceforchildren.org\/es\/violence-against-children-2\/\",\"name\":\"Violencia contra las Ni\u00f1as, Ni\u00f1os y Adolescentes - Defence for Children\",\"isPartOf\":{\"@id\":\"https:\/\/defenceforchildren.org\/#website\"},\"primaryImageOfPage\":{\"@id\":\"https:\/\/defenceforchildren.org\/es\/violence-against-children-2\/#primaryimage\"},\"image\":{\"@id\":\"https:\/\/defenceforchildren.org\/es\/violence-against-children-2\/#primaryimage\"},\"thumbnailUrl\":\"https:\/\/defenceforchildren.org\/wp-content\/uploads\/2023\/02\/photo16.jpg\",\"datePublished\":\"2019-02-11T14:23:14+00:00\",\"dateModified\":\"2024-07-30T10:24:00+00:00\",\"breadcrumb\":{\"@id\":\"https:\/\/defenceforchildren.org\/es\/violence-against-children-2\/#breadcrumb\"},\"inLanguage\":\"es\",\"potentialAction\":[{\"@type\":\"ReadAction\",\"target\":[\"https:\/\/defenceforchildren.org\/es\/violence-against-children-2\/\"]}]},{\"@type\":\"ImageObject\",\"inLanguage\":\"es\",\"@id\":\"https:\/\/defenceforchildren.org\/es\/violence-against-children-2\/#primaryimage\",\"url\":\"https:\/\/defenceforchildren.org\/wp-content\/uploads\/2023\/02\/photo16.jpg\",\"contentUrl\":\"https:\/\/defenceforchildren.org\/wp-content\/uploads\/2023\/02\/photo16.jpg\",\"width\":2560,\"height\":1702},{\"@type\":\"BreadcrumbList\",\"@id\":\"https:\/\/defenceforchildren.org\/es\/violence-against-children-2\/#breadcrumb\",\"itemListElement\":[{\"@type\":\"ListItem\",\"position\":1,\"name\":\"Inicio\",\"item\":\"https:\/\/defenceforchildren.org\/es\/\"},{\"@type\":\"ListItem\",\"position\":2,\"name\":\"Violencia contra las Ni\u00f1as, Ni\u00f1os y Adolescentes\"}]},{\"@type\":\"WebSite\",\"@id\":\"https:\/\/defenceforchildren.org\/#website\",\"url\":\"https:\/\/defenceforchildren.org\/\",\"name\":\"Defence for Children\",\"description\":\"\",\"publisher\":{\"@id\":\"https:\/\/defenceforchildren.org\/#organization\"},\"potentialAction\":[{\"@type\":\"SearchAction\",\"target\":{\"@type\":\"EntryPoint\",\"urlTemplate\":\"https:\/\/defenceforchildren.org\/?s={search_term_string}\"},\"query-input\":{\"@type\":\"PropertyValueSpecification\",\"valueRequired\":true,\"valueName\":\"search_term_string\"}}],\"inLanguage\":\"es\"},{\"@type\":\"Organization\",\"@id\":\"https:\/\/defenceforchildren.org\/#organization\",\"name\":\"Defence for Children\",\"url\":\"https:\/\/defenceforchildren.org\/\",\"logo\":{\"@type\":\"ImageObject\",\"inLanguage\":\"es\",\"@id\":\"https:\/\/defenceforchildren.org\/#\/schema\/logo\/image\/\",\"url\":\"https:\/\/defenceforchildren.org\/wp-content\/uploads\/2020\/07\/cropped-INT.-SEC-EN-claim.jpg\",\"contentUrl\":\"https:\/\/defenceforchildren.org\/wp-content\/uploads\/2020\/07\/cropped-INT.-SEC-EN-claim.jpg\",\"width\":1431,\"height\":449,\"caption\":\"Defence for Children\"},\"image\":{\"@id\":\"https:\/\/defenceforchildren.org\/#\/schema\/logo\/image\/\"},\"sameAs\":[\"https:\/\/fr.wikipedia.org\/wiki\/Defence_for_Children_International\"]},{\"@type\":\"Person\",\"@id\":\"https:\/\/defenceforchildren.org\/#\/schema\/person\/a9d958a22f8f3d64290397d92c550663\",\"name\":\"ycoadmin\",\"image\":{\"@type\":\"ImageObject\",\"inLanguage\":\"es\",\"@id\":\"https:\/\/defenceforchildren.org\/#\/schema\/person\/image\/\",\"url\":\"https:\/\/secure.gravatar.com\/avatar\/b760e49550e45b6f3790a71b76ddba4f1fa44712626e8d6c4404e84ae57c9c3a?s=96&d=mm&r=g\",\"contentUrl\":\"https:\/\/secure.gravatar.com\/avatar\/b760e49550e45b6f3790a71b76ddba4f1fa44712626e8d6c4404e84ae57c9c3a?s=96&d=mm&r=g\",\"caption\":\"ycoadmin\"},\"url\":\"https:\/\/defenceforchildren.org\/es\/author\/ycoadmin\/\"}]}<\/script>\n<!-- \/ Yoast SEO plugin. -->","yoast_head_json":{"title":"Violencia contra las Ni\u00f1as, Ni\u00f1os y Adolescentes - Defence for Children","robots":{"index":"index","follow":"follow","max-snippet":"max-snippet:-1","max-image-preview":"max-image-preview:large","max-video-preview":"max-video-preview:-1"},"canonical":"https:\/\/defenceforchildren.org\/es\/violence-against-children-2\/","twitter_misc":{"Escrito por":"ycoadmin","Tiempo de lectura":"3 minutos"},"schema":{"@context":"https:\/\/schema.org","@graph":[{"@type":"Article","@id":"https:\/\/defenceforchildren.org\/es\/violence-against-children-2\/#article","isPartOf":{"@id":"https:\/\/defenceforchildren.org\/es\/violence-against-children-2\/"},"author":{"name":"ycoadmin","@id":"https:\/\/defenceforchildren.org\/#\/schema\/person\/a9d958a22f8f3d64290397d92c550663"},"headline":"Violencia contra las Ni\u00f1as, Ni\u00f1os y Adolescentes","datePublished":"2019-02-11T14:23:14+00:00","dateModified":"2024-07-30T10:24:00+00:00","mainEntityOfPage":{"@id":"https:\/\/defenceforchildren.org\/es\/violence-against-children-2\/"},"wordCount":548,"publisher":{"@id":"https:\/\/defenceforchildren.org\/#organization"},"image":{"@id":"https:\/\/defenceforchildren.org\/es\/violence-against-children-2\/#primaryimage"},"thumbnailUrl":"https:\/\/defenceforchildren.org\/wp-content\/uploads\/2023\/02\/photo16.jpg","articleSection":["Highlight @es","Prioridades tem\u00e1ticas"],"inLanguage":"es"},{"@type":"WebPage","@id":"https:\/\/defenceforchildren.org\/es\/violence-against-children-2\/","url":"https:\/\/defenceforchildren.org\/es\/violence-against-children-2\/","name":"Violencia contra las Ni\u00f1as, Ni\u00f1os y Adolescentes - Defence for Children","isPartOf":{"@id":"https:\/\/defenceforchildren.org\/#website"},"primaryImageOfPage":{"@id":"https:\/\/defenceforchildren.org\/es\/violence-against-children-2\/#primaryimage"},"image":{"@id":"https:\/\/defenceforchildren.org\/es\/violence-against-children-2\/#primaryimage"},"thumbnailUrl":"https:\/\/defenceforchildren.org\/wp-content\/uploads\/2023\/02\/photo16.jpg","datePublished":"2019-02-11T14:23:14+00:00","dateModified":"2024-07-30T10:24:00+00:00","breadcrumb":{"@id":"https:\/\/defenceforchildren.org\/es\/violence-against-children-2\/#breadcrumb"},"inLanguage":"es","potentialAction":[{"@type":"ReadAction","target":["https:\/\/defenceforchildren.org\/es\/violence-against-children-2\/"]}]},{"@type":"ImageObject","inLanguage":"es","@id":"https:\/\/defenceforchildren.org\/es\/violence-against-children-2\/#primaryimage","url":"https:\/\/defenceforchildren.org\/wp-content\/uploads\/2023\/02\/photo16.jpg","contentUrl":"https:\/\/defenceforchildren.org\/wp-content\/uploads\/2023\/02\/photo16.jpg","width":2560,"height":1702},{"@type":"BreadcrumbList","@id":"https:\/\/defenceforchildren.org\/es\/violence-against-children-2\/#breadcrumb","itemListElement":[{"@type":"ListItem","position":1,"name":"Inicio","item":"https:\/\/defenceforchildren.org\/es\/"},{"@type":"ListItem","position":2,"name":"Violencia contra las Ni\u00f1as, Ni\u00f1os y Adolescentes"}]},{"@type":"WebSite","@id":"https:\/\/defenceforchildren.org\/#website","url":"https:\/\/defenceforchildren.org\/","name":"Defence for Children","description":"","publisher":{"@id":"https:\/\/defenceforchildren.org\/#organization"},"potentialAction":[{"@type":"SearchAction","target":{"@type":"EntryPoint","urlTemplate":"https:\/\/defenceforchildren.org\/?s={search_term_string}"},"query-input":{"@type":"PropertyValueSpecification","valueRequired":true,"valueName":"search_term_string"}}],"inLanguage":"es"},{"@type":"Organization","@id":"https:\/\/defenceforchildren.org\/#organization","name":"Defence for Children","url":"https:\/\/defenceforchildren.org\/","logo":{"@type":"ImageObject","inLanguage":"es","@id":"https:\/\/defenceforchildren.org\/#\/schema\/logo\/image\/","url":"https:\/\/defenceforchildren.org\/wp-content\/uploads\/2020\/07\/cropped-INT.-SEC-EN-claim.jpg","contentUrl":"https:\/\/defenceforchildren.org\/wp-content\/uploads\/2020\/07\/cropped-INT.-SEC-EN-claim.jpg","width":1431,"height":449,"caption":"Defence for Children"},"image":{"@id":"https:\/\/defenceforchildren.org\/#\/schema\/logo\/image\/"},"sameAs":["https:\/\/fr.wikipedia.org\/wiki\/Defence_for_Children_International"]},{"@type":"Person","@id":"https:\/\/defenceforchildren.org\/#\/schema\/person\/a9d958a22f8f3d64290397d92c550663","name":"ycoadmin","image":{"@type":"ImageObject","inLanguage":"es","@id":"https:\/\/defenceforchildren.org\/#\/schema\/person\/image\/","url":"https:\/\/secure.gravatar.com\/avatar\/b760e49550e45b6f3790a71b76ddba4f1fa44712626e8d6c4404e84ae57c9c3a?s=96&d=mm&r=g","contentUrl":"https:\/\/secure.gravatar.com\/avatar\/b760e49550e45b6f3790a71b76ddba4f1fa44712626e8d6c4404e84ae57c9c3a?s=96&d=mm&r=g","caption":"ycoadmin"},"url":"https:\/\/defenceforchildren.org\/es\/author\/ycoadmin\/"}]}},"_links":{"self":[{"href":"https:\/\/defenceforchildren.org\/es\/wp-json\/wp\/v2\/posts\/12532","targetHints":{"allow":["GET"]}}],"collection":[{"href":"https:\/\/defenceforchildren.org\/es\/wp-json\/wp\/v2\/posts"}],"about":[{"href":"https:\/\/defenceforchildren.org\/es\/wp-json\/wp\/v2\/types\/post"}],"author":[{"embeddable":true,"href":"https:\/\/defenceforchildren.org\/es\/wp-json\/wp\/v2\/users\/1"}],"replies":[{"embeddable":true,"href":"https:\/\/defenceforchildren.org\/es\/wp-json\/wp\/v2\/comments?post=12532"}],"version-history":[{"count":0,"href":"https:\/\/defenceforchildren.org\/es\/wp-json\/wp\/v2\/posts\/12532\/revisions"}],"wp:featuredmedia":[{"embeddable":true,"href":"https:\/\/defenceforchildren.org\/es\/wp-json\/wp\/v2\/media\/22650"}],"wp:attachment":[{"href":"https:\/\/defenceforchildren.org\/es\/wp-json\/wp\/v2\/media?parent=12532"}],"wp:term":[{"taxonomy":"category","embeddable":true,"href":"https:\/\/defenceforchildren.org\/es\/wp-json\/wp\/v2\/categories?post=12532"},{"taxonomy":"post_tag","embeddable":true,"href":"https:\/\/defenceforchildren.org\/es\/wp-json\/wp\/v2\/tags?post=12532"}],"curies":[{"name":"wp","href":"https:\/\/api.w.org\/{rel}","templated":true}]}}